{"id":71821,"date":"2025-08-25T19:37:09","date_gmt":"2025-08-25T19:37:09","guid":{"rendered":"https:\/\/www.europesays.com\/es\/71821\/"},"modified":"2025-08-25T19:37:09","modified_gmt":"2025-08-25T19:37:09","slug":"el-primer-ministro-de-francia-pedira-un-voto-de-confianza-el-8-de-septiembre","status":"publish","type":"post","link":"https:\/\/www.europesays.com\/es\/71821\/","title":{"rendered":"El primer ministro de Francia pedir\u00e1 un voto de confianza el 8 de septiembre"},"content":{"rendered":"<p>    <img src=\"https:\/\/www.europesays.com\/es\/wp-content\/uploads\/2025\/08\/72f42ke-item01-ipad-89893099.jpg\" width=\"1024\" height=\"682\" alt=\"\" loading=\"eager\" decoding=\"sync\" fetchpriority=\"high\"\/><\/p>\n<p>            afp_tickers        <\/p>\n<p>        Este contenido fue publicado en    <\/p>\n<p>        25 agosto 2025 &#8211; 20:35\n<\/p>\n<p>El primer ministro de Francia, Fran\u00e7ois Bayrou, anunci\u00f3 este lunes que se someter\u00e1 a un voto de confianza en la Asamblea Nacional el 8 de septiembre, en una sesi\u00f3n extraordinaria que busca refrendar su plan de recortes para reducir el d\u00e9ficit.<\/p>\n<p>Francia debe \u00abhacer frente\u00bb al \u00abpeligro inmediato\u00bb del \u00absobreendeudamiento\u00bb, declar\u00f3 el jefe de gobierno durante una rueda de prensa sobre su plan de ahorro presupuestario.\u00a0<\/p>\n<p>\u00abEste dinero, tomado prestado por cientos de miles de millones, no se ha utilizado como deber\u00eda haberse usado para invertir\u00bb, sino \u00abpara gastos corrientes\u00bb, afirm\u00f3 Bayrou, al anunciar que solicitar\u00eda la confianza de los diputados el 8 de septiembre.<\/p>\n<p>En esa fecha, el l\u00edder asumir\u00e1 la \u00abresponsabilidad\u00bb de su gesti\u00f3n sobre la \u00abcuesti\u00f3n central\u00bb del \u00abcontrol de nuestras finanzas\u00bb.<\/p>\n<p>La votaci\u00f3n estar\u00e1 centrada en validar el programa de ajuste fiscal de casi 44.000 millones de euros (51.000 millones de d\u00f3lares) que defiende su gobierno, y despu\u00e9s ser\u00e1n debatidas \u00abcada una de las medidas de este plan de emergencia\u00bb.<\/p>\n<p>A su juicio, sin el \u00abacuerdo\u00bb de la C\u00e1mara baja, la acci\u00f3n es \u00abimposible\u00bb.<\/p>\n<p>\u2014 \u00abDerrocar al Gobierno\u00bb \u2014<\/p>\n<p>Tras el anuncio, tanto La Francia Insumisa (LFI, izquierda radical) como el Partido Comunista Franc\u00e9s (PCF) adelantaron que votar\u00e1n para \u00abderrocar al Gobierno\u00bb.\u00a0<\/p>\n<p>Los Ecologistas dijeron lo mismo y subrayaron que esa votaci\u00f3n de confianza es \u00abde hecho una renuncia\u00bb.\u00a0<\/p>\n<p>Por su parte, la Agrupaci\u00f3n Nacional (RN, extrema derecha) asegur\u00f3 que tampoco votar\u00e1 a favor de la confianza, y su presidente, Jordan Bardella, predijo \u00abel fin del Gobierno\u00bb, cuya suerte depende ahora de la posici\u00f3n oficial del Partido Socialista (PS).<\/p>\n<p>\u00abSeg\u00fan toda probabilidad, por unanimidad del grupo socialista votaremos en contra\u00bb, declar\u00f3 el lunes en Franceinfo el diputado socialista Philippe Brun.\u00a0<\/p>\n<p>Bayrou reiter\u00f3 en su conferencia de prensa, que su prioridad es luchar contra el \u00absobreendeudamiento\u00bb de Francia, en un contexto de m\u00faltiples llamados a bloquear el pa\u00eds desde el 10 de septiembre.<\/p>\n<p>\u00ab\u00bfHay o no urgencia nacional de reequilibrar nuestras cuentas p\u00fablicas y de escapar, porque aun es posible, a la maldici\u00f3n del sobreendeudamiento?\u00bb, pregunt\u00f3 Bayrou.<\/p>\n<p>Eso se logra \u00abescogiendo una trayectoria de retorno al control de la deuda en cuatro a\u00f1os de aqu\u00ed a 2029, gastando menos y produciendo m\u00e1s\u00bb, a\u00f1adi\u00f3 el primer ministro en tono solemne.<\/p>\n<p>Tras le experiencia de su antecesor Michel Barnier, primer ministro censurado al cabo de tres meses a fines de 2024, Fran\u00e7ois Bayrou \u00abno va a esperar a que lo censuren as\u00ed como as\u00ed\u00bb, dijo antes de la conferencia uno de sus allegados. Tratar\u00e1 \u00abde encontrar v\u00edas, caminos, de reafirmar algunas cosas\u00bb, agreg\u00f3.<\/p>\n<p>En la actual Asamblea Nacional, que surgi\u00f3 de la decisi\u00f3n del presidente Emmanuel Macron de disolver la anterior en junio de 2024, el campo presidencial y la derecha que forman una \u00abbase com\u00fan\u00bb de gobierno, no son mayoritarios.\u00a0<\/p>\n<p>fff\/hr\/swi\/an\/mmy\/eg\/mb<\/p>\n","protected":false},"excerpt":{"rendered":"afp_tickers Este contenido fue publicado en 25 agosto 2025 &#8211; 20:35 El primer ministro de Francia, Fran\u00e7ois Bayrou,&hellip;\n","protected":false},"author":2,"featured_media":71822,"comment_status":"","ping_status":"","sticky":false,"template":"","format":"standard","meta":{"footnotes":""},"categories":[42],"tags":[17,18,82,84,13,14,4437,11,61,62,63,64,19,20,9,10,15,16,28415,88,90,12,21,22,65,66,67],"class_list":{"0":"post-71821","1":"post","2":"type-post","3":"status-publish","4":"format-standard","5":"has-post-thumbnail","7":"category-internacional","8":"tag-breaking-news","9":"tag-breakingnews","10":"tag-business","11":"tag-economy-general","12":"tag-featured-news","13":"tag-featurednews","14":"tag-government","15":"tag-headlines","16":"tag-internacional","17":"tag-international","18":"tag-international-news","19":"tag-internationalnews","20":"tag-latest-news","21":"tag-latestnews","22":"tag-news","23":"tag-noticias","24":"tag-noticias-destacadas","25":"tag-noticiasdestacadas","26":"tag-parliament","27":"tag-politics","28":"tag-ticker","29":"tag-titulares","30":"tag-ultimas-noticias","31":"tag-ultimasnoticias","32":"tag-world","33":"tag-world-news","34":"tag-worldnews"},"share_on_mastodon":{"url":"","error":""},"_links":{"self":[{"href":"https:\/\/www.europesays.com\/es\/wp-json\/wp\/v2\/posts\/71821","targetHints":{"allow":["GET"]}}],"collection":[{"href":"https:\/\/www.europesays.com\/es\/wp-json\/wp\/v2\/posts"}],"about":[{"href":"https:\/\/www.europesays.com\/es\/wp-json\/wp\/v2\/types\/post"}],"author":[{"embeddable":true,"href":"https:\/\/www.europesays.com\/es\/wp-json\/wp\/v2\/users\/2"}],"replies":[{"embeddable":true,"href":"https:\/\/www.europesays.com\/es\/wp-json\/wp\/v2\/comments?post=71821"}],"version-history":[{"count":0,"href":"https:\/\/www.europesays.com\/es\/wp-json\/wp\/v2\/posts\/71821\/revisions"}],"wp:featuredmedia":[{"embeddable":true,"href":"https:\/\/www.europesays.com\/es\/wp-json\/wp\/v2\/media\/71822"}],"wp:attachment":[{"href":"https:\/\/www.europesays.com\/es\/wp-json\/wp\/v2\/media?parent=71821"}],"wp:term":[{"taxonomy":"category","embeddable":true,"href":"https:\/\/www.europesays.com\/es\/wp-json\/wp\/v2\/categories?post=71821"},{"taxonomy":"post_tag","embeddable":true,"href":"https:\/\/www.europesays.com\/es\/wp-json\/wp\/v2\/tags?post=71821"}],"curies":[{"name":"wp","href":"https:\/\/api.w.org\/{rel}","templated":true}]}}