{"id":718277,"date":"2026-08-18T16:52:21","date_gmt":"2026-08-18T16:52:21","guid":{"rendered":"https:\/\/www.europesays.com\/es\/718277\/"},"modified":"2026-08-18T16:52:21","modified_gmt":"2026-08-18T16:52:21","slug":"diego-uriarte-el-combativo-navarro-que-va-a-debutar-en-la-vuelta","status":"publish","type":"post","link":"https:\/\/www.europesays.com\/es\/718277\/","title":{"rendered":"Diego Uriarte, el combativo navarro que va a debutar en la Vuelta"},"content":{"rendered":"<p>\n        La <a href=\"https:\/\/www.lavuelta.es\/es\" title=\"Vuelta a Espa\u00f1a\" rel=\"nofollow noopener\" target=\"_blank\" class=\"link copy\"><strong>Vuelta a Espa\u00f1a<\/strong><\/a><strong>,<\/strong> que comienza este s\u00e1bado en M\u00f3naco, s\u00f3lo va a contar con dos navarros: <strong>Urko Berrade y Diego Uriarte<\/strong>, ambos del <a href=\"https:\/\/www.noticiasdenavarra.com\/tags\/kern-pharma\/\" title=\"Kern Pharma\" target=\"_blank\" class=\"link copy\" rel=\"nofollow noopener\">Kern Pharma<\/a>. Igor Arrieta (UAE) ya triunf\u00f3 en el Giro con un triunfo de etapa y \u00d3scar Rodr\u00edguez (Ineos) no ten\u00eda previsto disputar una vuelta grande tras su fractura de cadera del mes de enero. Ni Caja Rural ni Euskaltel-Euskadi disputan la Vuelta y de los navarros que tiene el equipo de Juanjo Oroz esos dos ser\u00e1n los representantes de la Comunidad Foral. <strong>Berrade <\/strong>vuelve tras su gran carrera de 2024, en la que logr\u00f3 un espl\u00e9ndido <strong>triunfo de etapa en Maeztu<\/strong>. Para <strong>Uriarte<\/strong>, en cambio, es su debut en una grande.\n<\/p>\n<p>            <a href=\"https:\/\/www.noticiasdenavarra.com\/ciclismo\/2026\/08\/18\/oroz-rinde-kern-pharma-esperemos-exista-magia-11447939.html\" title=\"Oroz no se rinde con el Kern Pharma: &quot;Esperemos que exista la magia&quot;\" class=\"new__media\" rel=\"nofollow noopener\" target=\"_blank\"><\/p>\n<p>                <img alt=\"Oroz no se rinde con el Kern Pharma: &quot;Esperemos que exista la magia&quot;\" data-src=\"https:\/\/www.europesays.com\/es\/wp-content\/uploads\/2026\/08\/b67a3123-7eca-46d7-b4a8-49bb65f396ee_16-9-aspect-ratio_default_0.jpg\" class=\"lozad\"\/><\/p>\n<p>        <\/a><\/p>\n<p>        <a href=\"https:\/\/www.noticiasdenavarra.com\/ciclismo\/2026\/08\/18\/oroz-rinde-kern-pharma-esperemos-exista-magia-11447939.html\" title=\"Oroz no se rinde con el Kern Pharma: &quot;Esperemos que exista la magia&quot;\" class=\"new__headline\" rel=\"nofollow noopener\" target=\"_blank\"><br \/>\n            Oroz no se rinde con el Kern Pharma: \u00abEsperemos que exista la magia\u00bb<br \/>\n        <\/a><\/p>\n<p class=\"article-body__text \">\n        El ciclista de Bara\u00f1\u00e1in, de 24 a\u00f1os y profesional con el Kern Pharma desde 2024 (tras formarse en el Club Ciclista Galibier), asegura que ya est\u00e1 <strong>\u201ccon muchas ganas\u201d<\/strong> de que llegue el s\u00e1bado, aunque se mantiene \u201ctranquilo\u201d. \u201cEs una experiencia nueva.<strong> Nunca he corrido 21 d\u00edas seguidos,<\/strong> es una nueva experiencia a la que voy a aprender y con la m\u00e1xima ilusi\u00f3n a seguir cumpliendo sue\u00f1os. Al final es una gran vuelta, no todos los d\u00edas tienes la oportunidad de correr una y hacerlo con este maillot lo hace todav\u00eda m\u00e1s bonito\u201d.\n<\/p>\n<p>  Siempre en fuga<\/p>\n<p class=\"article-body__text \">\n        Uriarte es el <strong>s\u00e9ptimo ciclista del pelot\u00f3n profesional con m\u00e1s kil\u00f3metros en fuga<\/strong>, m\u00e1s de 1.500, esta temporada, con lo que su presencia en las escapadas parece garantizada, aunque nunca es f\u00e1cil filtrase en ellas en las grandes vueltas. \u201cSeguro que lo voy a intentar. Al final es una manera de correr que me gusta mucho, creo que se ve reflejada en esos datos y seguro que intentar\u00e9 estar por delante tambi\u00e9n en la Vuelta. <strong>Quiero ser protagonista<\/strong> en estas tres semanas y luchar por las oportunidades que aparezcan. Son 21 etapas, 21 oportunidades para poder luchar\u201d, anuncia, asegurando que en el equipo son \u201ctodos muy combativos e intentaremos repartir los d\u00edas entre todos para dar la m\u00e1xima batalla posible\u201d.\n<\/p>\n<p class=\"article-body__text \">\n        El berinianense es ambicioso y no descarta sumar un <strong>segundo triunfo<\/strong> que a\u00f1adir a la etapa que gan\u00f3 en la <strong>Vuelta a Andaluc\u00eda de 2025. <\/strong>\u201cTampoco me esperaba en su d\u00eda ganar en Andaluc\u00eda, pero ahora ya s\u00e9 lo que es ganar. S\u00e9 que es posible y por qu\u00e9 no intentar hacerlo otra vez\u201d, explica, a\u00f1adiendo que no lleva especialmente bien el <strong>calor <\/strong>que se prev\u00e9 en una Vuelta que este a\u00f1o casi s\u00f3lo recorre el Mediterr\u00e1neo y el sur. \u201cEl calor me cuesta y nos va a tocar mucho, pero hemos estado trabajando en ello y d\u00eda a d\u00eda voy a aprendiendo e intentando hacerlo mejor\u201d.\n<\/p>\n<p class=\"article-body__text \">\n        Uriarte cree que llega bien preparado a la ronda espa\u00f1ola. \u201cEl trabajo empez\u00f3 ya en noviembre, en pleno invierno. Pero los \u00faltimos meses s\u00ed que hemos hecho una concentraci\u00f3n en altura. Estuvimos tres semanas en <strong>Sierra Nevada preparando ya un poco m\u00e1s a conciencia la carrera<\/strong> con la altitud y el calor que vamos a tener durante la Vuelta. Creo que llegamos todos muy bien preparados y esperemos que se vea reflejado\u201d.\n<\/p>\n<p class=\"article-body__text \">\n        Adem\u00e1s, es consciente de la trascendencia de esta prueba para el <strong>Kern Pharma<\/strong>. \u201cEs una vuelta importante para el equipo. Estamos en una situaci\u00f3n dif\u00edcil, pero el equipo conf\u00eda en el trabajo que est\u00e1n haciendo desde las oficinas y queremos hacerlo bien para ayudar a que todo esto siga adelante, porque es lo que se merece este equipo. Nosotros intentamos poner nuestro granito en resultados y lucharemos con todo\u201d.\n<\/p>\n<p>  List\u00f3n muy alto<\/p>\n<p class=\"article-body__text \">\n        Ser\u00e1 casi imposible repetir el \u00e9xito de <strong>2024, con tres victorias de etapa en la Vuelta<\/strong>, m\u00e1s emotivas si cabe al coincidir con el fallecimiento de Manolo Azcona. \u201cEl list\u00f3n se puso alto hace dos a\u00f1os, porque ganar tres etapas no es nada f\u00e1cil. Pero el objetivo es claro: estar otra vez en las disputas de etapa y por qu\u00e9 no otra vez levantar los brazos. Seguro que <strong>Pogacar <\/strong>gana unas cuantas etapas, pero tambi\u00e9n habr\u00e1 oportunidad para el resto\u201d.\n<\/p>\n<p>            <a href=\"https:\/\/www.noticiasdenavarra.com\/ciclismo\/2025\/03\/04\/diego-uriarte-victoria-andalucia-premio-9354607.html\" title=\"Diego Uriarte: \u201cLa victoria en Andaluc\u00eda fue el premio a mis a\u00f1os de trabajo, y me confirm\u00f3 que estoy haciendo las cosas bien\u201d\" class=\"new__media\" rel=\"nofollow noopener\" target=\"_blank\"><\/p>\n<p>                <img alt=\"Diego Uriarte: \u201cLa victoria en Andaluc\u00eda fue el premio a mis a\u00f1os de trabajo, y me confirm\u00f3 que estoy haciendo las cosas bien\u201d\" data-src=\"https:\/\/www.europesays.com\/es\/wp-content\/uploads\/2026\/08\/295efdb0-e05b-4ea9-84b5-c699dc54dd7d_16-9-aspect-ratio_default_0_x519y241.jpg\" class=\"lozad\"\/><\/p>\n<p>        <\/a><\/p>\n<p>        <a href=\"https:\/\/www.noticiasdenavarra.com\/ciclismo\/2025\/03\/04\/diego-uriarte-victoria-andalucia-premio-9354607.html\" title=\"Diego Uriarte: \u201cLa victoria en Andaluc\u00eda fue el premio a mis a\u00f1os de trabajo, y me confirm\u00f3 que estoy haciendo las cosas bien\u201d\" class=\"new__headline\" rel=\"nofollow noopener\" target=\"_blank\"><br \/>\n            Diego Uriarte: \u201cLa victoria en Andaluc\u00eda fue el premio a mis a\u00f1os de trabajo, y me confirm\u00f3 que estoy haciendo las cosas bien\u201d<br \/>\n        <\/a><\/p>\n<p class=\"article-body__text \">\n        Como casi todos sus compa\u00f1eros de equipo en la Vuelta, parece que Uriarte ya tiene su futuro garantizado, en su caso en el Movistar (que no tiene navarros en plantilla), aunque \u00e9l no quiere verbalizarlo y prefiere centrarse en darlo todo para que el <strong>Kern Pharma pueda encontrar un relevo que no lo condene a la desaparici\u00f3n<\/strong>. \u201cEs algo dif\u00edcil de entender, pero son cosas que pasan. Los resultados han acompa\u00f1ado y el nivel que se da tambi\u00e9n. Al final solo hay que mirar los ciclistas que han salido de este club desde hace much\u00edsimos a\u00f1os, desde Lizarte con el trabajo de Manolo Azcona\u201d.<\/p>\n","protected":false},"excerpt":{"rendered":"La Vuelta a Espa\u00f1a, que comienza este s\u00e1bado en M\u00f3naco, s\u00f3lo va a contar con dos navarros: Urko&hellip;\n","protected":false},"author":2,"featured_media":718278,"comment_status":"","ping_status":"","sticky":false,"template":"","format":"standard","meta":{"footnotes":""},"categories":[273],"tags":[313,312,9679,168,15477,25,24,3403,23,167,1356,1357],"class_list":["post-718277","post","type-post","status-publish","format-standard","has-post-thumbnail","category-ciclismo","tag-ciclismo","tag-cycling","tag-debutar","tag-deportes","tag-diego","tag-es","tag-espana","tag-navarro","tag-spain","tag-sports","tag-uriarte","tag-vuelta"],"share_on_mastodon":{"url":"https:\/\/pubeurope.com\/@es\/117117553347026721","error":""},"_links":{"self":[{"href":"https:\/\/www.europesays.com\/es\/wp-json\/wp\/v2\/posts\/718277","targetHints":{"allow":["GET"]}}],"collection":[{"href":"https:\/\/www.europesays.com\/es\/wp-json\/wp\/v2\/posts"}],"about":[{"href":"https:\/\/www.europesays.com\/es\/wp-json\/wp\/v2\/types\/post"}],"author":[{"embeddable":true,"href":"https:\/\/www.europesays.com\/es\/wp-json\/wp\/v2\/users\/2"}],"replies":[{"embeddable":true,"href":"https:\/\/www.europesays.com\/es\/wp-json\/wp\/v2\/comments?post=718277"}],"version-history":[{"count":0,"href":"https:\/\/www.europesays.com\/es\/wp-json\/wp\/v2\/posts\/718277\/revisions"}],"wp:featuredmedia":[{"embeddable":true,"href":"https:\/\/www.europesays.com\/es\/wp-json\/wp\/v2\/media\/718278"}],"wp:attachment":[{"href":"https:\/\/www.europesays.com\/es\/wp-json\/wp\/v2\/media?parent=718277"}],"wp:term":[{"taxonomy":"category","embeddable":true,"href":"https:\/\/www.europesays.com\/es\/wp-json\/wp\/v2\/categories?post=718277"},{"taxonomy":"post_tag","embeddable":true,"href":"https:\/\/www.europesays.com\/es\/wp-json\/wp\/v2\/tags?post=718277"}],"curies":[{"name":"wp","href":"https:\/\/api.w.org\/{rel}","templated":true}]}}