{"id":718333,"date":"2026-08-18T17:31:16","date_gmt":"2026-08-18T17:31:16","guid":{"rendered":"https:\/\/www.europesays.com\/es\/718333\/"},"modified":"2026-08-18T17:31:16","modified_gmt":"2026-08-18T17:31:16","slug":"experto-advierte-desde-el-new-york-times-cuba-se-queda-sin-tiempo","status":"publish","type":"post","link":"https:\/\/www.europesays.com\/es\/718333\/","title":{"rendered":"Experto advierte desde el New York Times: \u00abCuba se queda sin tiempo\u00bb"},"content":{"rendered":"<p>Un profesor de la Universidad de Miami public\u00f3 este lunes en el <a href=\"https:\/\/www.nytimes.com\/2026\/08\/17\/opinion\/cuba-trump-rubio-venezuela.html?smid=nytcore-ios-share\" rel=\"nofollow noopener\" target=\"_blank\">New York Times<\/a> un art\u00edculo de opini\u00f3n en el que advierte que Cuba se ha quedado sin tiempo y que e<strong>l pueblo cubano no puede seguir esperando<\/strong> mientras Washington y La Habana se enredan en un pulso sin fin.<\/p>\n<p>El texto, firmado por <strong>Michael J. Bustamante<\/strong>, especialista en estudios cubanos y cubanoamericanos, describe la situaci\u00f3n en la isla como una \u00ablenta asfixia\u00bb que ninguna improvisaci\u00f3n energ\u00e9tica ni la \u00abresistencia creativa\u00bb que predica <strong>Miguel D\u00edaz-Canel<\/strong> puede ya disimular.<\/p>\n<p>Bustamante retrata una Cuba donde la electricidad regresa apenas una o dos horas al d\u00eda, donde los alimentos y los medicamentos dependen de los env\u00edos de familiares en el exterior, y donde el calor del verano impide dormir a los ni\u00f1os.<\/p>\n<p>El escenario, agravado desde enero por el bloqueo petrolero de facto instaurado por la administraci\u00f3n Trump, ha llevado al pueblo cubano \u00abal l\u00edmite de lo que puede soportar\u00bb, seg\u00fan el acad\u00e9mico.<\/p>\n<p>El art\u00edculo llega en un momento en que <strong><a href=\"https:\/\/www.cibercuba.com\/noticias\/2026-06-20-u1-e207888-s27061-nid332862-cacerolazo-candela-protestas-suben-intensidad-cuba\" rel=\"nofollow noopener\" target=\"_blank\">la agitaci\u00f3n social en Cuba alcanza niveles r\u00e9cord<\/a><\/strong>: cacerolazos nocturnos, barricadas de basura en llamas y cortes de luz de hasta 24 horas son ya fen\u00f3menos casi cotidianos.<\/p>\n<p>El Observatorio Cubano de Conflictos registr\u00f3 107 protestas callejeras presenciales en junio, un r\u00e9cord mensual. Y una diapositiva mostrada por error durante una reuni\u00f3n gubernamental televisada revel\u00f3 que los propios funcionarios del r\u00e9gimen temen un \u00abestallido social\u00bb.<\/p>\n<p>Esa tensi\u00f3n acumulada se refleja tambi\u00e9n en la opini\u00f3n p\u00fablica. Una encuesta de El Toque publicada en mayo con m\u00e1s de 42,000 respuestas v\u00e1lidas mostr\u00f3 que <a href=\"https:\/\/www.cibercuba.com\/noticias\/2026-05-08-u1-e135253-s27061-nid328496-mayoria-cubanos-apoya-intervencion-militar-eeuu\" rel=\"nofollow noopener\" target=\"_blank\"><strong>el 60,9% de los participantes apoyaba una intervenci\u00f3n militar directa de EE.UU.\u00a0en Cuba<\/strong><\/a> y el 64,9% favorec\u00eda el derrocamiento del gobierno \u00abpor cualquier medio necesario, incluyendo la v\u00eda armada\u00bb.<\/p>\n<p>Bustamante reconstruye la secuencia diplom\u00e1tica de los \u00faltimos meses: durante la primavera, el secretario de Estado <strong>Marco Rubio<\/strong> y el director de la CIA <strong>John Ratcliffe<\/strong> mantuvieron contactos directos con el nieto de <strong>Ra\u00fal Castro<\/strong> y con miembros del aparato de seguridad cubano, explorando un acuerdo que permitiera a algunas autoridades comunistas mantenerse en el poder a cambio de liberalizaci\u00f3n econ\u00f3mica, liberaci\u00f3n de presos pol\u00edticos y ruptura de lazos con adversarios de Washington.<\/p>\n<p>Desde mayo, esa v\u00eda se cerr\u00f3: el r\u00e9gimen rechaz\u00f3 las exigencias de cambio de liderazgo y Estados Unidos respondi\u00f3 con sanciones secundarias que forzaron la salida de numerosas empresas extranjeras de la isla.<\/p>\n<p>Ni el paquete de liberalizaci\u00f3n econ\u00f3mica anunciado en junio ni la <strong><a href=\"https:\/\/www.cibercuba.com\/noticias\/2026-07-19-u1-e199370-s27061-nid335528-luis-manuel-otero-alcantara-fui-expulsado-cuba-eso\" rel=\"nofollow noopener\" target=\"_blank\">liberaci\u00f3n del artista <strong>Luis Manuel Otero Alc\u00e1ntara<\/strong><\/a><\/strong> \u2014quien declar\u00f3 haber sido \u00abexpulsado de Cuba\u00bb al llegar a Miami\u2014 lograron que la administraci\u00f3n Trump cediera en sus demandas.<\/p>\n<p>El autor analiza los escenarios que distintos actores barajan: un colapso al estilo de Europa del Este en 1989, una transici\u00f3n negociada o una acci\u00f3n militar que derive en un protectorado estadounidense similar al que sigui\u00f3 a la captura de Maduro en Venezuela.<\/p>\n<p>La activista <strong>Rosa Mar\u00eda Pay\u00e1<\/strong> ha descrito al gobierno cubano como el \u00ab<a href=\"https:\/\/www.cibercuba.com\/noticias\/2026-03-06-u2-e2-s27061-nid322363-rosa-maria-paya-muro-berlin-nuestros-tiempos-tambien\" rel=\"nofollow noopener\" target=\"_blank\"><strong>Muro de Berl\u00edn de nuestros tiempos<\/strong><\/a>\u00bb. Sin embargo, Bustamante advierte que la inestabilidad creciente no garantiza el derrumbe del r\u00e9gimen: el aparato represivo permanece intacto, la oposici\u00f3n est\u00e1 debilitada y hasta dos millones de cubanos han abandonado la isla desde 2020, sustituyendo la movilizaci\u00f3n pol\u00edtica por la emigraci\u00f3n.<\/p>\n<p>El r\u00e9gimen, por su parte, <strong><a href=\"https:\/\/www.cibercuba.com\/noticias\/2026-05-20-u1-e208933-s27061-nid329819-justicia-eeuu-presenta-cargos-penales-contra-raul\" rel=\"nofollow noopener\" target=\"_blank\">ha sido acusado penalmente en Estados Unidos<\/a><\/strong> \u2014Ra\u00fal Castro enfrenta cargos por el derribo de avionetas de Hermanos al Rescate en 1996\u2014 y muestra escasa disposici\u00f3n a ceder. Para Bustamante, aceptar las condiciones de Washington equivaldr\u00eda a \u00abnegociar el propio fin del r\u00e9gimen\u00bb.<\/p>\n<p>\u00ab<strong>Los gobiernos pueden permitirse seguir jugando al tira y afloja. Los cubanos ordinarios no pueden<\/strong>\u00bb, concluye el acad\u00e9mico, subrayando que el pueblo de la isla no puede posponer indefinidamente sus comidas, sus tratamientos m\u00e9dicos ni las decisiones m\u00e1s importantes de sus vidas.<\/p>\n<p class=\"text-reportar\"> \u00bfTienes algo que reportar? <br \/>Escribe a CiberCuba:<\/p>\n<p><strong>  <a href=\"https:\/\/www.cibercuba.com\/noticias\/mailto:editores@cibercuba.com?subject=Contacto%20desde%20la%20web%20de%20CiberCuba%20Node:%20338095\" rel=\"nofollow noreferrer noopener\" target=\"_blank\">editores@cibercuba.com<\/a><\/strong><\/p>\n<p><strong> <a href=\"https:\/\/api.whatsapp.com\/send?phone=17863965689\" rel=\"nofollow noreferrer noopener\" target=\"_blank\">+1 786 3965 689<\/a><\/strong><\/p>\n<p>Este art\u00edculo ha sido generado o editado con la ayuda de inteligencia artificial. Ha sido revisado por un editor antes de su publicaci\u00f3n.<\/p>\n","protected":false},"excerpt":{"rendered":"Un profesor de la Universidad de Miami public\u00f3 este lunes en el New York Times un art\u00edculo de&hellip;\n","protected":false},"author":2,"featured_media":718334,"comment_status":"","ping_status":"","sticky":false,"template":"","format":"standard","meta":{"footnotes":""},"categories":[42],"tags":[80153,5341,17,18,4361,56661,62390,13,14,80155,78,11,61,62,63,64,19,20,9,10,4360,15,16,88303,13805,82603,86583,6540,12,21,22,65,66,67],"class_list":["post-718333","post","type-post","status-publish","format-standard","has-post-thumbnail","category-internacional","tag-administracion-trump","tag-ayuda-humanitaria","tag-breaking-news","tag-breakingnews","tag-crisis-economica-en-cuba","tag-crisis-energetica","tag-escasez-en-cuba","tag-featured-news","tag-featurednews","tag-fuerzas-armadas-de-ee-uu","tag-hambre","tag-headlines","tag-internacional","tag-international","tag-international-news","tag-internationalnews","tag-latest-news","tag-latestnews","tag-news","tag-noticias","tag-noticias-de-cuba","tag-noticias-destacadas","tag-noticiasdestacadas","tag-pueblo-cubano","tag-relaciones-bilaterales","tag-relaciones-cuba-estados-unidos","tag-relaciones-diplomaticas","tag-sanciones","tag-titulares","tag-ultimas-noticias","tag-ultimasnoticias","tag-world","tag-world-news","tag-worldnews"],"share_on_mastodon":{"url":"","error":"Validation failed: Text character limit of 500 exceeded"},"_links":{"self":[{"href":"https:\/\/www.europesays.com\/es\/wp-json\/wp\/v2\/posts\/718333","targetHints":{"allow":["GET"]}}],"collection":[{"href":"https:\/\/www.europesays.com\/es\/wp-json\/wp\/v2\/posts"}],"about":[{"href":"https:\/\/www.europesays.com\/es\/wp-json\/wp\/v2\/types\/post"}],"author":[{"embeddable":true,"href":"https:\/\/www.europesays.com\/es\/wp-json\/wp\/v2\/users\/2"}],"replies":[{"embeddable":true,"href":"https:\/\/www.europesays.com\/es\/wp-json\/wp\/v2\/comments?post=718333"}],"version-history":[{"count":0,"href":"https:\/\/www.europesays.com\/es\/wp-json\/wp\/v2\/posts\/718333\/revisions"}],"wp:featuredmedia":[{"embeddable":true,"href":"https:\/\/www.europesays.com\/es\/wp-json\/wp\/v2\/media\/718334"}],"wp:attachment":[{"href":"https:\/\/www.europesays.com\/es\/wp-json\/wp\/v2\/media?parent=718333"}],"wp:term":[{"taxonomy":"category","embeddable":true,"href":"https:\/\/www.europesays.com\/es\/wp-json\/wp\/v2\/categories?post=718333"},{"taxonomy":"post_tag","embeddable":true,"href":"https:\/\/www.europesays.com\/es\/wp-json\/wp\/v2\/tags?post=718333"}],"curies":[{"name":"wp","href":"https:\/\/api.w.org\/{rel}","templated":true}]}}