{"id":718633,"date":"2026-08-18T21:10:13","date_gmt":"2026-08-18T21:10:13","guid":{"rendered":"https:\/\/www.europesays.com\/es\/718633\/"},"modified":"2026-08-18T21:10:13","modified_gmt":"2026-08-18T21:10:13","slug":"el-real-zaragoza-se-lanza-a-por-joaquin-delgado-para-la-delantera","status":"publish","type":"post","link":"https:\/\/www.europesays.com\/es\/718633\/","title":{"rendered":"El Real Zaragoza se lanza a por Joaqu\u00edn Delgado para la delantera"},"content":{"rendered":"<p class=\"ft-text ft-helper-closenews\"><strong>El Real Zaragoza se ha lanzado en las \u00faltimas horas a por Joaqu\u00edn Delgado, delantero del Real Oviedo, para completar la punta del ataque del conjunto aragon\u00e9s<\/strong>. Lalo Arantegui ha agilizado por el ariete andaluz y la operaci\u00f3n, que vive horas decisivas, estar\u00eda encarrilada, pendiente de los \u00faltimos flecos. <\/p>\n<p class=\"ft-text\"><strong>El club aragon\u00e9s quiere que llegue en propiedad y la f\u00f3rmula apunta a ser un traspaso a coste cero con un porcentaje del pase guardado por el Real Oviedo<\/strong>, con el que tiene contrato hasta el 2028. El conjunto asturiano era m\u00e1s partidario de un pr\u00e9stamo con opci\u00f3n de compra en un principio, mientras que el jugador prefiere una rescisi\u00f3n o un traspaso tambi\u00e9n.<\/p>\n<p class=\"ft-text\">Lalo Arantegui se ha lanzado finalmente por Joaqu\u00edn Delgado, que pese a tener opciones en el extranjero, como por ejemplo en Portugal, <strong>ve con muy buenos ojos recalar en el Real Zaragoza<\/strong>, otro de los motivos por lo que la operaci\u00f3n ha vivido un empuje decisivo en las \u00faltimas horas. De hecho, <strong>la intenci\u00f3n del delantero era la de dar el salto al f\u00fatbol profesional ya este mismo verano, pero siempre se mostr\u00f3 abierto a un club como el Real Zaragoza<\/strong>, claro aspirante al ascenso de categor\u00eda, lo que tambi\u00e9n le abrir\u00eda las puertas del f\u00fatbol profesional en caso de final feliz.<\/p>\n<p class=\"ft-text\"><a class=\"ft-link ft-link--decoration\" href=\"https:\/\/www.elperiodicodearagon.com\/real-zaragoza\/2026\/08\/17\/jesus-miguel-objetivo-real-zaragoza-133427698.html\" target=\"_blank\" rel=\"nofollow noopener\">El Real Zaragoza descarta por tanto a Jes\u00fas de Miguel,<\/a> que durante gran parte del verano ha sido el elegido para la delantera, con Joaqu\u00edn como opci\u00f3n que siempre ha estado latente. El Tenerife ped\u00eda 200.000 euros por su pase y el Zaragoza encaraba algo rezagado con respecto al Huesca, Mirand\u00e9s e Ibiza la carrera por sus servicios, otro de los aspectos que ha sido clave para decidirse por el ariete de Utrera. <strong>Adem\u00e1s, el madrile\u00f1o quer\u00eda apurar sus opciones en Segunda Divisi\u00f3n.<\/strong><\/p>\n<p class=\"ft-text\">El andaluz, un punta alto (1.87) pero con una buena zancada y con m\u00e1s movilidad de Edu Espiau, es una cl\u00e1sica apuesta de Lalo Arantegui por un delantero joven, con proyecci\u00f3n y con una eficacia demostrada a nivel goleador. El pasado curso empez\u00f3 en el Real Oviedo Vetusta, en Segunda RFEF, donde anot\u00f3 <strong>14 goles en 17 partidos de Liga, lo que le abri\u00f3 las puertas del Bar\u00e7a Atl\u00e8tic, donde consigui\u00f3 seis dianas m\u00e1s desde el mes de enero.<\/strong> El a\u00f1o anterior, en Tercera RFEF, sum\u00f3 23 dianas. El conjunto azulgrana ten\u00eda una opci\u00f3n de compra voluntaria de 4 millones de euros que no ejecut\u00f3 este pasado verano.<\/p>\n<p class=\"ft-text\">Juli\u00e1n Calero, nuevo t\u00e9cnico carbay\u00f3n, dudaba en si mantener a Joaqu\u00edn o a V\u00edctor Mingo, que tambi\u00e9n estuvo en el radar del conjunto aragon\u00e9s antes de la desaparici\u00f3n del Arenteiro, su anterior club. <strong>Finalmente, se queda Mingo y con Chris Ramos, Isfan y Carlos Fern\u00e1ndez no tiene sitio. <\/strong><\/p>\n<p data-close=\"closedContent\" class=\"subscribeHideForDisplay\">Suscr\u00edbete para seguir leyendo<\/p>\n","protected":false},"excerpt":{"rendered":"El Real Zaragoza se ha lanzado en las \u00faltimas horas a por Joaqu\u00edn Delgado, delantero del Real Oviedo,&hellip;\n","protected":false},"author":2,"featured_media":718634,"comment_status":"","ping_status":"","sticky":false,"template":"","format":"standard","meta":{"footnotes":""},"categories":[268],"tags":[8310,12919,168,25,24,280,282,8488,2629,798,799,281,23,167,491],"class_list":["post-718633","post","type-post","status-publish","format-standard","has-post-thumbnail","category-futbol","tag-conjunto","tag-delgado","tag-deportes","tag-es","tag-espana","tag-football","tag-futbol","tag-joaquin","tag-lanza","tag-real","tag-real-zaragoza","tag-soccer","tag-spain","tag-sports","tag-zaragoza"],"share_on_mastodon":{"url":"https:\/\/pubeurope.com\/@es\/117118568061970422","error":""},"_links":{"self":[{"href":"https:\/\/www.europesays.com\/es\/wp-json\/wp\/v2\/posts\/718633","targetHints":{"allow":["GET"]}}],"collection":[{"href":"https:\/\/www.europesays.com\/es\/wp-json\/wp\/v2\/posts"}],"about":[{"href":"https:\/\/www.europesays.com\/es\/wp-json\/wp\/v2\/types\/post"}],"author":[{"embeddable":true,"href":"https:\/\/www.europesays.com\/es\/wp-json\/wp\/v2\/users\/2"}],"replies":[{"embeddable":true,"href":"https:\/\/www.europesays.com\/es\/wp-json\/wp\/v2\/comments?post=718633"}],"version-history":[{"count":0,"href":"https:\/\/www.europesays.com\/es\/wp-json\/wp\/v2\/posts\/718633\/revisions"}],"wp:featuredmedia":[{"embeddable":true,"href":"https:\/\/www.europesays.com\/es\/wp-json\/wp\/v2\/media\/718634"}],"wp:attachment":[{"href":"https:\/\/www.europesays.com\/es\/wp-json\/wp\/v2\/media?parent=718633"}],"wp:term":[{"taxonomy":"category","embeddable":true,"href":"https:\/\/www.europesays.com\/es\/wp-json\/wp\/v2\/categories?post=718633"},{"taxonomy":"post_tag","embeddable":true,"href":"https:\/\/www.europesays.com\/es\/wp-json\/wp\/v2\/tags?post=718633"}],"curies":[{"name":"wp","href":"https:\/\/api.w.org\/{rel}","templated":true}]}}