{"id":718733,"date":"2026-08-18T22:20:17","date_gmt":"2026-08-18T22:20:17","guid":{"rendered":"https:\/\/www.europesays.com\/es\/718733\/"},"modified":"2026-08-18T22:20:17","modified_gmt":"2026-08-18T22:20:17","slug":"el-real-madrid-de-pedro-martinez-se-pone-en-marcha","status":"publish","type":"post","link":"https:\/\/www.europesays.com\/es\/718733\/","title":{"rendered":"El Real Madrid de Pedro Mart\u00ednez se pone en marcha"},"content":{"rendered":"<p class=\"ft-text\">Son pocos los equipos de la Liga Endesa que todav\u00eda no han empezado la pretemporada, <a class=\"ft-link ft-link--decoration\" href=\"https:\/\/www.sport.es\/es\/noticias\/barca\/baloncesto\/dario-brizuela-agustin-ubal-avanzan-133432348\" rel=\"nofollow noopener\" target=\"_blank\">entre ellos el Bar\u00e7a y el Baskonia<\/a>. La mayor\u00eda ya han tomado el primer contacto y, tras superar los pertinentes reconocimientos m\u00e9dicos, ya han empezado a sentar las bases en pista de su idea de juego. Algunos tienen mucho trabajo por delante, como <strong>el Real Madrid, que al mando de Pedro Mart\u00ednez<\/strong> est\u00e1 obligado a volver a la senda de los t\u00edtulos.<\/p>\n<p class=\"ft-text\">Tras una <strong>decepci\u00f3n may\u00fascula con Sergio Scariolo<\/strong> en el banquillo y realizar una apuesta muy importante que termin\u00f3 con el a\u00f1o en blanco, la directiva madridista, con <strong>Juan Carlos S\u00e1nchez<\/strong> de nuevo a los mandos sustituyendo a Sergio Rodr\u00edguez, decidi\u00f3 dar un volantazo y volver a empezar.<\/p>\n<p>Una apuesta segura<\/p>\n<p class=\"ft-text\">S\u00e1nchez decidi\u00f3 apostar por <strong>otro de los entrenadores m\u00e1s respetados<\/strong> del baloncesto europeo y un hombre que sabe de primera mano lo que es ganar t\u00edtulos en Espa\u00f1a a nivel de clubes. Adem\u00e1s, sin grandes presupuestos como el del Real Madrid.<\/p>\n<p><img decoding=\"async\" src=\"https:\/\/www.europesays.com\/es\/wp-content\/uploads\/2026\/08\/7c6b38a1-7260-457b-a91a-6b55cbd70303_alta-libre-aspect-ratio_default_0_x450y168.jpg\" width=\"1200\" height=\"675\" alt=\"Jean Montero arranca una sonrisa hasta a Pedro Mart\u00ednez\" class=\"ft-helper-img-rd\" loading=\"lazy\" fetchpriority=\"auto\"\/><\/p>\n<p class=\"ft-helper-fontColor-quaternary ft-helper-fontSize-body-S ft-helper-spacer-t-xxs\">Pedro Mart\u00ednez sac\u00f3 lo mejor de Jean Montero  \/ EFE<\/p>\n<p class=\"ft-text\"><a class=\"ft-link ft-link--decoration\" href=\"https:\/\/www.sport.es\/es\/noticias\/barca\/baloncesto\/montero-taylor-inundan-palau-taronja-131745685\" rel=\"nofollow noopener\" target=\"_blank\">Pedro Mart\u00ednez gan\u00f3 la Liga Endesa y disput\u00f3 la Final Four de la Euroliga con el Valencia Basket<\/a>, gan\u00e1ndose el respeto de los aficionados gracias a su entretenido baloncesto, el\u00e9ctrico pero ordenado. Todo ello logrando sacar el m\u00e1ximo rendimiento a jugadores que ten\u00edan mucho baloncesto por sacar: <strong>Jean Montero, Brancou Badio, Jaime Pradilla, Braxton Key, Sergio de Larrea, etc<\/strong>.<\/p>\n<p>Pretemporada larga<\/p>\n<p class=\"ft-text\">El tropieza de la pasada campa\u00f1a tuvo importantes consecuencias, como la destituci\u00f3n de Scariolo, pero tambi\u00e9n a nivel de competiciones. <a class=\"ft-link ft-link--decoration\" href=\"https:\/\/www.sport.es\/es\/noticias\/baloncesto\/doble-reto-supercopa-barca-sekulic-133210904\" rel=\"nofollow noopener\" target=\"_blank\">Tras 16 a\u00f1os participando en la Supercopa de forma ininterrumpida<\/a>, <strong>el Real Madrid no ser\u00e1 de la partida en esta ocasi\u00f3n<\/strong>.<\/p>\n<p class=\"ft-text\">Aunque al jugador y al aficionado le gustar\u00eda disputar el primer t\u00edtulo de la temporada, esto tambi\u00e9n tiene su parte positiva. Pedro Mart\u00ednez y su staff disponen de <strong>36 d\u00edas para asentar el juego<\/strong> que quiere ofrecer el conjunto blanco durante los pr\u00f3ximos nueve meses. El primer encuentro oficial ser\u00e1 <strong>el 24 de septiembre<\/strong>, en partido de Euroliga <a class=\"ft-link ft-link--decoration\" href=\"https:\/\/www.sport.es\/es\/noticias\/barca\/baloncesto\/oficial-xavi-pascual-abona-clausula-132363786\" rel=\"nofollow noopener\" target=\"_blank\">en la pista del Dubai de Xavi Pascual<\/a>.<\/p>\n<p class=\"ft-text\">En el primer d\u00eda de trabajo en la Ciudad Deportiva de Valdebebas, el t\u00e9cnico catal\u00e1n ya pudo tener a su disposici\u00f3n a los <strong>Facu Campazzo, Sergi Llull, Gabriel Deck y Walter Tavares<\/strong>, as\u00ed como a las caras nuevas: <strong>Max Shulga, Timoth\u00e9 Luwawu-Cabarrot, Eli John Ndiaye, Jaime Pradilla, Mikael Jantunen y Olivier Sarr<\/strong>.<\/p>\n<p class=\"ft-text\">Por delante, muchas sesiones de entrenamiento, de v\u00eddeo y <strong>tres partidos<\/strong> en los que ponerse a prueba. El primero, el 5 de septiembre ante <strong>el Baskonia<\/strong>, en el I Memorial Urbano Gonz\u00e1lez Escapa; completar\u00e1 la preparaci\u00f3n en el XV Torneo Costa del Sol, donde se enfrentar\u00e1 a <strong>La Laguna Tenerife<\/strong> (11 de septiembre) y al <strong>Unicaja<\/strong> (12 de septiembre).  <\/p>\n","protected":false},"excerpt":{"rendered":"Son pocos los equipos de la Liga Endesa que todav\u00eda no han empezado la pretemporada, entre ellos el&hellip;\n","protected":false},"author":2,"featured_media":718734,"comment_status":"","ping_status":"","sticky":false,"template":"","format":"standard","meta":{"footnotes":""},"categories":[269],"tags":[299,298,168,25,24,833,205,825,1822,12326,1150,798,1692,3049,23,167,2916,53568],"class_list":["post-718733","post","type-post","status-publish","format-standard","has-post-thumbnail","category-baloncesto","tag-baloncesto","tag-basketball","tag-deportes","tag-es","tag-espana","tag-euroliga","tag-madrid","tag-martinez","tag-pedro","tag-pedro-martinez","tag-pone","tag-real","tag-sergio-llull","tag-sergio-scariolo","tag-spain","tag-sports","tag-valencia-basket","tag-walter-tavares"],"share_on_mastodon":{"url":"","error":""},"_links":{"self":[{"href":"https:\/\/www.europesays.com\/es\/wp-json\/wp\/v2\/posts\/718733","targetHints":{"allow":["GET"]}}],"collection":[{"href":"https:\/\/www.europesays.com\/es\/wp-json\/wp\/v2\/posts"}],"about":[{"href":"https:\/\/www.europesays.com\/es\/wp-json\/wp\/v2\/types\/post"}],"author":[{"embeddable":true,"href":"https:\/\/www.europesays.com\/es\/wp-json\/wp\/v2\/users\/2"}],"replies":[{"embeddable":true,"href":"https:\/\/www.europesays.com\/es\/wp-json\/wp\/v2\/comments?post=718733"}],"version-history":[{"count":0,"href":"https:\/\/www.europesays.com\/es\/wp-json\/wp\/v2\/posts\/718733\/revisions"}],"wp:featuredmedia":[{"embeddable":true,"href":"https:\/\/www.europesays.com\/es\/wp-json\/wp\/v2\/media\/718734"}],"wp:attachment":[{"href":"https:\/\/www.europesays.com\/es\/wp-json\/wp\/v2\/media?parent=718733"}],"wp:term":[{"taxonomy":"category","embeddable":true,"href":"https:\/\/www.europesays.com\/es\/wp-json\/wp\/v2\/categories?post=718733"},{"taxonomy":"post_tag","embeddable":true,"href":"https:\/\/www.europesays.com\/es\/wp-json\/wp\/v2\/tags?post=718733"}],"curies":[{"name":"wp","href":"https:\/\/api.w.org\/{rel}","templated":true}]}}