{"id":718783,"date":"2026-08-18T22:58:17","date_gmt":"2026-08-18T22:58:17","guid":{"rendered":"https:\/\/www.europesays.com\/es\/718783\/"},"modified":"2026-08-18T22:58:17","modified_gmt":"2026-08-18T22:58:17","slug":"un-incendio-en-las-hurdes-caceres-obliga-a-movilizar-a-la-ume-y-evacuar-a-700-vecinos-espana","status":"publish","type":"post","link":"https:\/\/www.europesays.com\/es\/718783\/","title":{"rendered":"Un incendio en Las Hurdes (C\u00e1ceres) obliga a movilizar a la UME y evacuar a 700 vecinos | Espa\u00f1a"},"content":{"rendered":"<p class=\"\">El incendio forestal en el t\u00e9rmino municipal de Pinofranqueado, en la comarca de Las Hurdes (C\u00e1ceres), ha obligado ya a evacuar a unas 700 personas de distintas alquer\u00edas y en breve ser\u00e1n evacuados los usuarios de un centro de atenci\u00f3n a personas con discapacidad situado en La Fragosa, en el t\u00e9rmino municipal de Nu\u00f1omoral.<\/p>\n<p class=\"\">Son nueve las alquer\u00edas evacuadas, cuatro pertenecientes al t\u00e9rmino municipal de Pinofranqueado (El Gasco, Cerezal, Martinlandr\u00e1n y La Fragosa) y cinco al de Nu\u00f1omoral (Avellanar, Horcajo, Er\u00edas, Castillo y Robledo). Estas personas han sido alojadas en la Residencia de Estudiantes del municipio de Caminomorisco, a unos 4,5 kil\u00f3metros de Pinofranqueado, aunque tambi\u00e9n se podr\u00eda habilitar el Centro de Documentaci\u00f3n de esta \u00faltima localidad.<\/p>\n<p class=\"\">Fuentes de la Junta de Extremadura tambi\u00e9n han informado de que en breve se evacuar\u00e1 a los usuarios del Centro \u2018El Cottolengo\u2019, situado en La Fragosa, donde son atendidas personas con discapacidad por parte de una instituci\u00f3n religiosa. <\/p>\n<p class=\"\">Adem\u00e1s, el <a href=\"https:\/\/elpais.com\/clima-y-medio-ambiente\/2026-08-16\/los-agujeros-de-la-gran-maquinaria-para-apagar-incendios-en-espana-tenemos-problemas-hasta-para-comer.html\" target=\"_self\" rel=\"nofollow noopener\" title=\"https:\/\/elpais.com\/clima-y-medio-ambiente\/2026-08-16\/los-agujeros-de-la-gran-maquinaria-para-apagar-incendios-en-espana-tenemos-problemas-hasta-para-comer.html\">incendio ha obligado a movilizar a la UME<\/a>, tal como ha informado la propia unidad a trav\u00e9s de sus redes: \u201cUnidades del Primer Batall\u00f3n de Intervenci\u00f3n en Emergencias han salido de su base en Torrej\u00f3n de Ardoz para sumarse a las misiones de extinci\u00f3n del incendio forestal de Pinofranqueado\u201d. <\/p>\n<p class=\"\">La Junta de Extremadura ha elevado la situaci\u00f3n operativa del Plan Especial de Protecci\u00f3n Civil ante Incendios Forestales de la Comunidad Aut\u00f3noma de Extremadura (Infocaex), que pasa del nivel 1 al 2, han informado fuentes del Gobierno regional. En este caso, se activa por la posible afecci\u00f3n a la alquer\u00eda de Avellanar, desde donde los vecinos se han trasladado a la pedan\u00eda de Castillo por sus propios medios.<\/p>\n<p class=\"\">En este momento, el incendio moviliza a doce helic\u00f3pteros y cinco aviones, as\u00ed como cuatro unidades de maquinaria pesada y un total de 123 efectivos terrestres, entre bomberos forestales y helitransportados, bomberos de la Diputaci\u00f3n de C\u00e1ceres y efectivos de la Guardia Civil. <\/p>\n","protected":false},"excerpt":{"rendered":"El incendio forestal en el t\u00e9rmino municipal de Pinofranqueado, en la comarca de Las Hurdes (C\u00e1ceres), ha obligado&hellip;\n","protected":false},"author":2,"featured_media":718784,"comment_status":"","ping_status":"","sticky":false,"template":"","format":"standard","meta":{"footnotes":""},"categories":[8],"tags":[17,18,3975,25,24,7234,13,14,11,4342,8877,19,20,9,10,15,16,23,12,21,22],"class_list":["post-718783","post","type-post","status-publish","format-standard","has-post-thumbnail","category-espana","tag-breaking-news","tag-breakingnews","tag-caceres","tag-es","tag-espana","tag-extremadura","tag-featured-news","tag-featurednews","tag-headlines","tag-incendios","tag-incendios-forestales","tag-latest-news","tag-latestnews","tag-news","tag-noticias","tag-noticias-destacadas","tag-noticiasdestacadas","tag-spain","tag-titulares","tag-ultimas-noticias","tag-ultimasnoticias"],"share_on_mastodon":{"url":"https:\/\/pubeurope.com\/@es\/117118992818455396","error":""},"_links":{"self":[{"href":"https:\/\/www.europesays.com\/es\/wp-json\/wp\/v2\/posts\/718783","targetHints":{"allow":["GET"]}}],"collection":[{"href":"https:\/\/www.europesays.com\/es\/wp-json\/wp\/v2\/posts"}],"about":[{"href":"https:\/\/www.europesays.com\/es\/wp-json\/wp\/v2\/types\/post"}],"author":[{"embeddable":true,"href":"https:\/\/www.europesays.com\/es\/wp-json\/wp\/v2\/users\/2"}],"replies":[{"embeddable":true,"href":"https:\/\/www.europesays.com\/es\/wp-json\/wp\/v2\/comments?post=718783"}],"version-history":[{"count":0,"href":"https:\/\/www.europesays.com\/es\/wp-json\/wp\/v2\/posts\/718783\/revisions"}],"wp:featuredmedia":[{"embeddable":true,"href":"https:\/\/www.europesays.com\/es\/wp-json\/wp\/v2\/media\/718784"}],"wp:attachment":[{"href":"https:\/\/www.europesays.com\/es\/wp-json\/wp\/v2\/media?parent=718783"}],"wp:term":[{"taxonomy":"category","embeddable":true,"href":"https:\/\/www.europesays.com\/es\/wp-json\/wp\/v2\/categories?post=718783"},{"taxonomy":"post_tag","embeddable":true,"href":"https:\/\/www.europesays.com\/es\/wp-json\/wp\/v2\/tags?post=718783"}],"curies":[{"name":"wp","href":"https:\/\/api.w.org\/{rel}","templated":true}]}}