{"id":718837,"date":"2026-08-18T23:47:11","date_gmt":"2026-08-18T23:47:11","guid":{"rendered":"https:\/\/www.europesays.com\/es\/718837\/"},"modified":"2026-08-18T23:47:11","modified_gmt":"2026-08-18T23:47:11","slug":"granada-vuelve-a-sentir-un-temblor-de-33-horas-despues-de-los-terremotos","status":"publish","type":"post","link":"https:\/\/www.europesays.com\/es\/718837\/","title":{"rendered":"Granada vuelve a sentir un temblor de 3,3 horas despu\u00e9s de los terremotos"},"content":{"rendered":"<p style=\"\">Un <strong>nuevo temblor de magnitud 3,3<\/strong> ha vuelto a sacudir Granada en la noche de este martes. Seg\u00fan los datos del Instituto Geogr\u00e1fico Nacional (IGN), el leve terremoto ha tenido su epicentro en el municipio de Alhend\u00edn, a cinco kil\u00f3metros de profundidad, aunque  &#8230; se ha sentido en la provincia despu\u00e9s de una <a href=\"https:\/\/www.abc.es\/espana\/andalucia\/granada\/joven-granadina-testigo-nuevo-terremoto-fuerte-vez-20260818114400-nts.html\" title=\"\" data-voc-vtm-id=\"in-text-traffic\" data-mrf-link=\"www.abc.es\" rel=\"nofollow noopener\" target=\"_blank\">jornada marcada por movimientos s\u00edsmicos <\/a>que han provocado diversos da\u00f1os materiales.<\/p>\n<p class=\"v-d-p\" style=\"\">Varios usuarios en redes sociales han dado cuenta del temblor sentido a las <strong>22.35 horas de este martes<\/strong> en gran parte de la provincia, aunque el epicentro se ha ubicado concretamente en Alhend\u00edn, a unos diez kil\u00f3metros al suroeste de la ciudad de Granada y con una potencia de 3,3 grados. Seg\u00fan datos del IGN, ha habido un segundo temblor cinco minutos despu\u00e9s de magnitud 2,1 con epicentro en Armilla.<\/p>\n<ul class=\"v-cmp-rld__u\">\n<li class=\"v-cmp-rld__l\">\n<p><a class=\"v-a-lnk\" href=\"http:\/\/www.abc.es\/espana\/andalucia\/granada\/granada-puede-haber-terremoto-grado-imposible-precisar-20260818120307-nts.html#vtm_modulosEngag=noticiasrelacionadas-cmp-uno:espana:noticia:1\" data-voc-vtm-id=\"in-text-traffic\" rel=\"nofollow noopener\" target=\"_blank\"><br \/>\n<img decoding=\"async\" loading=\"lazy\" src=\"https:\/\/www.europesays.com\/es\/wp-content\/uploads\/2026\/08\/Feriche-U50883757351JLE-366x256@diario_abc.jpg\" class=\"v-a-img\" width=\"258\" height=\"180\" alt=\"Expertos alertan: \u00abEn Granada puede haber otro terremoto de grado 5\u00bb\"\/><br \/>\n<\/a><\/p>\n<\/li>\n<\/ul>\n<p class=\"v-d-p\" style=\"\">Precisamente, esta ma\u00f1ana en Granada se ha producido un <a href=\"https:\/\/www.abc.es\/espana\/andalucia\/granada\/granada-vuelve-verse-sacudida-vez-terremoto-grados-20260818105358-nts.html\" title=\"\" data-voc-vtm-id=\"in-text-traffic\" data-mrf-link=\"www.abc.es\" rel=\"nofollow noopener\" target=\"_blank\">terremoto de especial intensidad, con una fuerza de 4,8<\/a> y decenas de r\u00e9plicas, que ha provocado da\u00f1os en mobiliario e infraestructuras urbanas, adem\u00e1s de heridas leves a tres personas. Este ha obligado a desalojar varios monumentos hist\u00f3ricos de la ciudad, como <strong>la Alhambra o el Generalife,<\/strong> que han cerrado sus puertas a los visitantes durante la tarde para poder evaluar posibles riesgos derivados del sismo.<\/p>\n<p class=\"v-d-p\" style=\"\">Esta consecuci\u00f3n de temblores comenz\u00f3 en la <a href=\"https:\/\/www.abc.es\/espana\/andalucia\/granada\/granada-acuesta-peor-terremoto-cinco-anos-cinco-20260815014245-nts.html\" title=\"\" data-voc-vtm-id=\"in-text-traffic\" data-mrf-link=\"www.abc.es\" rel=\"nofollow noopener\" target=\"_blank\">madrugada del 14 al 15, con uno de 4,4 grados de intensidad <\/a>y epicentro tambi\u00e9n en Alhend\u00edn. Desde entonces, se han producido los terremotos m\u00e1s intensos en la zona desde el enjambre s\u00edsimico de 2021.<\/p>\n","protected":false},"excerpt":{"rendered":"Un nuevo temblor de magnitud 3,3 ha vuelto a sacudir Granada en la noche de este martes. Seg\u00fan&hellip;\n","protected":false},"author":2,"featured_media":718838,"comment_status":"","ping_status":"","sticky":false,"template":"","format":"standard","meta":{"footnotes":""},"categories":[5],"tags":[17,18,25,24,13,14,494,11,19,20,7797,9,193,10,15,16,23,123047,7049,12,21,22],"class_list":["post-718837","post","type-post","status-publish","format-standard","has-post-thumbnail","category-titulares","tag-breaking-news","tag-breakingnews","tag-es","tag-espana","tag-featured-news","tag-featurednews","tag-granada","tag-headlines","tag-latest-news","tag-latestnews","tag-martes","tag-news","tag-noche","tag-noticias","tag-noticias-destacadas","tag-noticiasdestacadas","tag-spain","tag-temblar","tag-terremoto","tag-titulares","tag-ultimas-noticias","tag-ultimasnoticias"],"share_on_mastodon":{"url":"https:\/\/pubeurope.com\/@es\/117119186318487811","error":""},"_links":{"self":[{"href":"https:\/\/www.europesays.com\/es\/wp-json\/wp\/v2\/posts\/718837","targetHints":{"allow":["GET"]}}],"collection":[{"href":"https:\/\/www.europesays.com\/es\/wp-json\/wp\/v2\/posts"}],"about":[{"href":"https:\/\/www.europesays.com\/es\/wp-json\/wp\/v2\/types\/post"}],"author":[{"embeddable":true,"href":"https:\/\/www.europesays.com\/es\/wp-json\/wp\/v2\/users\/2"}],"replies":[{"embeddable":true,"href":"https:\/\/www.europesays.com\/es\/wp-json\/wp\/v2\/comments?post=718837"}],"version-history":[{"count":0,"href":"https:\/\/www.europesays.com\/es\/wp-json\/wp\/v2\/posts\/718837\/revisions"}],"wp:featuredmedia":[{"embeddable":true,"href":"https:\/\/www.europesays.com\/es\/wp-json\/wp\/v2\/media\/718838"}],"wp:attachment":[{"href":"https:\/\/www.europesays.com\/es\/wp-json\/wp\/v2\/media?parent=718837"}],"wp:term":[{"taxonomy":"category","embeddable":true,"href":"https:\/\/www.europesays.com\/es\/wp-json\/wp\/v2\/categories?post=718837"},{"taxonomy":"post_tag","embeddable":true,"href":"https:\/\/www.europesays.com\/es\/wp-json\/wp\/v2\/tags?post=718837"}],"curies":[{"name":"wp","href":"https:\/\/api.w.org\/{rel}","templated":true}]}}