{"id":718919,"date":"2026-08-19T00:54:14","date_gmt":"2026-08-19T00:54:14","guid":{"rendered":"https:\/\/www.europesays.com\/es\/718919\/"},"modified":"2026-08-19T00:54:14","modified_gmt":"2026-08-19T00:54:14","slug":"mg-chery-y-geely-convierten-espana-en-la-fabrica-europea-del-coche-chino-expansion","status":"publish","type":"post","link":"https:\/\/www.europesays.com\/es\/718919\/","title":{"rendered":"MG, Chery y Geely convierten Espa\u00f1a en la f\u00e1brica europea del coche chino &#8211; Expansi\u00f3n"},"content":{"rendered":"<ol>\n<li><a href=\"https:\/\/news.google.com\/rss\/articles\/CBMiiAFBVV95cUxOUnhzRWRWT3V6bVQyclNlTmc4ejdMQ0t0Q3lLa3VZRlk4UnRVSjgwQ1RIQVpza2dUYWhzdXFZVjJLT0ZJQWprUjBGTUxmQ0RNMzFJUzhtVFlhWndjZkg4MmJhQV93cS1VWnR3d090OUM3X0IyRERTdlJpSlpZN3l5QUFKVWZMMW1H0gGIAUFVX3lxTE5PZVZmcndEZG5sUzBIdzBzXy1URzl1ejhFTVNkRlZsZGlVODJVT1JNTGZmTlRDc01fZkFkV1V1OVBqcE9wWmhzZUZrbTAzRC1tdmNxNVlfNjduY2czZWVwQnFGT2liOVN4V0tsMnA0NXZZY0plNVd2TTJsODkteEVEYnFjeXNUdHo?oc=5\" target=\"_blank\" rel=\"nofollow noopener\">MG, Chery y Geely convierten Espa\u00f1a en la f\u00e1brica europea del coche chino<\/a>&nbsp;&nbsp;Expansi\u00f3n<\/li>\n<li><a href=\"https:\/\/news.google.com\/rss\/articles\/CBMi2AFBVV95cUxOMHRWMi1uZmJuRGNXbzVLVlFlemRaS0JBaU1iMFpFNjZKV0RrU3dUaUE2am13WU85bmhjYWxsbGU0aFRGcVJRN2tVYmt6cU5VcHJKd1JTLVZvZVBlX3dZZ1ZLdV9BNmpqZTJYMHJDaVotQmMtQ2otbktHb1RQWWNHeEhEUGo5X01WV3YzR21vXzRkWWNlYUFSaS1QZ1RNdEdOWVNEcjB1S0JseVNnOTNtS3dMYVNadzRVTHZ2RjhiVHhJUjNyb3RrR0FtdWVWUDJ5T3B1dzdZT0bSAewBQVVfeXFMTTVFdWpLN3h3Qm1VT0YybzE0Z2FXUEtMM1FSSzV6a1pQWGU3VUE0bzJPeHQwRU1ONmtuQ3UxZk5xZEtEY1FvUEctVzVSN0ZEY2VSQlIxX0JNeTc5dUNfQ3d0RUU3RzZUQUhDMVpLQTEyZVU2SlhPY0I3ZC1mbWl1SkM2cjQxY0ZvYll4NUowY0tLX0g5YmQ1eE56RkhZb2NXN2d3UmZnbk83UWstaE0wa3VkRFVHcDZRLUZtZ2t3MHFaaUwzMWdIRW5zVWcxbWl2TjZ4cHRSMWNvYlYyaEhvTnBkY1RHbW5WZFNIdWE?oc=5\" target=\"_blank\" rel=\"nofollow noopener\">Montaje, no fabricaci\u00f3n, el truco de la mayor\u00eda de constructores chinos para evitar los aranceles<\/a>&nbsp;&nbsp;La Raz\u00f3n<\/li>\n<li><a href=\"https:\/\/news.google.com\/rss\/articles\/CBMiuAFBVV95cUxPS1pyRWlkczVIdHh3M2NDUEQyTDBscVVNZ2k0R09zd0FzM2tHZW53NXhGSVZNNDRuYURpd2MwUVNqM3dHUXlyOFd0cXZwNl8zODhJMTlmYWo1TmRHakVPbWFRZzBJaDZuQWlzV2VURVRTckNSTTRXZk5pWXA2Vmt5ZG5ScE9RLWhYbEdwY28xTnBxVDM1Y1NuQ2VtdFZJVC1KM0dDalNjMlh3MklvYnJtdHpXVkVmQTd6?oc=5\" target=\"_blank\" rel=\"nofollow noopener\">Espa\u00f1a, el gran escaparate para la automoci\u00f3n europea y China en los pr\u00f3ximos a\u00f1os<\/a>&nbsp;&nbsp;El Peri\u00f3dico de la Energ\u00eda<\/li>\n<li><a href=\"https:\/\/news.google.com\/rss\/articles\/CBMi2AFBVV95cUxOdG5zREYxWFV2REh1Q0FwTXJFTlZPWXc0VkVNMjdKaDg1SldWZ0V0QnU1ZGx6V3o1NW54SGIwbXZGSzV0YXpuMXRBeTF6cENMSVdOMmhKbjVIclI5alFFOW1CUF9BVEphcVZIX2daNWgtVXhfZkJacjd6cl81RFZMMXBRRF9WallvOW9ZTHZCTHRNa0Y5azdxN1ZOV0swX1NUTDNIS2ZfRW9XLXk5dUhlQTZ6OUFDY19sMGdGUVBTUTM5WE9aZzhzS1NTaHRrUjRldGJwZnBCVTQ?oc=5\" target=\"_blank\" rel=\"nofollow noopener\">Espa\u00f1a no puede vivir solo de las promesas chinas: la industria del autom\u00f3vil se juega su futuro defendiendo sus marcas hist\u00f3ricas<\/a>&nbsp;&nbsp;ESdiario<\/li>\n<li><a href=\"https:\/\/news.google.com\/rss\/articles\/CBMi-AFBVV95cUxQNTJ5YnlPRFgwZkxRT2N5VFRRUk02RV9saERjWnozc3YxMWN2eGIxcHZ6MHNCaFdSLVB6bTR4cl9ScmVVQXU0ckw3Q0NjdS16bFBkSmNLU1BvZHZzZVB0N2V0UXpxSFZBNE1YZTBQbElYWUFpdzNuYVFFX2QxeUpQakNNeUFoVlZlLTdyVzhUbWFVVjVHRVp6S3lBb0Myd1Jaaldsc3k3REI4M1M3R3ZhcjFsR1R3TTRwLVJNYnVhejV1eFBpa2NFUGFWR2dldHg0bFQ3VGpjclhILXVNVHYwcXl4dWUtMEtheG1Ca1UwTTNkVi0tVmRRX9IBkwJBVV95cUxNdkN5eEJGN0NaMm9FSk9Mc3pFM3dhbmZCU2xTSjZ0c3VOX1RKTWtnMVZQZ0pVY2tEZ0MzS3pWR1FwcWk3Smh6eUcwNTRvUnFQbnBmdFhsYXdyME8zOUg1ZVZXTkZOaGRxa1hqUmZDZ01keUpudUxZVHVSdWNmUzRTdi0xeDlsaHhBS1RGc1FVczZZT2RwcnN0OEJrQWl0NEZWV2pxbFJQUXF0eDlWWEZOWXdVYkJrV3I1cDVmbndPUlA3WDFIYWlmbDRJTXF3V0ViblNWWGVCTlNzQ2E0SDlRVHhkWnV5MjFKZGlJTVphSWZ6Vm1tbkZSQkFDVzVjaUZ1LUZ6SHBWMVhBTE1WY0RPd0oyUQ?oc=5\" target=\"_blank\" rel=\"nofollow noopener\">Espa\u00f1a se posiciona como mercado estrat\u00e9gico para los coches chinos: alcanzan el 13% de la cuota de mercado nacional<\/a>&nbsp;&nbsp;El Cronista<\/li>\n<\/ol>\n","protected":false},"excerpt":{"rendered":"MG, Chery y Geely convierten Espa\u00f1a en la f\u00e1brica europea del coche chino&nbsp;&nbsp;Expansi\u00f3n Montaje, no fabricaci\u00f3n, el truco&hellip;\n","protected":false},"author":2,"featured_media":718920,"comment_status":"","ping_status":"","sticky":false,"template":"","format":"standard","meta":{"footnotes":""},"categories":[80],"tags":[82,95,94,32085,25,24,2362,23],"class_list":["post-718919","post","type-post","status-publish","format-standard","has-post-thumbnail","category-economia","tag-business","tag-economia","tag-economy","tag-empresas-motor","tag-es","tag-espana","tag-motor","tag-spain"],"share_on_mastodon":{"url":"https:\/\/pubeurope.com\/@es\/117119448932781799","error":""},"_links":{"self":[{"href":"https:\/\/www.europesays.com\/es\/wp-json\/wp\/v2\/posts\/718919","targetHints":{"allow":["GET"]}}],"collection":[{"href":"https:\/\/www.europesays.com\/es\/wp-json\/wp\/v2\/posts"}],"about":[{"href":"https:\/\/www.europesays.com\/es\/wp-json\/wp\/v2\/types\/post"}],"author":[{"embeddable":true,"href":"https:\/\/www.europesays.com\/es\/wp-json\/wp\/v2\/users\/2"}],"replies":[{"embeddable":true,"href":"https:\/\/www.europesays.com\/es\/wp-json\/wp\/v2\/comments?post=718919"}],"version-history":[{"count":0,"href":"https:\/\/www.europesays.com\/es\/wp-json\/wp\/v2\/posts\/718919\/revisions"}],"wp:featuredmedia":[{"embeddable":true,"href":"https:\/\/www.europesays.com\/es\/wp-json\/wp\/v2\/media\/718920"}],"wp:attachment":[{"href":"https:\/\/www.europesays.com\/es\/wp-json\/wp\/v2\/media?parent=718919"}],"wp:term":[{"taxonomy":"category","embeddable":true,"href":"https:\/\/www.europesays.com\/es\/wp-json\/wp\/v2\/categories?post=718919"},{"taxonomy":"post_tag","embeddable":true,"href":"https:\/\/www.europesays.com\/es\/wp-json\/wp\/v2\/tags?post=718919"}],"curies":[{"name":"wp","href":"https:\/\/api.w.org\/{rel}","templated":true}]}}