{"id":718971,"date":"2026-08-19T01:39:12","date_gmt":"2026-08-19T01:39:12","guid":{"rendered":"https:\/\/www.europesays.com\/es\/718971\/"},"modified":"2026-08-19T01:39:12","modified_gmt":"2026-08-19T01:39:12","slug":"imagenes-de-la-nasa-muestran-crater-causado-por-un-cohete-de-spacex-que-choco-en-la-luna-2","status":"publish","type":"post","link":"https:\/\/www.europesays.com\/es\/718971\/","title":{"rendered":"Im\u00e1genes de la NASA muestran cr\u00e1ter causado por un cohete de SpaceX que choc\u00f3 en la Luna"},"content":{"rendered":"<p> Una sonda espacial de la <a href=\"https:\/\/www.independentespanol.com\/tag\/nasa\" rel=\"nofollow noopener\" target=\"_blank\">NASA<\/a> que orbita la <a href=\"https:\/\/www.independentespanol.com\/tag\/luna\" rel=\"nofollow noopener\" target=\"_blank\">Luna<\/a> est\u00e1 proporcionando las vistas m\u00e1s n\u00edtidas hasta ahora del cr\u00e1ter que dej\u00f3 el impacto de un cohete de SpaceX.<\/p>\n<p>La agencia espacial difundi\u00f3 el martes fotos del antes y el despu\u00e9s de la zona del impacto.<\/p>\n<p>La etapa superior del cohete Falcon se estrell\u00f3 contra la Luna a 8.700 km\/h (5.400 mph) el 5 de agosto, tras haber vagado por el espacio durante m\u00e1s de un a\u00f1o. Hab\u00eda lanzado en 2025 un par de m\u00f3dulos privados de alunizaje con experimentos e incluso un diminuto rover, como parte del plan de la NASA para comercializar la exploraci\u00f3n lunar.<\/p>\n<p>A partir de estas nuevas fotos del Orbitador de Reconocimiento Lunar de la NASA, el cr\u00e1ter reciente parece tener 18 metros (60 pies) de ancho y menos de 3 metros (10 pies) de profundidad, indicaron cient\u00edficos.<\/p>\n<p>Se ven con claridad vetas oscuras y brillantes que salen desde el cr\u00e1ter como alas de mariposa. Las l\u00edneas m\u00e1s oscuras representan material excavado que estaba cerca de la superficie y que fue moldeado por viento solar, rayos c\u00f3smicos e impactos de micrometeoritos durante milenios. Los rayos m\u00e1s brillantes indican rocas y tierra recientes que fueron arrojadas desde m\u00e1s abajo.<\/p>\n<p>La nave fotografi\u00f3 el cr\u00e1ter una semana despu\u00e9s de la colisi\u00f3n desde 96 kil\u00f3metros (60 millas) de altura, mientras avanzaba a 1,6 kil\u00f3metros (1 milla) por segundo. Los controladores de vuelo tuvieron que inclinar la nave para que sus c\u00e1maras apuntaran hacia la escena del impacto.<\/p>\n<p>La sonda completa una \u00f3rbita polar lunar cada dos horas, mientras la Luna rota debajo. Pasaron seis d\u00edas antes de que la escena del choque quedara a la vista.<\/p>\n<p>La nave Danuri de Corea del Sur fue la primera en llegar a la zona para transmitir fotos.<\/p>\n<p>___<\/p>\n<p>El Departamento de Salud y Ciencia de The Associated Press recibe apoyo del Departamento de Educaci\u00f3n Cient\u00edfica del Instituto M\u00e9dico Howard Hughes y de la Fundaci\u00f3n Robert Wood Johnson. La AP es la \u00fanica responsable de todo el contenido.<\/p>\n","protected":false},"excerpt":{"rendered":"Una sonda espacial de la NASA que orbita la Luna est\u00e1 proporcionando las vistas m\u00e1s n\u00edtidas hasta ahora&hellip;\n","protected":false},"author":2,"featured_media":718972,"comment_status":"","ping_status":"","sticky":false,"template":"","format":"standard","meta":{"footnotes":""},"categories":[81],"tags":[119,123,124,25,24,421,1935,642,117,121,122,23,118,120],"class_list":["post-718971","post","type-post","status-publish","format-standard","has-post-thumbnail","category-ciencia-y-tecnologia","tag-ciencia","tag-ciencia-y-tecnologia","tag-cienciaytecnologia","tag-es","tag-espana","tag-florida","tag-luna","tag-nasa","tag-science","tag-science-and-technology","tag-scienceandtechnology","tag-spain","tag-technology","tag-tecnologia"],"share_on_mastodon":{"url":"https:\/\/pubeurope.com\/@es\/117119625759324995","error":""},"_links":{"self":[{"href":"https:\/\/www.europesays.com\/es\/wp-json\/wp\/v2\/posts\/718971","targetHints":{"allow":["GET"]}}],"collection":[{"href":"https:\/\/www.europesays.com\/es\/wp-json\/wp\/v2\/posts"}],"about":[{"href":"https:\/\/www.europesays.com\/es\/wp-json\/wp\/v2\/types\/post"}],"author":[{"embeddable":true,"href":"https:\/\/www.europesays.com\/es\/wp-json\/wp\/v2\/users\/2"}],"replies":[{"embeddable":true,"href":"https:\/\/www.europesays.com\/es\/wp-json\/wp\/v2\/comments?post=718971"}],"version-history":[{"count":0,"href":"https:\/\/www.europesays.com\/es\/wp-json\/wp\/v2\/posts\/718971\/revisions"}],"wp:featuredmedia":[{"embeddable":true,"href":"https:\/\/www.europesays.com\/es\/wp-json\/wp\/v2\/media\/718972"}],"wp:attachment":[{"href":"https:\/\/www.europesays.com\/es\/wp-json\/wp\/v2\/media?parent=718971"}],"wp:term":[{"taxonomy":"category","embeddable":true,"href":"https:\/\/www.europesays.com\/es\/wp-json\/wp\/v2\/categories?post=718971"},{"taxonomy":"post_tag","embeddable":true,"href":"https:\/\/www.europesays.com\/es\/wp-json\/wp\/v2\/tags?post=718971"}],"curies":[{"name":"wp","href":"https:\/\/api.w.org\/{rel}","templated":true}]}}