{"id":719349,"date":"2026-08-19T07:26:26","date_gmt":"2026-08-19T07:26:26","guid":{"rendered":"https:\/\/www.europesays.com\/es\/719349\/"},"modified":"2026-08-19T07:26:26","modified_gmt":"2026-08-19T07:26:26","slug":"david-bustamante-disfruta-de-un-viaje-de-trabajo-a-mallorca-con-su-novia-yana-olina","status":"publish","type":"post","link":"https:\/\/www.europesays.com\/es\/719349\/","title":{"rendered":"David Bustamante disfruta de un viaje de trabajo a Mallorca con su novia Yana Olina"},"content":{"rendered":"<p data-journey-content=\"true\" data-node-id=\"3\" class=\"css-1ood0zq emevuu60\"><strong data-node-id=\"3.0\">David Bustamante est\u00e1 viviendo una etapa profesional especialmente intensa.<\/strong> En septiembre participar\u00e1 en <a href=\"https:\/\/www.diezminutos.es\/masterchef\/\" target=\"_blank\" data-vars-ga-outbound-link=\"https:\/\/www.diezminutos.es\/masterchef\/\" data-vars-ga-ux-element=\"Hyperlink\" data-vars-ga-call-to-action=\"&#039;MasterChef Celebrity Legends&#039;\" data-node-id=\"3.2\" class=\"body-link css-1v1lrc0 emevuu60\" rel=\"nofollow noopener\">&#8216;MasterChef Celebrity Legends&#8217;<\/a> y, poco despu\u00e9s, estrenar\u00e1 en Madrid el musical de &#8216;El Zorro. Este verano tampoco ha bajado el ritmo gracias a su &#8216;In\u00e9dito Tour&#8217;, una gira que le est\u00e1 llevando por toda Espa\u00f1a. El pasado 15 de agosto, el cantante actu\u00f3 en Inca, Mallorca, junto a Rosa L\u00f3pez, dentro del festival &#8216;El Verano de tu Vida&#8217;, una cita en la que volvi\u00f3 a contar con el apoyo de su gran amor, Yana Olina. Como podr\u00e1s ver en el nuevo n\u00famero de DIEZ MINUTOS, que ya est\u00e1 a la venta en el quiosco, la pareja viaj\u00f3 hasta la isla balear y, aunque era un viaje de trabajo, tambi\u00e9n tuvieron tiempo para relajarse y disfrutar de su mutua compa\u00f1\u00eda. <\/p>\n<p><img draggable=\"true\" alt=\"david bustamante y yana olina pasean en mallorca\" title=\"David Bustamante y Yana Olina pasean en Mallorca\" fetchpriority=\"high\" width=\"3000\" height=\"4222\" decoding=\"async\" data-nimg=\"1\" style=\"color:transparent;width:100%;height:auto;\"   src=\"https:\/\/www.europesays.com\/es\/wp-content\/uploads\/2026\/08\/1004e49a-6cbf-4a7e-b0cc-3101f58e7ea2.jpg\" class=\"css-0 e1ddfba50\"\/><\/p>\n<p>Agencias<\/p>\n<p>David Bustamante sobre Yana Olina: \u00abSomos un equipo y encima yo noto que no nos quemamos\u00bb<\/p>\n<p data-journey-content=\"true\" data-node-id=\"11\" class=\"css-1ood0zq emevuu60\"><strong data-node-id=\"11.0\">David Bustamante y Yana Olina se alojaron en el hotel Can Picafort,<\/strong> un establecimiento de cuatro estrellas, y antes del concierto de Inca aprovecharon para dar un paseo por los alrededores. Para la ocasi\u00f3n, la bailarina eligi\u00f3 un calzado que no parec\u00eda precisamente el m\u00e1s c\u00f3modo para caminar, pero no le impidi\u00f3 seguir con su ruta. Despu\u00e9s, los dos se relajaron en la piscina del hotel, mientras que el c\u00e1ntabro tambi\u00e9n sac\u00f3 tiempo para entrenar en el gimnasio. <strong data-node-id=\"11.2\">\u00abEs que somos una pareja que estamos 24 horas juntos. Ella trabaja conmigo, viaja conmigo\u2026 todo.<\/strong> Somos un equipo y encima yo noto que no nos quemamos, y eso es muy dif\u00edcil de conseguir.\u00bb, nos confes\u00f3 el cantante en una <a href=\"https:\/\/www.diezminutos.es\/famosos-corazon\/famosos-espanoles\/a62749514\/david-bustamante-entrevista-disco-inedito-novia-yana-olina\/\" target=\"_blank\" data-vars-ga-outbound-link=\"https:\/\/www.diezminutos.es\/famosos-corazon\/famosos-espanoles\/a62749514\/david-bustamante-entrevista-disco-inedito-novia-yana-olina\/\" data-vars-ga-ux-element=\"Hyperlink\" data-vars-ga-call-to-action=\"entrevista para DIEZ MINUTOS en 2024\" data-node-id=\"11.4\" class=\"body-link css-1v1lrc0 emevuu60\" rel=\"nofollow noopener\">entrevista para DIEZ MINUTOS en 2024<\/a> donde dej\u00f3 claro que la bailarina era una de sus musas. \u00abMe siguen fascinando sus ojos, c\u00f3mo nos miramos\u00bb, a\u00f1adi\u00f3.<\/p>\n<p><img draggable=\"true\" alt=\"david bustamante con un traje durante su concierto en inca, mallorca\" title=\"David Bustamante con un traje durante su concierto en Inca, Mallorca\" loading=\"lazy\" width=\"3000\" height=\"4539\" decoding=\"async\" data-nimg=\"1\" style=\"color:transparent;width:100%;height:auto;\"   src=\"https:\/\/www.europesays.com\/es\/wp-content\/uploads\/2026\/08\/965e89ec-da4f-4a37-9448-227aef9dd3d2.jpg\" class=\"css-0 e1ddfba50\"\/><\/p>\n<p>Agencias<\/p>\n<p data-journey-content=\"true\" data-node-id=\"16\" class=\"css-1ood0zq emevuu60\">Durante su concierto en Inca, David Bustamante volvi\u00f3 a demostrar que est\u00e1 en una gran forma f\u00edsica, ya que ha vuelto al deporte y est\u00e1 en una excelente forma. <strong data-node-id=\"16.1\">En el recital en Mallorca, el c\u00e1ntabro coincidi\u00f3 con Rosa L\u00f3pez, su compa\u00f1era en <a href=\"https:\/\/www.diezminutos.es\/operacion-triunfo\/\" target=\"_blank\" data-vars-ga-outbound-link=\"https:\/\/www.diezminutos.es\/operacion-triunfo\/\" data-vars-ga-ux-element=\"Hyperlink\" data-vars-ga-call-to-action=\"&#039;Operaci\u00f3n Triunfo&#039;\" data-node-id=\"16.1.1\" class=\"body-link css-1v1lrc0 emevuu60\" rel=\"nofollow noopener\">&#8216;Operaci\u00f3n Triunfo&#8217;<\/a>,<\/strong> y la artista solo tuvo buenas palabras para su compa\u00f1ero y amigo. \u00abQu\u00e9 bonito es reencontrarte con alguien y sentir que el cari\u00f1o sigue exactamente en el mismo sitio. Abrazos, recuerdos\u2026 y de repente salen mil an\u00e9cdotas y nos entra la risa acord\u00e1ndonos de todo lo que vivimos. \u00c9ramos 16, \u00e9ramos unos cr\u00edos y compartimos algo que nos uni\u00f3 para siempre. La vida nos ha llevado por mil caminos, pero hay cari\u00f1os que no entienden de tiempo. Te quiero mucho Busta\u00bb, escribi\u00f3 junto a un v\u00eddeo de ambos cantando &#8216;Mi m\u00fasica es tu voz&#8217;, el que fue himno de su edici\u00f3n.<\/p>\n<p data-journey-content=\"true\" data-node-id=\"22\" class=\"css-1ood0zq emevuu60\"><strong data-node-id=\"22.0\">Adem\u00e1s, este mes de agosto est\u00e1 siendo muy especial para David Bustamante porque <a href=\"https:\/\/www.diezminutos.es\/famosos-corazon\/famosos-espanoles\/a73448418\/daniella-hija-david-bustamante-paula-echevarria-18-anos\/\" target=\"_blank\" data-vars-ga-outbound-link=\"https:\/\/www.diezminutos.es\/famosos-corazon\/famosos-espanoles\/a73448418\/daniella-hija-david-bustamante-paula-echevarria-18-anos\/\" data-vars-ga-ux-element=\"Hyperlink\" data-vars-ga-call-to-action=\"Daniella, su \u00fanica hija, acaba de cumplir 18 a\u00f1os\" data-node-id=\"22.0.1\" class=\"body-link css-1v1lrc0 emevuu60\" rel=\"nofollow noopener\">Daniella, su \u00fanica hija, acaba de cumplir 18 a\u00f1os<\/a>.<\/strong> El cantante utiliz\u00f3 su perfil de Instagram para <a href=\"https:\/\/www.diezminutos.es\/famosos-corazon\/famosos-espanoles\/a73455780\/david-bustamente-mensaje-hija-cumpleanos-princesa\/\" target=\"_blank\" data-vars-ga-outbound-link=\"https:\/\/www.diezminutos.es\/famosos-corazon\/famosos-espanoles\/a73455780\/david-bustamente-mensaje-hija-cumpleanos-princesa\/\" data-vars-ga-ux-element=\"Hyperlink\" data-vars-ga-call-to-action=\"felicitar a su princesa\" data-node-id=\"22.2\" class=\"body-link css-1v1lrc0 emevuu60\" rel=\"nofollow noopener\">felicitar a su princesa<\/a>. \u00abFelicidades a mi &#8216;miniyo&#8217;. Te haces mayor, pero siempre ser\u00e1s mi princesa, mi peque\u00f1a!!! Feliz vida, hija m\u00eda\u00bb, escribi\u00f3 junto a una foto de ambos. A pesar de su separaci\u00f3n en 2017, Bustamante y Paula han logrado formar un buen equipo en todo lo relacionado con la crianza de su hija. Nunca han tenido una mala palabra el uno para el otro y siempre han mantenido una prioridad com\u00fan: el bienestar de la joven. Y prueba de ello es que el pasado mayo estuvieron juntos y felices en la <a href=\"https:\/\/www.diezminutos.es\/famosos-corazon\/famosos-espanoles\/a71277521\/paula-echevarria-david-bustamante-fotos-graduacion-hija-daniella\/\" target=\"_blank\" data-vars-ga-outbound-link=\"https:\/\/www.diezminutos.es\/famosos-corazon\/famosos-espanoles\/a71277521\/paula-echevarria-david-bustamante-fotos-graduacion-hija-daniella\/\" data-vars-ga-ux-element=\"Hyperlink\" data-vars-ga-call-to-action=\"graduaci\u00f3n de Daniella\" data-node-id=\"22.4\" class=\"body-link css-1v1lrc0 emevuu60\" rel=\"nofollow noopener\">graduaci\u00f3n de Daniella<\/a>. <\/p>\n","protected":false},"excerpt":{"rendered":"David Bustamante est\u00e1 viviendo una etapa profesional especialmente intensa. En septiembre participar\u00e1 en &#8216;MasterChef Celebrity Legends&#8217; y, poco&hellip;\n","protected":false},"author":2,"featured_media":719350,"comment_status":"","ping_status":"","sticky":false,"template":"","format":"standard","meta":{"footnotes":""},"categories":[174],"tags":[255,253,146,147,25,24,256,12719,23],"class_list":["post-719349","post","type-post","status-publish","format-standard","has-post-thumbnail","category-famosos","tag-celebrities","tag-discover","tag-entertainment","tag-entretenimiento","tag-es","tag-espana","tag-famosos","tag-print","tag-spain"],"share_on_mastodon":{"url":"https:\/\/pubeurope.com\/@es\/117120991230386376","error":""},"_links":{"self":[{"href":"https:\/\/www.europesays.com\/es\/wp-json\/wp\/v2\/posts\/719349","targetHints":{"allow":["GET"]}}],"collection":[{"href":"https:\/\/www.europesays.com\/es\/wp-json\/wp\/v2\/posts"}],"about":[{"href":"https:\/\/www.europesays.com\/es\/wp-json\/wp\/v2\/types\/post"}],"author":[{"embeddable":true,"href":"https:\/\/www.europesays.com\/es\/wp-json\/wp\/v2\/users\/2"}],"replies":[{"embeddable":true,"href":"https:\/\/www.europesays.com\/es\/wp-json\/wp\/v2\/comments?post=719349"}],"version-history":[{"count":0,"href":"https:\/\/www.europesays.com\/es\/wp-json\/wp\/v2\/posts\/719349\/revisions"}],"wp:featuredmedia":[{"embeddable":true,"href":"https:\/\/www.europesays.com\/es\/wp-json\/wp\/v2\/media\/719350"}],"wp:attachment":[{"href":"https:\/\/www.europesays.com\/es\/wp-json\/wp\/v2\/media?parent=719349"}],"wp:term":[{"taxonomy":"category","embeddable":true,"href":"https:\/\/www.europesays.com\/es\/wp-json\/wp\/v2\/categories?post=719349"},{"taxonomy":"post_tag","embeddable":true,"href":"https:\/\/www.europesays.com\/es\/wp-json\/wp\/v2\/tags?post=719349"}],"curies":[{"name":"wp","href":"https:\/\/api.w.org\/{rel}","templated":true}]}}