{"id":719427,"date":"2026-08-19T08:24:20","date_gmt":"2026-08-19T08:24:20","guid":{"rendered":"https:\/\/www.europesays.com\/es\/719427\/"},"modified":"2026-08-19T08:24:20","modified_gmt":"2026-08-19T08:24:20","slug":"conclusiones-clave-de-las-primarias-del-martes-en-florida-alaska-y-wyoming","status":"publish","type":"post","link":"https:\/\/www.europesays.com\/es\/719427\/","title":{"rendered":"Conclusiones clave de las primarias del martes en Florida, Alaska y Wyoming"},"content":{"rendered":"<p>      CNN\u00a0\u2014\u00a0\n    <\/p>\n<p class=\"paragraph inline-placeholder vossi-paragraph\" data-uri=\"es.cms.cnn.com\/_components\/paragraph\/instances\/cmszkvyvr002p28qmgu0ah2ef@published\" data-editable=\"text\" data-component-name=\"paragraph\" data-article-gutter=\"true\">\n            Los votantes republicanos de Florida eligieron este martes a un aliado cercano del presidente Donald Trump, mientras que los dem\u00f3cratas nominaron a un pol\u00edtico que abandon\u00f3 el Partido Republicano debido al presidente para <a href=\"https:\/\/www.cnn.com\/2026\/07\/18\/politics\/ron-desantis-florida-governor-donalds-fishback\" rel=\"nofollow noopener\" target=\"_blank\">reemplazar al gobernador Ron DeSantis, cuyo mandato est\u00e1 por terminar<\/a>.\n    <\/p>\n<p class=\"paragraph inline-placeholder vossi-paragraph\" data-uri=\"es.cms.cnn.com\/_components\/paragraph\/instances\/cmszkxn7t0005356rbnhypa3r@published\" data-editable=\"text\" data-component-name=\"paragraph\" data-article-gutter=\"true\">\n            A su vez, los socialistas democr\u00e1ticos demostraron una vez m\u00e1s su creciente influencia con la victoria de la representante estatal Angie Nixon en las primarias dem\u00f3cratas al Senado en Florida.\n    <\/p>\n<p class=\"paragraph inline-placeholder vossi-paragraph\" data-uri=\"es.cms.cnn.com\/_components\/paragraph\/instances\/cmszl6kxx001z356r761g9414@published\" data-editable=\"text\" data-component-name=\"paragraph\" data-article-gutter=\"true\">\n            Sin embargo, dos de los congresistas dem\u00f3cratas que buscaban la reelecci\u00f3n, y que se presentaban por primera vez en distritos recientemente redise\u00f1ados, lograron superar los desaf\u00edos de la izquierda.\n    <\/p>\n<p class=\"paragraph inline-placeholder vossi-paragraph\" data-uri=\"es.cms.cnn.com\/_components\/paragraph\/instances\/cmszkxn7u0006356rdrzr2yfu@published\" data-editable=\"text\" data-component-name=\"paragraph\" data-article-gutter=\"true\">\n            Otro legislador en ejercicio, el representante Cory Mills, un republicano de la C\u00e1mara de Representantes que enfrenta una investigaci\u00f3n \u00e9tica en varios frentes, perdi\u00f3 su esca\u00f1o el martes ante un expresentador de noticias respaldado por dos miembros republicanos de la delegaci\u00f3n congresional del estado.\n    <\/p>\n<p class=\"paragraph inline-placeholder vossi-paragraph\" data-uri=\"es.cms.cnn.com\/_components\/paragraph\/instances\/cmszkxn7u0007356rkz5n81x7@published\" data-editable=\"text\" data-component-name=\"paragraph\" data-article-gutter=\"true\">\n            Estas son las conclusiones de <a href=\"https:\/\/www.cnn.com\/2026\/08\/18\/politics\/live-news\/florida-primary-election-results\" rel=\"nofollow noopener\" target=\"_blank\">las primarias del martes<\/a> en Florida, Alaska y Wyoming, en un d\u00eda en que los votantes de California tambi\u00e9n eleg\u00edan entre dos dem\u00f3cratas para cubrir una vacante en la C\u00e1mara de Representantes.\n    <\/p>\n<p class=\"paragraph inline-placeholder vossi-paragraph\" data-uri=\"es.cms.cnn.com\/_components\/paragraph\/instances\/cmszkxn7u0009356rqps1le6e@published\" data-editable=\"text\" data-component-name=\"paragraph\" data-article-gutter=\"true\">\n            Los resultados de las primarias de ambos partidos en la contienda por la gobernaci\u00f3n de Florida no fueron ninguna sorpresa.\n    <\/p>\n<p class=\"paragraph inline-placeholder vossi-paragraph\" data-uri=\"es.cms.cnn.com\/_components\/paragraph\/instances\/cmszl8abs0023356rrx87a15p@published\" data-editable=\"text\" data-component-name=\"paragraph\" data-article-gutter=\"true\">\n            El equipo de an\u00e1lisis de CNN proyect\u00f3 que los republicanos eligieron al representante Byron Donalds, quien contaba con el respaldo de Trump, mientras que los dem\u00f3cratas nominaron al exrepresentante David Jolly, quien abandon\u00f3 el Partido Republicano en 2018 y se afili\u00f3 oficialmente al Partido Dem\u00f3crata el a\u00f1o pasado.\n    <\/p>\n<p class=\"paragraph inline-placeholder vossi-paragraph\" data-uri=\"es.cms.cnn.com\/_components\/paragraph\/instances\/cmszkxn7u000a356rdpbv1li2@published\" data-editable=\"text\" data-component-name=\"paragraph\" data-article-gutter=\"true\">\n            \u201cEsta noche est\u00e1 surgiendo una nueva coalici\u00f3n en la pol\u00edtica estadounidense, y est\u00e1 comenzando aqu\u00ed mismo, en el estado de Florida\u201d, declar\u00f3 Jolly en su acto de celebraci\u00f3n de la victoria.\n    <\/p>\n<p>       <img decoding=\"async\" src=\"https:\/\/www.europesays.com\/es\/wp-content\/uploads\/2026\/08\/ap26231047410558-20260819044624562.jpg\" alt=\"El candidato dem\u00f3crata a gobernador de Florida, David Jolly, durante el acto para seguir los resultados de las elecciones primarias en Miami Lakes, Florida, el martes.\" class=\"image__dam-img image__dam-img--loading\" onload=\"this.classList.remove('image__dam-img--loading')\" onerror=\"imageLoadError(this)\" height=\"573\" width=\"860\" loading=\"lazy\"\/><\/p>\n<p class=\"paragraph inline-placeholder vossi-paragraph\" data-uri=\"es.cms.cnn.com\/_components\/paragraph\/instances\/cmszkxn7v000d356rl0m1fwrs@published\" data-editable=\"text\" data-component-name=\"paragraph\" data-article-gutter=\"true\">\n            Florida ya no es el estado indeciso que sol\u00eda ser, y Donalds llega a las elecciones generales con enormes ventajas en la recaudaci\u00f3n de fondos (recaud\u00f3 m\u00e1s de US$ 100 millones durante las primarias) y en el electorado en general, con 1,5 millones m\u00e1s de republicanos registrados que de dem\u00f3cratas en el Estado del Sol.\n    <\/p>\n<p class=\"paragraph inline-placeholder vossi-paragraph\" data-uri=\"es.cms.cnn.com\/_components\/paragraph\/instances\/cmszkxn7v000e356r2uabmf63@published\" data-editable=\"text\" data-component-name=\"paragraph\" data-article-gutter=\"true\">\n            Donalds centr\u00f3 su campa\u00f1a en la reforma del impuesto a la propiedad, la regulaci\u00f3n de los centros de datos y una estrecha colaboraci\u00f3n con la administraci\u00f3n Trump. Elogi\u00f3 a DeSantis y al exgobernador y ahora senador Rick Scott por haber construido lo que \u00e9l denomin\u00f3 \u201cuna base s\u00f3lida\u201d en el estado.\n    <\/p>\n<p class=\"paragraph inline-placeholder vossi-paragraph\" data-uri=\"es.cms.cnn.com\/_components\/paragraph\/instances\/cmszkxn7v000f356rix5kqi4z@published\" data-editable=\"text\" data-component-name=\"paragraph\" data-article-gutter=\"true\">\n            \u201cEsta noche dejamos de lado nuestras diferencias\u201d, declar\u00f3. \u201cSomos un Partido Republicano unido\u201d.\n    <\/p>\n<p class=\"paragraph inline-placeholder vossi-paragraph\" data-uri=\"es.cms.cnn.com\/_components\/paragraph\/instances\/cmszkxn7v000g356rdx3uegbw@published\" data-editable=\"text\" data-component-name=\"paragraph\" data-article-gutter=\"true\">\n            Aun as\u00ed, la victoria de Donalds no fue particularmente inspiradora. Estaba en camino de terminar por debajo del umbral del 50 % a pesar de haber hecho campa\u00f1a durante m\u00e1s de un a\u00f1o con el respaldo de Trump y el apoyo de gran parte de la c\u00fapula del Partido Republicano estatal.\n    <\/p>\n<p class=\"paragraph inline-placeholder vossi-paragraph\" data-uri=\"es.cms.cnn.com\/_components\/paragraph\/instances\/cmszkxn7v000h356rd8xjze5s@published\" data-editable=\"text\" data-component-name=\"paragraph\" data-article-gutter=\"true\">\n            \u00bfPor qu\u00e9 no super\u00f3 el 50 %? Es algo que su campa\u00f1a debe analizar, seg\u00fan declar\u00f3 a CNN un recaudador de fondos republicano.\n    <\/p>\n<p class=\"paragraph inline-placeholder vossi-paragraph\" data-uri=\"es.cms.cnn.com\/_components\/paragraph\/instances\/cmszkxn7v000i356r9ldxjxjk@published\" data-editable=\"text\" data-component-name=\"paragraph\" data-article-gutter=\"true\">\n            \u201cNos sorprendi\u00f3 un poco que no lo consiguiera\u201d, coment\u00f3 el recaudador de fondos. \u201c\u00bfExiste alguna vulnerabilidad real? \u00bfLe perjudic\u00f3 el \u00edndice de aprobaci\u00f3n de Trump? Tienen que averiguarlo\u201d.\n    <\/p>\n<p class=\"paragraph inline-placeholder vossi-paragraph\" data-uri=\"es.cms.cnn.com\/_components\/paragraph\/instances\/cmszkxn7w000j356rpln3hz2h@published\" data-editable=\"text\" data-component-name=\"paragraph\" data-article-gutter=\"true\">\n            Hace apenas unas semanas, el representante Andy Biggs, otro incondicional de MAGA respaldado por Trump, <a href=\"https:\/\/www.cnn.com\/2026\/07\/21\/politics\/arizona-primaries-takeaways\" rel=\"nofollow noopener\" target=\"_blank\">obtuvo la nominaci\u00f3n republicana para gobernador de Arizona<\/a> con aproximadamente el 74 % de los votos.\n    <\/p>\n<p class=\"paragraph inline-placeholder vossi-paragraph\" data-uri=\"es.cms.cnn.com\/_components\/paragraph\/instances\/cmszlestf002n356rgnwjnbrh@published\" data-editable=\"text\" data-component-name=\"paragraph\" data-article-gutter=\"true\">\n            Pocos esperaban que Donalds igualara esa cifra el martes en la contienda a cuatro bandas. Aun as\u00ed, el resultado final result\u00f3 en una noche de primarias que no dio muchos motivos de preocupaci\u00f3n a los partidarios de Donalds, pero que, sin embargo, gener\u00f3 inquietud en algunos.\n    <\/p>\n<p class=\"paragraph inline-placeholder vossi-paragraph\" data-uri=\"es.cms.cnn.com\/_components\/paragraph\/instances\/cmszkxn7w000k356r4kpj5196@published\" data-editable=\"text\" data-component-name=\"paragraph\" data-article-gutter=\"true\">\n            \u201cVa a ser una contienda m\u00e1s re\u00f1ida, al menos al principio, de lo que la mayor\u00eda de la gente cre\u00eda hace unos meses\u201d, indic\u00f3 otro veterano miembro del Partido Republicano en el estado, poco despu\u00e9s de que cayera el confeti en el acto de Donalds para seguir los resultados electorales.\n    <\/p>\n<p class=\"paragraph inline-placeholder vossi-paragraph\" data-uri=\"es.cms.cnn.com\/_components\/paragraph\/instances\/cmszkxn7w000l356rnkrk9g70@published\" data-editable=\"text\" data-component-name=\"paragraph\" data-article-gutter=\"true\">\n            Otro posible factor: si bien DeSantis se neg\u00f3 a respaldar a ning\u00fan candidato en la contienda, incluido su propio vicegobernador, Jay Collins, s\u00ed plante\u00f3 dudas durante las primarias sobre la candidatura de Donalds.\n    <\/p>\n<p>        M\u00e1s candidatos de Trump pierden<\/p>\n<p class=\"paragraph inline-placeholder vossi-paragraph\" data-uri=\"es.cms.cnn.com\/_components\/paragraph\/instances\/cmszkxn7x000s356rb7a4r1uh@published\" data-editable=\"text\" data-component-name=\"paragraph\" data-article-gutter=\"true\">\n            Los resultados del martes en Florida fueron tambi\u00e9n la \u00faltima se\u00f1al de que el respaldo de Trump, el activo m\u00e1s codiciado en las campa\u00f1as republicanas, no garantiza la victoria.\n    <\/p>\n<p class=\"paragraph inline-placeholder vossi-paragraph\" data-uri=\"es.cms.cnn.com\/_components\/paragraph\/instances\/cmszkxn7x000t356r8037rpfs@published\" data-editable=\"text\" data-component-name=\"paragraph\" data-article-gutter=\"true\">\n            Los candidatos que el presidente hab\u00eda respaldado en las elecciones a gobernador de Iowa, Minnesota, Georgia y Carolina del Sur han perdido.\n    <\/p>\n<p class=\"paragraph inline-placeholder vossi-paragraph\" data-uri=\"es.cms.cnn.com\/_components\/paragraph\/instances\/cmszlid8p0031356r0j26hbrs@published\" data-editable=\"text\" data-component-name=\"paragraph\" data-article-gutter=\"true\">\n            Y el martes, CNN proyect\u00f3 que su candidata preferida en la contienda por el distrito 19 de Florida para reemplazar a Donalds, Catalina Lauf, exfuncionaria del Departamento de Comercio, perdi\u00f3 ante Jim Schwartzel, oriundo del suroeste de Florida, presidente de Sun Broadcasting y reci\u00e9n llegado a la pol\u00edtica.\n    <\/p>\n<p class=\"paragraph inline-placeholder vossi-paragraph\" data-uri=\"es.cms.cnn.com\/_components\/paragraph\/instances\/cmszkxn7x000u356rytgcyece@published\" data-editable=\"text\" data-component-name=\"paragraph\" data-article-gutter=\"true\">\n            El candidato elegido por Trump tambi\u00e9n fracas\u00f3 en las primarias republicanas para gobernador de Wyoming.\n    <\/p>\n<p class=\"paragraph inline-placeholder vossi-paragraph\" data-uri=\"es.cms.cnn.com\/_components\/paragraph\/instances\/cmszkxn7x000v356raqzju72n@published\" data-editable=\"text\" data-component-name=\"paragraph\" data-article-gutter=\"true\">\n            Seg\u00fan las proyecciones de CNN, los votantes de esa zona eligieron al senador estatal Eric Barlow por encima de la superintendente estatal de Instrucci\u00f3n P\u00fablica, Megan Degenfelder, respaldada por Trump, como su candidata para reemplazar al gobernador Mark Gordon, cuyo mandato est\u00e1 por terminar.\n    <\/p>\n<p class=\"paragraph inline-placeholder vossi-paragraph\" data-uri=\"es.cms.cnn.com\/_components\/paragraph\/instances\/cmszkxn7x000w356rpmho9ogo@published\" data-editable=\"text\" data-component-name=\"paragraph\" data-article-gutter=\"true\">\n            Sin embargo, una firme aliada de Trump est\u00e1 ahora en posici\u00f3n de unirse al Senado. La senadora Cynthia Lummis se retira, y la representante Harriet Hageman, quien gan\u00f3 su esca\u00f1o al derrotar a la exrepresentante Liz Cheney en 2022 y cont\u00f3 con el respaldo de Trump el martes, gan\u00f3 f\u00e1cilmente las primarias republicanas para el Senado.\n    <\/p>\n<p class=\"paragraph inline-placeholder vossi-paragraph\" data-uri=\"es.cms.cnn.com\/_components\/paragraph\/instances\/cmszkxn7y000x356rcygb7tsh@published\" data-editable=\"text\" data-component-name=\"paragraph\" data-article-gutter=\"true\">\n            Dos de los republicanos m\u00e1s controvertidos que figuraban en las papeletas electorales del martes en Florida no lograron la victoria en sus respectivas contiendas.\n    <\/p>\n<p class=\"paragraph inline-placeholder vossi-paragraph\" data-uri=\"es.cms.cnn.com\/_components\/paragraph\/instances\/cmszkxn7y000y356rczao7gbn@published\" data-editable=\"text\" data-component-name=\"paragraph\" data-article-gutter=\"true\">\n            <a href=\"https:\/\/www.cnn.com\/2026\/04\/21\/politics\/nancy-mace-cory-mills-feud\" rel=\"nofollow noopener\" target=\"_blank\">Mills<\/a>, quien recibi\u00f3 el respaldo de Trump en febrero pero estuvo notablemente ausente cuando Trump public\u00f3 en las redes sociales a principios de este mes una lista de republicanos de Florida a los que hab\u00eda apoyado, perder\u00e1 ante el expresentador de noticias Ryan Elijah, seg\u00fan las proyecciones del equipo de an\u00e1lisis de CNN.\n    <\/p>\n<p>       <img decoding=\"async\" src=\"https:\/\/www.europesays.com\/es\/wp-content\/uploads\/2026\/08\/gettyimages-2272589726-20260819044424563.jpg\" alt=\"El representante Cory Mills en el Capitolio de Estados Unidos, el 22 de abril.\" class=\"image__dam-img image__dam-img--loading\" onload=\"this.classList.remove('image__dam-img--loading')\" onerror=\"imageLoadError(this)\" height=\"587\" width=\"860\" loading=\"lazy\"\/><\/p>\n<p class=\"paragraph inline-placeholder vossi-paragraph\" data-uri=\"es.cms.cnn.com\/_components\/paragraph\/instances\/cmszkxn7y0011356rgfglotrw@published\" data-editable=\"text\" data-component-name=\"paragraph\" data-article-gutter=\"true\">\n            El congresista, que cumple su segundo mandato, est\u00e1 siendo investigado por la Comisi\u00f3n de \u00c9tica de la C\u00e1mara de Representantes por posibles infracciones a las leyes de financiaci\u00f3n de campa\u00f1as, una acusaci\u00f3n de difamaci\u00f3n y una alegaci\u00f3n de agresi\u00f3n.\n    <\/p>\n<p class=\"paragraph inline-placeholder vossi-paragraph\" data-uri=\"es.cms.cnn.com\/_components\/paragraph\/instances\/cmszll64g003c356rxvwqg64f@published\" data-editable=\"text\" data-component-name=\"paragraph\" data-article-gutter=\"true\">\n            Mills ha negado repetidamente haber cometido irregularidades. Sin embargo, dos de sus colegas republicanos en la delegaci\u00f3n de Florida, los representantes Anna Paulina Luna y Mike Haridopolos, respaldaron a Elijah, y DeSantis declar\u00f3 la semana pasada a la prensa que no apoyaba a Mills.\n    <\/p>\n<p class=\"paragraph inline-placeholder vossi-paragraph\" data-uri=\"es.cms.cnn.com\/_components\/paragraph\/instances\/cmszkxn7y0012356r7xjvqb9i@published\" data-editable=\"text\" data-component-name=\"paragraph\" data-article-gutter=\"true\">\n            Mientras tanto, en las primarias republicanas para gobernador, el influyente conservador James Fishback se encaminaba a un distante tercer lugar con aproximadamente una d\u00e9cima parte de los votos.\n    <\/p>\n<p class=\"paragraph inline-placeholder vossi-paragraph\" data-uri=\"es.cms.cnn.com\/_components\/paragraph\/instances\/cmszllwjk003e356r254hnnxv@published\" data-editable=\"text\" data-component-name=\"paragraph\" data-article-gutter=\"true\">\n            Fishback, de 31 a\u00f1os, es conocido por su discurso racista y ha llamado a Donalds, quien es negro, \u201cesclavo de sus donantes\u201d y \u201crepublicano de la DEI\u201d que \u201cconvertir\u00eda Florida en un gueto de vivienda social\u201d.\n    <\/p>\n<p class=\"paragraph inline-placeholder vossi-paragraph\" data-uri=\"es.cms.cnn.com\/_components\/paragraph\/instances\/cmszkxn7y0014356r1y5tl68s@published\" data-editable=\"text\" data-component-name=\"paragraph\" data-article-gutter=\"true\">\n            Los socialistas dem\u00f3cratas lograron otra victoria aplastante en Florida, ya que CNN proyect\u00f3 que Nixon derrotar\u00e1 al teniente coronel retirado del ej\u00e9rcito Alex Vindman en las primarias dem\u00f3cratas para el Senado.\n    <\/p>\n<p class=\"paragraph inline-placeholder vossi-paragraph\" data-uri=\"es.cms.cnn.com\/_components\/paragraph\/instances\/cmszkxn7z0015356rgkic492i@published\" data-editable=\"text\" data-component-name=\"paragraph\" data-article-gutter=\"true\">\n            Vindman recaud\u00f3 y gast\u00f3 much\u00edsimo m\u00e1s dinero que Nixon antes de la contienda del martes para enfrentarse a la senadora republicana Ashley Moody.Es un h\u00e9roe de la resistencia dem\u00f3crata, testigo clave en la primera investigaci\u00f3n de juicio pol\u00edtico contra Trump.\n    <\/p>\n<p class=\"paragraph inline-placeholder vossi-paragraph\" data-uri=\"es.cms.cnn.com\/_components\/paragraph\/instances\/cmszln1oo003j356raij9flks@published\" data-editable=\"text\" data-component-name=\"paragraph\" data-article-gutter=\"true\">\n            Seg\u00fan los informes de recaudaci\u00f3n de fondos m\u00e1s recientes, Vindman recaud\u00f3 US$ 16 millones frente a aproximadamente un mill\u00f3n, y contaba con m\u00e1s de US$ 7 millones en el banco para las \u00faltimas semanas de la campa\u00f1a de las primarias, en comparaci\u00f3n con los apenas US$ 265.000 de Nixon.\n    <\/p>\n<p class=\"paragraph inline-placeholder vossi-paragraph\" data-uri=\"es.cms.cnn.com\/_components\/paragraph\/instances\/cmszkxn7z0016356ryparzqyg@published\" data-editable=\"text\" data-component-name=\"paragraph\" data-article-gutter=\"true\">\n            Pero la contienda electoral fue el recordatorio m\u00e1s reciente de la creciente frustraci\u00f3n del electorado dem\u00f3crata con la guerra de Israel en Gaza tras el ataque de Hamas del 7 de octubre de 2023.\n    <\/p>\n<p class=\"paragraph inline-placeholder vossi-paragraph\" data-uri=\"es.cms.cnn.com\/_components\/paragraph\/instances\/cmszlonke003t356r60384qpy@published\" data-editable=\"text\" data-component-name=\"paragraph\" data-article-gutter=\"true\">\n            Nixon ha convertido la lucha de los palestinos en un eje central de su campa\u00f1a y ha pedido a Estados Unidos que ponga fin a su apoyo militar a Israel.\n    <\/p>\n<p class=\"paragraph inline-placeholder vossi-paragraph\" data-uri=\"es.cms.cnn.com\/_components\/paragraph\/instances\/cmszlp871003w356rgvjwehlw@published\" data-editable=\"text\" data-component-name=\"paragraph\" data-article-gutter=\"true\">\n            Tambi\u00e9n destac\u00f3 su firme oposici\u00f3n a <a href=\"https:\/\/www.cnn.com\/2026\/05\/04\/politics\/florida-redistricting-ron-desantis-voting-rights-act-vis\" rel=\"nofollow noopener\" target=\"_blank\">la redistribuci\u00f3n de distritos electorales<\/a> propuesta por DeSantis, llegando incluso a ser arrestada en mayo tras una sentada en la oficina del gobernador.\n    <\/p>\n<p class=\"paragraph inline-placeholder vossi-paragraph\" data-uri=\"es.cms.cnn.com\/_components\/paragraph\/instances\/cmszkxn7z0017356rxx3xp316@published\" data-editable=\"text\" data-component-name=\"paragraph\" data-article-gutter=\"true\">\n            Antes de las elecciones, Nixon le dijo a Laura Coates de CNN que recientemente se hab\u00eda unido a los Socialistas Democr\u00e1ticos de Am\u00e9rica porque el grupo se alinea con \u201cmis creencias de que la gente, la gente trabajadora y corriente, deber\u00eda tener la oportunidad de dar forma a c\u00f3mo son sus comunidades y c\u00f3mo son sus econom\u00edas\u201d.\n    <\/p>\n<p class=\"paragraph inline-placeholder vossi-paragraph\" data-uri=\"es.cms.cnn.com\/_components\/paragraph\/instances\/cmszkxn7z0018356r2mmg14dg@published\" data-editable=\"text\" data-component-name=\"paragraph\" data-article-gutter=\"true\">\n            \u201cPodemos hablar de etiquetas todo el d\u00eda, de las etiquetas que se ponen las personas\u201d, dijo. \u201cLo que me preocupa son las necesidades de la gente\u201d.\n    <\/p>\n<p class=\"paragraph inline-placeholder vossi-paragraph\" data-uri=\"es.cms.cnn.com\/_components\/paragraph\/instances\/cmszkxn7z0019356r33pq7mef@published\" data-editable=\"text\" data-component-name=\"paragraph\" data-article-gutter=\"true\">\n            Nixon bas\u00f3 su campa\u00f1a en su trayectoria legislativa, donde impuls\u00f3 la ampliaci\u00f3n del acceso a la educaci\u00f3n infantil temprana y combati\u00f3 la especulaci\u00f3n de precios por parte de las grandes corporaciones.\n    <\/p>\n<p class=\"paragraph inline-placeholder vossi-paragraph\" data-uri=\"es.cms.cnn.com\/_components\/paragraph\/instances\/cmszlq31q003y356r30uk6hoj@published\" data-editable=\"text\" data-component-name=\"paragraph\" data-article-gutter=\"true\">\n            Su programa pol\u00edtico contempla la cobertura sanitaria universal, guarder\u00edas gratuitas, una congelaci\u00f3n nacional de los alquileres y una moratoria sobre los desalojos.\n    <\/p>\n<p>       <img decoding=\"async\" src=\"https:\/\/www.europesays.com\/es\/wp-content\/uploads\/2026\/08\/12-gettyimages-2290640251-20260819044259700.jpg\" alt=\"La representante estatal de Florida, Angie Nixon, hace campa\u00f1a en Domino Park en Miami para obtener la nominaci\u00f3n dem\u00f3crata al Senado de Estados Unidos, el 15 de agosto.\" class=\"image__dam-img image__dam-img--loading\" onload=\"this.classList.remove('image__dam-img--loading')\" onerror=\"imageLoadError(this)\" height=\"573\" width=\"860\" loading=\"lazy\"\/><\/p>\n<p class=\"paragraph inline-placeholder vossi-paragraph\" data-uri=\"es.cms.cnn.com\/_components\/paragraph\/instances\/cmszkxn80001c356rbbsbzrc3@published\" data-editable=\"text\" data-component-name=\"paragraph\" data-article-gutter=\"true\">\n            Aun as\u00ed, la victoria de Nixon es una sorpresa. No recibi\u00f3 el respaldo de figuras progresistas destacadas, aunque s\u00ed cont\u00f3 con el apoyo de algunos miembros de la C\u00e1mara de Representantes, como Rashida Tlaib, de Michigan, e Ilhan Omar, de Minnesota.\n    <\/p>\n<p class=\"paragraph inline-placeholder vossi-paragraph\" data-uri=\"es.cms.cnn.com\/_components\/paragraph\/instances\/cmszlqqq70044356rbcx1rvlp@published\" data-editable=\"text\" data-component-name=\"paragraph\" data-article-gutter=\"true\">\n            Las <a href=\"https:\/\/www.cnn.com\/2026\/08\/12\/politics\/kalshi-wisconsin-michigan-prediction\" rel=\"nofollow noopener\" target=\"_blank\">primarias para gobernador de Wisconsin<\/a> la semana pasada parecieron demostrar que los socialistas democr\u00e1ticos podr\u00edan encontrar mayor resistencia en los estados indecisos que la que han experimentado durante su exitosa campa\u00f1a en las primarias para la C\u00e1mara de Representantes esta temporada.\n    <\/p>\n<p class=\"paragraph inline-placeholder vossi-paragraph\" data-uri=\"es.cms.cnn.com\/_components\/paragraph\/instances\/cmszkxn80001d356rhsf3arec@published\" data-editable=\"text\" data-component-name=\"paragraph\" data-article-gutter=\"true\">\n            Sin embargo, Moody es el claro favorito en noviembre en un estado que se ha inclinado mucho hacia la derecha en los \u00faltimos a\u00f1os.\n    <\/p>\n<p class=\"paragraph inline-placeholder vossi-paragraph\" data-uri=\"es.cms.cnn.com\/_components\/paragraph\/instances\/cmszkxn80001e356rv2w8vjfk@published\" data-editable=\"text\" data-component-name=\"paragraph\" data-article-gutter=\"true\">\n            Las posturas de Nixon podr\u00edan alienar al electorado general que ha votado por Trump en sus tres campa\u00f1as presidenciales.\n    <\/p>\n<p class=\"paragraph inline-placeholder vossi-paragraph\" data-uri=\"es.cms.cnn.com\/_components\/paragraph\/instances\/cmszlrx4c0047356ryvj0zztj@published\" data-editable=\"text\" data-component-name=\"paragraph\" data-article-gutter=\"true\">\n            Y dado a que los dem\u00f3cratas necesitan destinar recursos a un pu\u00f1ado de estados republicanos, como Alaska, Iowa, Ohio y Texas, para encontrar la manera de obtener los cuatro esca\u00f1os que necesitan para conseguir la mayor\u00eda en el Senado, es improbable que Florida se convierta en un objetivo prioritario para el partido.\n    <\/p>\n<p class=\"paragraph inline-placeholder vossi-paragraph\" data-uri=\"es.cms.cnn.com\/_components\/paragraph\/instances\/cmszkxn80001g356r15cayeju@published\" data-editable=\"text\" data-component-name=\"paragraph\" data-article-gutter=\"true\">\n            La insurgencia progresista fracas\u00f3 en otras dos contiendas muy re\u00f1idas, ya que CNN proyect\u00f3 que los representantes dem\u00f3cratas Jared Moskowitz y Debbie Wasserman Schultz ganar\u00e1n las primarias en nuevos distritos.\n    <\/p>\n<p class=\"paragraph inline-placeholder vossi-paragraph\" data-uri=\"es.cms.cnn.com\/_components\/paragraph\/instances\/cmszkxn80001h356r0nrlphak@published\" data-editable=\"text\" data-component-name=\"paragraph\" data-article-gutter=\"true\">\n            Moskowitz, que cuenta con el apoyo de fuerzas proisrael\u00edes y defensoras de la inteligencia artificial, derrot\u00f3 a Oliver Larkin, un activista y organizador sindical de 34 a\u00f1os, en el distrito 25 de la costa este del sur de Florida.\n    <\/p>\n<p class=\"paragraph inline-placeholder vossi-paragraph\" data-uri=\"es.cms.cnn.com\/_components\/paragraph\/instances\/cmszm3j7v004b356r0x40zwbs@published\" data-editable=\"text\" data-component-name=\"paragraph\" data-article-gutter=\"true\">\n            En una entrevista con Dana Bash de CNN el martes por la noche, Moskowitz arremeti\u00f3 contra los socialistas democr\u00e1ticos, afirmando que el pueblo estadounidense \u201cquiere un cambio, pero no este tipo de extremismo\u201d.\n    <\/p>\n<p class=\"paragraph inline-placeholder vossi-paragraph\" data-uri=\"es.cms.cnn.com\/_components\/paragraph\/instances\/cmszm497m005b356r50es7abj@published\" data-editable=\"text\" data-component-name=\"paragraph\" data-article-gutter=\"true\">\n            Se\u00f1al\u00f3 que su nuevo distrito est\u00e1 compuesto en un 25 % por jud\u00edos y en un 20 % por hispanos.\n    <\/p>\n<p class=\"paragraph inline-placeholder vossi-paragraph\" data-uri=\"es.cms.cnn.com\/_components\/paragraph\/instances\/cmszm3kvz004d356rkqek9bho@published\" data-editable=\"text\" data-component-name=\"paragraph\" data-article-gutter=\"true\">\n            \u201cLa gente ha escapado del socialismo\u201d, declar\u00f3 Moskowitz. \u201cY cuando oyen a la gente de la DSA salir en televisi\u00f3n y hablar de c\u00f3mo quieren abolir el Senado\u2026 y de c\u00f3mo quieren eliminar las c\u00e1rceles, y de que no hay fronteras, la mayor\u00eda de los estadounidenses oyen eso y se preguntan: \u2018\u00bfQu\u00e9 est\u00e1 pasando?\u2019\u201d.\n    <\/p>\n<p class=\"paragraph inline-placeholder vossi-paragraph\" data-uri=\"es.cms.cnn.com\/_components\/paragraph\/instances\/cmszm3kvz004e356rw2szr7me@published\" data-editable=\"text\" data-component-name=\"paragraph\" data-article-gutter=\"true\">\n            A\u00f1adi\u00f3: \u201cEste es un distrito proisrael\u00ed. Y lo que funciona en Nueva York o en otros lugares del pa\u00eds no va a funcionar en el sur de Florida\u201d.\n    <\/p>\n<p>       <img decoding=\"async\" src=\"https:\/\/www.europesays.com\/es\/wp-content\/uploads\/2026\/08\/gettyimages-2291028088-20260819050230934.jpg\" alt=\"La representante Debbie Wasserman Schultz hace campa\u00f1a el martes frente al centro de votaci\u00f3n Kings Point Clubhouse en Tamarac, Florida.\" class=\"image__dam-img image__dam-img--loading\" onload=\"this.classList.remove('image__dam-img--loading')\" onerror=\"imageLoadError(this)\" height=\"573\" width=\"860\" loading=\"lazy\"\/><\/p>\n<p class=\"paragraph inline-placeholder vossi-paragraph\" data-uri=\"es.cms.cnn.com\/_components\/paragraph\/instances\/cmszm3kw0004h356rx3qo307d@published\" data-editable=\"text\" data-component-name=\"paragraph\" data-article-gutter=\"true\">\n            Mientras tanto, Wasserman Schultz gan\u00f3 a pesar de haber optado por postularse en el Distrito 20, de mayor\u00eda afroamericana, en el condado de Broward, en lugar de su anterior Distrito 25.\n    <\/p>\n<p class=\"paragraph inline-placeholder vossi-paragraph\" data-uri=\"es.cms.cnn.com\/_components\/paragraph\/instances\/cmszm5d63005i356rxnqy3vfp@published\" data-editable=\"text\" data-component-name=\"paragraph\" data-article-gutter=\"true\">\n            Su victoria probablemente signifique que el distrito no estar\u00e1 representado por un legislador afroamericano en el Congreso el pr\u00f3ximo a\u00f1o, lo que marcar\u00eda la primera vez en m\u00e1s de 30 a\u00f1os.\n    <\/p>\n<p class=\"paragraph inline-placeholder vossi-paragraph\" data-uri=\"es.cms.cnn.com\/_components\/paragraph\/instances\/cmszm3kw0004i356rdmvcyuav@published\" data-editable=\"text\" data-component-name=\"paragraph\" data-article-gutter=\"true\">\n            \u201cEstamos viviendo un momento muy dif\u00edcil y tenso en nuestro pa\u00eds. Hay mucho en juego. Y quiero que la gente sepa que la representaci\u00f3n importa. Importa, y luchar\u00e9 para que la representaci\u00f3n vuelva a tener peso\u201d, declar\u00f3 a sus seguidores el martes por la noche.\n    <\/p>\n<p class=\"paragraph inline-placeholder vossi-paragraph\" data-uri=\"es.cms.cnn.com\/_components\/paragraph\/instances\/cmszm3kw0004j356rqyxlx7wj@published\" data-editable=\"text\" data-component-name=\"paragraph\" data-article-gutter=\"true\">\n            Los exlegisladores que ve\u00edan en el distrito 19 de Florida, que qued\u00f3 vacante tras la salida de Donalds, una posible v\u00eda para volver al poder, fracasaron el martes.\n    <\/p>\n<p class=\"paragraph inline-placeholder vossi-paragraph\" data-uri=\"es.cms.cnn.com\/_components\/paragraph\/instances\/cmszm3kw1004k356rxqll6ci1@published\" data-editable=\"text\" data-component-name=\"paragraph\" data-article-gutter=\"true\">\n            La contienda republicana por el distrito 19 de la C\u00e1mara de Representantes cont\u00f3 con la participaci\u00f3n de dos exmiembros republicanos del Congreso que hab\u00edan representado a diferentes estados: el exrepresentante de Nueva York, <a href=\"https:\/\/www.cnn.com\/2020\/01\/17\/politics\/collins-sentencing\" rel=\"nofollow noopener\" target=\"_blank\">Chris Collins,<\/a> y el exrepresentante de Carolina del Norte, <a href=\"https:\/\/www.cnn.com\/2022\/03\/31\/politics\/madison-cawthorn-background-controversy\" rel=\"nofollow noopener\" target=\"_blank\">Madison Cawthorn<\/a>.\n    <\/p>\n<p class=\"paragraph inline-placeholder vossi-paragraph\" data-uri=\"es.cms.cnn.com\/_components\/paragraph\/instances\/cmszm6p3q005l356rmg67avii@published\" data-editable=\"text\" data-component-name=\"paragraph\" data-article-gutter=\"true\">\n            Ninguno de los dos obtuvo m\u00e1s del 10 % de los votos, al igual que el exlegislador estatal de Illinois, Jim Oberweis.\n    <\/p>\n<p class=\"paragraph inline-placeholder vossi-paragraph\" data-uri=\"es.cms.cnn.com\/_components\/paragraph\/instances\/cmszm3kw3004p356rufv4jlsx@published\" data-editable=\"text\" data-component-name=\"paragraph\" data-article-gutter=\"true\">\n            Dos exmiembros dem\u00f3cratas del Congreso tambi\u00e9n fracasaron en sus intentos de regresar a la pol\u00edtica.\n    <\/p>\n<p class=\"paragraph inline-placeholder vossi-paragraph\" data-uri=\"es.cms.cnn.com\/_components\/paragraph\/instances\/cmszm3kw4004q356re8rdk2fw@published\" data-editable=\"text\" data-component-name=\"paragraph\" data-article-gutter=\"true\">\n            Wasserman Schultz derrot\u00f3 a la excongresista <a href=\"https:\/\/www.cnn.com\/2026\/04\/21\/politics\/sheila-cherfilus-mccormick-resigns-house-congress\" rel=\"nofollow noopener\" target=\"_blank\">Sheila Cherfilus-McCormick<\/a>, quien renunci\u00f3 a su esca\u00f1o en abril para evitar una votaci\u00f3n de la Comisi\u00f3n de \u00c9tica que podr\u00eda haberla obligado a abandonar el Congreso.\n    <\/p>\n<p class=\"paragraph inline-placeholder vossi-paragraph\" data-uri=\"es.cms.cnn.com\/_components\/paragraph\/instances\/cmszm8lgb0060356rn2dph8ua@published\" data-editable=\"text\" data-component-name=\"paragraph\" data-article-gutter=\"true\">\n            La comisi\u00f3n la hab\u00eda declarado culpable previamente de numerosas violaciones \u00e9ticas, en medio de acusaciones de haber robado millones de d\u00f3lares en fondos de ayuda por la pandemia y haberlos utilizado para impulsar su campa\u00f1a de 2021.\n    <\/p>\n<p class=\"paragraph inline-placeholder vossi-paragraph\" data-uri=\"es.cms.cnn.com\/_components\/paragraph\/instances\/cmszm8zj20063356rekn0kwt1@published\" data-editable=\"text\" data-component-name=\"paragraph\" data-article-gutter=\"true\">\n            Cherfilus-McCormick tambi\u00e9n enfrenta cargos penales por separado y se ha declarado inocente.\n    <\/p>\n<p class=\"paragraph inline-placeholder vossi-paragraph\" data-uri=\"es.cms.cnn.com\/_components\/paragraph\/instances\/cmszm3kw4004r356r80oyqll2@published\" data-editable=\"text\" data-component-name=\"paragraph\" data-article-gutter=\"true\">\n            El exrepresentante progresista Alan Grayson tambi\u00e9n fracas\u00f3 en su \u00faltimo intento, tras una d\u00e9cada de reveses, por regresar al cargo. Termin\u00f3 en un distante tercer lugar en las primarias dem\u00f3cratas para la C\u00e1mara de Representantes del 7.\u00ba Distrito.\n    <\/p>\n<p class=\"paragraph inline-placeholder vossi-paragraph\" data-uri=\"es.cms.cnn.com\/_components\/paragraph\/instances\/cmszm3kw4004t356rhhw4rgli@published\" data-editable=\"text\" data-component-name=\"paragraph\" data-article-gutter=\"true\">\n            Ambos partidos estar\u00e1n atentos a los resultados de las primarias al Senado de Alaska en la madrugada del mi\u00e9rcoles, cuando los votantes elijan a cuatro candidatos para pasar a las elecciones generales por orden de preferencia.\n    <\/p>\n<p class=\"paragraph inline-placeholder vossi-paragraph\" data-uri=\"es.cms.cnn.com\/_components\/paragraph\/instances\/cmszm3kw5004u356r8cj50r6l@published\" data-editable=\"text\" data-component-name=\"paragraph\" data-article-gutter=\"true\">\n            Dos de ellos tienen la victoria pr\u00e1cticamente asegurada: el actual senador republicano Dan Sullivan y la exdiputada dem\u00f3crata Mary Peltola, quien ha adoptado el lema de \u201cpescado, familia, libertad\u201d mientras busca ganarse el voto de los independientes y de derecha en lo que suele ser un estado tradicionalmente republicano.\n    <\/p>\n<p class=\"paragraph inline-placeholder vossi-paragraph\" data-uri=\"es.cms.cnn.com\/_components\/paragraph\/instances\/cmszm3kw5004v356rhgfufp37@published\" data-editable=\"text\" data-component-name=\"paragraph\" data-article-gutter=\"true\">\n            La pregunta m\u00e1s importante podr\u00eda ser si <a href=\"https:\/\/www.cnn.com\/2026\/06\/07\/politics\/dan-sullivan-alaska-senate-ballot\" rel=\"nofollow noopener\" target=\"_blank\">otro Dan Sullivan<\/a> lograr\u00e1 entrar en la lista.\n    <\/p>\n<p>       <img decoding=\"async\" src=\"https:\/\/www.europesays.com\/es\/wp-content\/uploads\/2026\/08\/dansullivans-20260819050100192.jpg\" alt=\"Daniel J. Sullivan Jr., a la izquierda, y el senador en funciones Dan S. Sullivan, a la derecha.\" class=\"image__dam-img image__dam-img--loading\" onload=\"this.classList.remove('image__dam-img--loading')\" onerror=\"imageLoadError(this)\" height=\"484\" width=\"860\" loading=\"lazy\"\/><\/p>\n<p class=\"paragraph inline-placeholder vossi-paragraph\" data-uri=\"es.cms.cnn.com\/_components\/paragraph\/instances\/cmszm3kw6004y356recqm9vbg@published\" data-editable=\"text\" data-component-name=\"paragraph\" data-article-gutter=\"true\">\n            Los republicanos fracasaron en sus intentos de lograr que un segundo Sullivan \u2014un exmaestro que comparte nombre y apellido con el actual titular\u2014 fuera excluido de la boleta electoral.\n    <\/p>\n<p class=\"paragraph inline-placeholder vossi-paragraph\" data-uri=\"es.cms.cnn.com\/_components\/paragraph\/instances\/cmszm3kw6004z356rkfuyz4yv@published\" data-editable=\"text\" data-component-name=\"paragraph\" data-article-gutter=\"true\">\n            El senador aparece en las papeletas como Dan S. Sullivan y figura como republicano y titular del cargo. El otro Sullivan se identifica como Daniel J. Sullivan Jr., y no figura con ninguna afiliaci\u00f3n partidista, a pesar de que se registr\u00f3 como candidato republicano.\n    <\/p>\n<p class=\"paragraph inline-placeholder vossi-paragraph\" data-uri=\"es.cms.cnn.com\/_components\/paragraph\/instances\/cmszm3kw70050356rr1j9sk65@published\" data-editable=\"text\" data-component-name=\"paragraph\" data-article-gutter=\"true\">\n            Se trata de una peculiaridad que no se espera que suponga una seria amenaza para el actual titular, al menos no en las primarias del martes, pero que podr\u00eda marcar la diferencia en unas elecciones generales muy re\u00f1idas si incluso un peque\u00f1o n\u00famero de votantes se confunde.\n    <\/p>\n<p class=\"paragraph inline-placeholder vossi-paragraph\" data-uri=\"es.cms.cnn.com\/_components\/paragraph\/instances\/cmszm3kw70051356ramded7n6@published\" data-editable=\"text\" data-component-name=\"paragraph\" data-article-gutter=\"true\">\n            Trump intervino el martes por la ma\u00f1ana, instando a los votantes a elegir al \u201cverdadero\u201d Dan Sullivan en las elecciones y criticando al candidato rival como un \u201cimpostor\u201d, aunque ha afirmado que su campa\u00f1a es leg\u00edtima.\n    <\/p>\n<p>       <img decoding=\"async\" src=\"https:\/\/www.europesays.com\/es\/wp-content\/uploads\/2026\/08\/10-2026-01-18t020923z-1293160522-rc2c3jailu80-rtrmadp-3-usa-election-alaska-senate-peltola-202608190.jpeg\" alt=\"Mary Peltola lanza su campa\u00f1a como candidata dem\u00f3crata al Senado en Anchorage, Alaska, el 17 de enero.\" class=\"image__dam-img image__dam-img--loading\" onload=\"this.classList.remove('image__dam-img--loading')\" onerror=\"imageLoadError(this)\" height=\"573\" width=\"860\" loading=\"lazy\"\/><\/p>\n<p class=\"paragraph inline-placeholder vossi-paragraph\" data-uri=\"es.cms.cnn.com\/_components\/paragraph\/instances\/cmszm3kwd0054356rh92bib7x@published\" data-editable=\"text\" data-component-name=\"paragraph\" data-article-gutter=\"true\">\n            Mientras tanto, los dem\u00f3cratas esperan que Peltola, quien ha centrado su campa\u00f1a en el tema de la protecci\u00f3n de la pesca silvestre y la econom\u00eda pesquera de Alaska, pueda hacer que la contienda en Alaska sea competitiva, mientras buscan maneras de obtener los cuatro esca\u00f1os en el Senado que necesitar\u00edan para conseguir la mayor\u00eda en noviembre.\n    <\/p>\n<p class=\"paragraph inline-placeholder vossi-paragraph\" data-uri=\"es.cms.cnn.com\/_components\/paragraph\/instances\/cmszm3kwd0055356r2wzrdrcv@published\" data-editable=\"text\" data-component-name=\"paragraph\" data-article-gutter=\"true\">\n            Peltola fue la primera nativa de Alaska elegida al Congreso cuando gan\u00f3 una elecci\u00f3n especial para el esca\u00f1o general de la C\u00e1mara de Representantes del estado en 2022. Fue reelegida para un mandato completo ese mismo oto\u00f1o antes de perder en 2024 ante el representante republicano Nick Begich III.\n    <\/p>\n<p class=\"paragraph inline-placeholder vossi-paragraph\" data-uri=\"es.cms.cnn.com\/_components\/paragraph\/instances\/cmszm3kwd0056356ry2hd8qyw@published\" data-editable=\"text\" data-component-name=\"paragraph\" data-article-gutter=\"true\">\n            Esta noticia se ha actualizado con informaci\u00f3n adicional.\n    <\/p>\n","protected":false},"excerpt":{"rendered":"CNN\u00a0\u2014\u00a0 Los votantes republicanos de Florida eligieron este martes a un aliado cercano del presidente Donald Trump, mientras&hellip;\n","protected":false},"author":2,"featured_media":719428,"comment_status":"","ping_status":"","sticky":false,"template":"","format":"standard","meta":{"footnotes":""},"categories":[42],"tags":[17,18,352,13,14,421,11,61,62,63,64,19,20,9,10,15,16,128643,12,21,22,65,66,67],"class_list":["post-719427","post","type-post","status-publish","format-standard","has-post-thumbnail","category-internacional","tag-breaking-news","tag-breakingnews","tag-donald-trump","tag-featured-news","tag-featurednews","tag-florida","tag-headlines","tag-internacional","tag-international","tag-international-news","tag-internationalnews","tag-latest-news","tag-latestnews","tag-news","tag-noticias","tag-noticias-destacadas","tag-noticiasdestacadas","tag-primarias-ee-uu","tag-titulares","tag-ultimas-noticias","tag-ultimasnoticias","tag-world","tag-world-news","tag-worldnews"],"share_on_mastodon":{"url":"https:\/\/pubeurope.com\/@es\/117121219656124321","error":""},"_links":{"self":[{"href":"https:\/\/www.europesays.com\/es\/wp-json\/wp\/v2\/posts\/719427","targetHints":{"allow":["GET"]}}],"collection":[{"href":"https:\/\/www.europesays.com\/es\/wp-json\/wp\/v2\/posts"}],"about":[{"href":"https:\/\/www.europesays.com\/es\/wp-json\/wp\/v2\/types\/post"}],"author":[{"embeddable":true,"href":"https:\/\/www.europesays.com\/es\/wp-json\/wp\/v2\/users\/2"}],"replies":[{"embeddable":true,"href":"https:\/\/www.europesays.com\/es\/wp-json\/wp\/v2\/comments?post=719427"}],"version-history":[{"count":0,"href":"https:\/\/www.europesays.com\/es\/wp-json\/wp\/v2\/posts\/719427\/revisions"}],"wp:featuredmedia":[{"embeddable":true,"href":"https:\/\/www.europesays.com\/es\/wp-json\/wp\/v2\/media\/719428"}],"wp:attachment":[{"href":"https:\/\/www.europesays.com\/es\/wp-json\/wp\/v2\/media?parent=719427"}],"wp:term":[{"taxonomy":"category","embeddable":true,"href":"https:\/\/www.europesays.com\/es\/wp-json\/wp\/v2\/categories?post=719427"},{"taxonomy":"post_tag","embeddable":true,"href":"https:\/\/www.europesays.com\/es\/wp-json\/wp\/v2\/tags?post=719427"}],"curies":[{"name":"wp","href":"https:\/\/api.w.org\/{rel}","templated":true}]}}