{"id":719459,"date":"2026-08-19T08:46:13","date_gmt":"2026-08-19T08:46:13","guid":{"rendered":"https:\/\/www.europesays.com\/es\/719459\/"},"modified":"2026-08-19T08:46:13","modified_gmt":"2026-08-19T08:46:13","slug":"skoda-slavia-2027-caracteristicas-y-gama-del-nuevo-sedan-checo","status":"publish","type":"post","link":"https:\/\/www.europesays.com\/es\/719459\/","title":{"rendered":"Skoda Slavia 2027: caracter\u00edsticas y gama del nuevo sed\u00e1n checo"},"content":{"rendered":"<p data-journey-content=\"true\" data-node-id=\"4\" class=\"css-1ood0zq emevuu60\">En el mercado actual, ya no hay hueco para coches como los monovol\u00famenes, que pr\u00e1cticamente han desaparecido por culpa de la fiebre SUV, que no se detiene. Lamentablemente, tampoco hay cabida para las <a href=\"https:\/\/www.caranddriver.com\/es\/coches\/novedades\/a64158740\/skoda-octavia-2025-precio\/\" target=\"_blank\" data-vars-ga-outbound-link=\"https:\/\/www.caranddriver.com\/es\/coches\/novedades\/a64158740\/skoda-octavia-2025-precio\/\" data-vars-ga-ux-element=\"Hyperlink\" data-vars-ga-call-to-action=\"berlinas\" data-node-id=\"4.1\" class=\"body-link css-1jjwy84 emevuu60\" rel=\"nofollow noopener\">berlinas<\/a>, coches aerodin\u00e1micos, m\u00e1s vivos de respuestas y con igual o m\u00e1s capacidad de carga que los todocaminos. Una l\u00e1stima porque veh\u00edculos como el Skoda Slavia tendr\u00edan una buena acogida en nuestro pa\u00eds pues se trata de un autom\u00f3vil creado para la India y otros mercados emergentes. <\/p>\n<p data-journey-content=\"true\" data-node-id=\"10\" class=\"css-1ood0zq emevuu60\">Basado en el Fabia, el Slavia, que se present\u00f3 en 2021, se actualiza ahora con un interesante restyling que trae consigo, adem\u00e1s, una atractiva versi\u00f3n Monte Carlo de aspecto deportivo. <strong data-node-id=\"10.1\">El Skoda Slavia es el fiel representante de los sedanes asequibles que aqu\u00ed gustaban en los 2000, como el extinto Seat C\u00f3rdoba y el Renault M\u00e9gane.<\/strong><\/p>\n<p><img draggable=\"true\" alt=\"skoda slavia 2027\" title=\"skoda slavia 2027\" loading=\"lazy\" width=\"2200\" height=\"1238\" decoding=\"async\" data-nimg=\"1\" style=\"color:transparent;width:100%;height:auto;\"   src=\"https:\/\/www.europesays.com\/es\/wp-content\/uploads\/2026\/08\/8e145838-62f2-4dc8-ad41-ef1893646d7e.jpg\" class=\"css-0 e1ddfba50\"\/><\/p>\n<p>Skoda\/\/Car and Driver<\/p>\n<p><strong data-node-id=\"12.0\">El Skoda Slavia 2027, en detalle<\/strong><\/p>\n<p data-journey-content=\"true\" data-node-id=\"16\" class=\"css-1ood0zq emevuu60\"><strong data-node-id=\"16.0\">El Skoda Slavia mide 4,54 m de largo, tiene una batalla de 2,65 m casi igual que la de un Octavia, y ofrece un maletero de 521 litros.<\/strong> Un cofre muy capaz pero que carece de un port\u00f3n al estilo de su hermano mayor, por lo que hablamos de un cuatro puertas tradicional como lo era, por ejemplo, el Seat Exeo. Todo esto se mantiene pues el Slavia 2027 trae consigo modificaciones en el dise\u00f1o y el equipamiento.<\/p>\n<p><img draggable=\"true\" alt=\"skoda slavia 2027\" title=\"skoda slavia 2027\" loading=\"lazy\" width=\"2200\" height=\"1238\" decoding=\"async\" data-nimg=\"1\" style=\"color:transparent;width:100%;height:auto;\"   src=\"https:\/\/www.europesays.com\/es\/wp-content\/uploads\/2026\/08\/83221a76-d8a0-4cfb-9357-145ceaebeb37.jpg\" class=\"css-0 e1ddfba50\"\/><\/p>\n<p>Skoda\/\/Car and Driver<\/p>\n<p data-journey-content=\"true\" data-node-id=\"22\" class=\"css-1ood0zq emevuu60\">El Slavia incorpora ahora nuevos faros y pilotos redise\u00f1ados con tecnolog\u00eda led y funci\u00f3n secuencial en la intermitencia, adem\u00e1s de que se oferta con nuevos colores y juegos de llantas in\u00e9ditos. La terminaci\u00f3n Monte Carlo se oferta en tonos bicolor, detalles exteriores en negro, distintivos Monte Carlo y otros elementos \u201cque rinden homenaje al legado de Skoda en los rallies\u201d.<\/p>\n<p><img draggable=\"true\" alt=\"skoda slavia 2027\" title=\"skoda slavia 2027\" loading=\"lazy\" width=\"2200\" height=\"1238\" decoding=\"async\" data-nimg=\"1\" style=\"color:transparent;width:100%;height:auto;\"   src=\"https:\/\/www.europesays.com\/es\/wp-content\/uploads\/2026\/08\/93a9adbd-c6fb-4513-9c15-dc69ecf1c4b4.jpg\" class=\"css-0 e1ddfba50\"\/><\/p>\n<p>Skoda\/\/Car and Driver<\/p>\n<p data-journey-content=\"true\" data-node-id=\"27\" class=\"css-1ood0zq emevuu60\">En cuanto a motores, el Skoda Slavia est\u00e1 disponible con un tricil\u00edndrico gasolina 1.0 TSI de 110 CV con cambio manual de seis marchas o un DSG de 7 relaciones, los dos disponibles en buena parte de los acabados, o un 1.5 TSI de 150 CV con DSG y desactivaci\u00f3n de cilindros asociado a las terminaciones Prestige y Monte Carlo que traen consigo asimismo frenos traseros de disco. <strong data-node-id=\"27.1\">No hay hibridaciones ni las habr\u00e1 porque en los mercados emergentes a los que va dirigido este coche no existen las limitaciones europeas.<\/strong><\/p>\n<p>Skoda Slavia 2027 &#8211; fotos<img  alt=\"skoda slavia 2027\" src=\"https:\/\/www.europesays.com\/es\/wp-content\/uploads\/2026\/08\/ae66fbd0-7fd1-40f2-8875-3687c25c7a0b.jpg\" title=\"skoda slavia 2027\" width=\"2200\" height=\"1238\" decoding=\"async\" loading=\"lazy\"\/>Ver Fotos<img decoding=\"async\" data-dynamic-svg=\"true\" src=\"https:\/\/www.caranddriver.com\/_assets\/design-tokens\/fre\/static\/icons\/arrow-right.7440adc.svg?primary=%2523ffffff\" loading=\"lazy\" data-testid=\"dynamic-svg-base\" height=\"auto\" width=\"100%\" alt=\"\" title=\"Black right arrow\" role=\"img\" class=\"css-isk7jr e1jtuqk16\"\/><strong data-node-id=\"29.0\">Precio y equipamiento Skoda Slavia 2027<\/strong><\/p>\n<p data-journey-content=\"true\" data-node-id=\"33\" class=\"css-1ood0zq emevuu60\">A pesar de que podr\u00eda tratarse de un coche low cost por su origen, el Skoda Slavia cuenta con un abundante equipamiento en el que hay detalles tan curiosos como la funci\u00f3n masaje en las plazas traseras, novedad en su segmento. <\/p>\n<p><img draggable=\"true\" alt=\"skoda slavia 2027\" title=\"skoda slavia 2027\" loading=\"lazy\" width=\"2200\" height=\"1467\" decoding=\"async\" data-nimg=\"1\" style=\"color:transparent;width:100%;height:auto;\"   src=\"https:\/\/www.europesays.com\/es\/wp-content\/uploads\/2026\/08\/1802fc2d-5fe6-4a25-a410-4fa7cd852139.jpg\" class=\"css-0 e1ddfba50\"\/><\/p>\n<p>Skoda\/\/Car and Driver<\/p>\n<p data-journey-content=\"true\" data-node-id=\"38\" class=\"css-1ood0zq emevuu60\">Tambi\u00e9n tiene c\u00e1mara 360 grados, \u00f3rdenes vocales, cuadro digital de 10,25 pulgadas, regulaci\u00f3n el\u00e9ctrica para las butacas delanteras y funci\u00f3n ventilaci\u00f3n, sistema multimedia de 10,1 pulgadas, seis airbags, techo solar, sensores de aparcamiento delanteros y traseros, climatizador\u2026<\/p>\n<p><img draggable=\"true\" alt=\"skoda slavia 2027\" title=\"skoda slavia 2027\" loading=\"lazy\" width=\"2200\" height=\"1239\" decoding=\"async\" data-nimg=\"1\" style=\"color:transparent;width:100%;height:auto;\"   src=\"https:\/\/www.europesays.com\/es\/wp-content\/uploads\/2026\/08\/1b377ac7-9a0f-4a81-887d-af65389bf671.jpg\" class=\"css-0 e1ddfba50\"\/><\/p>\n<p>Skoda\/\/Car and Driver<\/p>\n<p data-journey-content=\"true\" data-node-id=\"43\" class=\"css-1ood0zq emevuu60\">El precio todav\u00eda no es oficial, si bien <strong data-node-id=\"43.1\">la horquilla de precios deber\u00eda estar entre 9.000 euros al cambio de la variante m\u00e1s asequible y 16.000 euros de la tope de gama<\/strong>.<\/p>\n","protected":false},"excerpt":{"rendered":"En el mercado actual, ya no hay hueco para coches como los monovol\u00famenes, que pr\u00e1cticamente han desaparecido por&hellip;\n","protected":false},"author":2,"featured_media":719460,"comment_status":"","ping_status":"","sticky":false,"template":"","format":"standard","meta":{"footnotes":""},"categories":[80],"tags":[82,95,94,25,24,975,23],"class_list":["post-719459","post","type-post","status-publish","format-standard","has-post-thumbnail","category-economia","tag-business","tag-economia","tag-economy","tag-es","tag-espana","tag-seo","tag-spain"],"share_on_mastodon":{"url":"https:\/\/pubeurope.com\/@es\/117121305376874195","error":""},"_links":{"self":[{"href":"https:\/\/www.europesays.com\/es\/wp-json\/wp\/v2\/posts\/719459","targetHints":{"allow":["GET"]}}],"collection":[{"href":"https:\/\/www.europesays.com\/es\/wp-json\/wp\/v2\/posts"}],"about":[{"href":"https:\/\/www.europesays.com\/es\/wp-json\/wp\/v2\/types\/post"}],"author":[{"embeddable":true,"href":"https:\/\/www.europesays.com\/es\/wp-json\/wp\/v2\/users\/2"}],"replies":[{"embeddable":true,"href":"https:\/\/www.europesays.com\/es\/wp-json\/wp\/v2\/comments?post=719459"}],"version-history":[{"count":0,"href":"https:\/\/www.europesays.com\/es\/wp-json\/wp\/v2\/posts\/719459\/revisions"}],"wp:featuredmedia":[{"embeddable":true,"href":"https:\/\/www.europesays.com\/es\/wp-json\/wp\/v2\/media\/719460"}],"wp:attachment":[{"href":"https:\/\/www.europesays.com\/es\/wp-json\/wp\/v2\/media?parent=719459"}],"wp:term":[{"taxonomy":"category","embeddable":true,"href":"https:\/\/www.europesays.com\/es\/wp-json\/wp\/v2\/categories?post=719459"},{"taxonomy":"post_tag","embeddable":true,"href":"https:\/\/www.europesays.com\/es\/wp-json\/wp\/v2\/tags?post=719459"}],"curies":[{"name":"wp","href":"https:\/\/api.w.org\/{rel}","templated":true}]}}