{"id":719557,"date":"2026-08-19T09:53:09","date_gmt":"2026-08-19T09:53:09","guid":{"rendered":"https:\/\/www.europesays.com\/es\/719557\/"},"modified":"2026-08-19T09:53:09","modified_gmt":"2026-08-19T09:53:09","slug":"90-anos-sin-lorca-con-ian-gibson-y-victor-fernandez","status":"publish","type":"post","link":"https:\/\/www.europesays.com\/es\/719557\/","title":{"rendered":"90 a\u00f1os sin Lorca con Ian Gibson y V\u00edctor Fern\u00e1ndez"},"content":{"rendered":"<p>              <strong>+12<\/strong><\/p>\n<p>Con motivo del 90 aniversario de la muerte de<strong> Federico Garc\u00eda Lorca<\/strong>, conversamos con el hispanista <strong>Ian Gibson<\/strong> y el periodista <strong>V\u00edctor Fern\u00e1ndez<\/strong> en una entrevista centrada en las inc\u00f3gnitas que todav\u00eda rodean su asesinato en el verano de 1936. Un an\u00e1lisis riguroso sobre la b\u00fasqueda de sus restos, los cabos sueltos de la investigaci\u00f3n hist\u00f3rica y las sombras que a\u00fan persisten sobre los \u00faltimos d\u00edas del poeta granadino.<\/p>\n","protected":false},"excerpt":{"rendered":"+12 Con motivo del 90 aniversario de la muerte de Federico Garc\u00eda Lorca, conversamos con el hispanista Ian&hellip;\n","protected":false},"author":2,"featured_media":719558,"comment_status":"","ping_status":"","sticky":false,"template":"","format":"standard","meta":{"footnotes":""},"categories":[91],"tags":[128654,75993,146,147,25,24,133,1448,1986,1987,23],"class_list":["post-719557","post","type-post","status-publish","format-standard","has-post-thumbnail","category-entretenimiento","tag-90-anos-sin-lorca-con-ian-gibson-y-victor-fernandez","tag-el-ultimo-tren","tag-entertainment","tag-entretenimiento","tag-es","tag-espana","tag-online","tag-radio","tag-rne","tag-rtve-play","tag-spain"],"share_on_mastodon":{"url":"","error":""},"_links":{"self":[{"href":"https:\/\/www.europesays.com\/es\/wp-json\/wp\/v2\/posts\/719557","targetHints":{"allow":["GET"]}}],"collection":[{"href":"https:\/\/www.europesays.com\/es\/wp-json\/wp\/v2\/posts"}],"about":[{"href":"https:\/\/www.europesays.com\/es\/wp-json\/wp\/v2\/types\/post"}],"author":[{"embeddable":true,"href":"https:\/\/www.europesays.com\/es\/wp-json\/wp\/v2\/users\/2"}],"replies":[{"embeddable":true,"href":"https:\/\/www.europesays.com\/es\/wp-json\/wp\/v2\/comments?post=719557"}],"version-history":[{"count":0,"href":"https:\/\/www.europesays.com\/es\/wp-json\/wp\/v2\/posts\/719557\/revisions"}],"wp:featuredmedia":[{"embeddable":true,"href":"https:\/\/www.europesays.com\/es\/wp-json\/wp\/v2\/media\/719558"}],"wp:attachment":[{"href":"https:\/\/www.europesays.com\/es\/wp-json\/wp\/v2\/media?parent=719557"}],"wp:term":[{"taxonomy":"category","embeddable":true,"href":"https:\/\/www.europesays.com\/es\/wp-json\/wp\/v2\/categories?post=719557"},{"taxonomy":"post_tag","embeddable":true,"href":"https:\/\/www.europesays.com\/es\/wp-json\/wp\/v2\/tags?post=719557"}],"curies":[{"name":"wp","href":"https:\/\/api.w.org\/{rel}","templated":true}]}}