{"id":71959,"date":"2025-08-25T21:00:07","date_gmt":"2025-08-25T21:00:07","guid":{"rendered":"https:\/\/www.europesays.com\/es\/71959\/"},"modified":"2025-08-25T21:00:07","modified_gmt":"2025-08-25T21:00:07","slug":"ulibro-bucaramanga-2025-conozca-la-programacion-completa-de-este-26-de-agosto","status":"publish","type":"post","link":"https:\/\/www.europesays.com\/es\/71959\/","title":{"rendered":"Ulibro Bucaramanga 2025: conozca la programaci\u00f3n completa de este 26 de agosto"},"content":{"rendered":"<p><img alt=\"Ulibro se ha convertido tambi\u00e9n en una vitrina para destacar el talento local y regional de poetas, cuentistas, escritores y m\u00fasicos.\" class=\"ImageArticle-Image\" src=\"https:\/\/www.europesays.com\/es\/wp-content\/uploads\/2025\/08\/GJE6LS4BH5D25FZHMF2BXW6MPY.png\" width=\"443\" height=\"530\" loading=\"eager\" decoding=\"async\" fetchpriority=\"high\"\/><\/p>\n<p>Ulibro se ha convertido tambi\u00e9n en una vitrina para destacar el talento local y regional de poetas, cuentistas, escritores y m\u00fasicos.<\/p>\n<p>Foto: Ulibro<\/p>\n<p>Resume e inf\u00f3rmame r\u00e1pido<\/p>\n<p>Escucha este art\u00edculo<\/p>\n<p class=\"AudioPlayer-Description\">Audio generado con IA de Google<\/p>\n<p class=\"font--secondary\">La Feria del Libro de Bucaramanga, Ulibro, es uno de los proyectos culturales m\u00e1s representativos del oriente colombiano. Desde sus inicios, ha respondido al prop\u00f3sito asumido por la Universidad Aut\u00f3noma de Bucaramanga (UNAB) de <b>contribuir al desarrollo de la regi\u00f3n a trav\u00e9s de la divulgaci\u00f3n de expresiones culturales y la promoci\u00f3n del h\u00e1bito de la lectura.<\/b><\/p>\n<p class=\"font--secondary\">Es un evento gratuito que anualmente organiza una muestra editorial con la participaci\u00f3n de los principales sellos editoriales y librer\u00edas del pa\u00eds. Adem\u00e1s, su programaci\u00f3n es apta para p\u00fablicos de todas las edades, y cuenta con la participaci\u00f3n de exponentes literarios nacionales e internacionales.<\/p>\n<p class=\"font--secondary\"><b>Del 22 al 31 de agosto, la feria ofrecer\u00e1 talleres, presentaciones de libros, conferencias, encuentros con autores, franjas de cine y m\u00fasica. <\/b>Las actividades se desarrollar\u00e1n en simult\u00e1neo en distintos espacios de <b>Neomundo Centro de Convenciones<\/b>, brindando al p\u00fablico oportunidades de participar en distintos eventos culturales e interactuar con creadores de diferentes disciplinas.<\/p>\n<p><b>A continuaci\u00f3n, compartimos la programaci\u00f3n de este lunes 26 de agosto<\/b><\/p>\n<p class=\"font--secondary\"><b>9:00 a. m.:<\/b> Conferencia: \u00abLa ciencia abierta en pro de la investigaci\u00f3n universitaria y los repositorios digitales\u00bb<\/p>\n<p class=\"font--secondary\"><b>8:00 a. m.:<\/b> III Foro Movilidad, log\u00edstica y transporte<\/p>\n<p class=\"font--secondary\"><b>10:00 a. m.: <\/b>Conferencia: \u00ab10 mejoras que ha tenido el Sistema Integrado de Gesti\u00f3n Bibliogr\u00e1fica Koha\u00bb<\/p>\n<p class=\"font--secondary\"><b>11:00 a. m.: <\/b>Conversatorio: \u00abCruzar fronteras: Lo que nadie te cuenta de vivir en otro pa\u00eds\u00bb<\/p>\n<p class=\"font--secondary\"><b>11:00 a. m.:<\/b> Presentaci\u00f3n del libro: \u00abDoctrina Secreta de Anahua\u00bb<\/p>\n<p class=\"font--secondary\"><b>11:00 a. m.:<\/b> Taller: \u00abLeer a trav\u00e9s de redes sociales: promover la lectura cr\u00edtica es urgente\u00bb<\/p>\n<p class=\"font--secondary\"><b>12:30 p. m.:<\/b> Momentos Sonoros: Casi-no<\/p>\n<p class=\"font--secondary\"><b>2:00 p. m.:<\/b> Presentaci\u00f3n del libro: \u00abSuma iuiai. Pensar bonito\u00bb<\/p>\n<p class=\"font--secondary\"><b>2:00 p. m.:<\/b> Conferencia: \u00abThe Future of English\u00bb<\/p>\n<p class=\"font--secondary\"><b>2:00 p. m.:<\/b> Ciclo de documentales<\/p>\n<p class=\"font--secondary\"><b>2:00 p. m.: <\/b>Conferencia: \u00ab\u00c9tica en el uso de la inteligencia artificial\u00bb<\/p>\n<p class=\"font--secondary\"><b>2:00 p. m.:<\/b> Di\u00e1logos ciudadanos: \u00abCiudadan\u00eda: \u00bfpara qu\u00e9 sirve?\u00bb<\/p>\n<p class=\"font--secondary\"><b>3:00 p. m.: <\/b>Taller: \u00abHerramientas inteligencia artificial: c\u00f3mo usarlas a nuestro favor para resolver nuestras necesidades de la vida\u00bb<\/p>\n<p class=\"font--secondary\"><b>3:30 p. m.:<\/b> Conferencia: \u00abReprogramando el envejecimiento: la ingenier\u00eda biol\u00f3gica detr\u00e1s de una longevidad saludable\u00bb<\/p>\n<p class=\"font--secondary\"><b>3:30 p. m.:<\/b> Presentaci\u00f3n del libro: \u00abMemorias de Abril y otros cuentos\u00bb Autor independiente<\/p>\n<p class=\"font--secondary\"><b>3:30 p. m.:<\/b> Conversatorio: La dramaturgia de Silvia Galvis<\/p>\n<p class=\"font--secondary\"><b>5:00 p. m.:<\/b> Conversatorio: \u00abPuentes de palabras: Marruecos y Am\u00e9rica Latina entre poes\u00eda e identidad\u00bb<\/p>\n<p class=\"font--secondary\"><b>5:00 p. m.:<\/b> Octava edici\u00f3n del Premio Nacional de Periodismo Silvia Galvis<\/p>\n<p class=\"font--secondary\"><b>5:00 p. m.:<\/b> Encuentro con autor: \u00ab\u00bfC\u00f3mo podemos superar la crisis de confianza en el mundo?\u00bb<\/p>\n<p class=\"font--secondary\"><b>5:00 p. m.:<\/b> Encuentro de gastronom\u00eda: \u00abC\u00f3mo ser empresario gastron\u00f3mico y no morir en el intento: El reto de las cocinas con identidad colombiana\u00bb<\/p>\n<p class=\"font--secondary\"><b>5:00 p. m.: <\/b>Presentaci\u00f3n del libro: \u00abLa guerra en los medios\u00bb Autor independiente<\/p>\n<p class=\"font--secondary\"><b>5:00 p. m.: <\/b>Clase inaugural abierta: Maestr\u00eda en Literatura y Escritura Creativa<\/p>\n<p class=\"font--secondary\"><b>5:00 p. m.: <\/b>Conversatorio: \u00abLa c\u00e1tedra de la santandereanidad\u00bb<\/p>\n<p class=\"font--secondary\"><b>6:30 p. m.:<\/b> Momentos Sonoros: Microt\u00f3nicos<\/p>\n<p class=\"font--secondary\"><b>6:30 p. m.: <\/b>Presentaci\u00f3n del libro: \u00abSurgimiento y ocaso de la utop\u00eda antisist\u00e9mica revolucionaria en la universidad colombiana (1968-1998)\u00bb<\/p>\n<p class=\"font--secondary\"><b>6:30 p. m.: <\/b>Encuentro con autor: \u00abLa frontera encantada\u00bb<\/p>\n<p class=\"font--secondary\"><b>6:30 p. m.:<\/b> Encuentro con autor: \u00abManual sangriento de superaci\u00f3n personal\u00bb<\/p>\n<p class=\"font--secondary\"><b>7:00 p. m.:<\/b> Presentaci\u00f3n Banda sinf\u00f3nica EMA, Coral ConAlma y Grupo de m\u00fasicas modernas<\/p>\n","protected":false},"excerpt":{"rendered":"Ulibro se ha convertido tambi\u00e9n en una vitrina para destacar el talento local y regional de poetas, cuentistas,&hellip;\n","protected":false},"author":2,"featured_media":71960,"comment_status":"","ping_status":"","sticky":false,"template":"","format":"standard","meta":{"footnotes":""},"categories":[172],"tags":[28442,224,28443,146,147,25,24,28441,28440,225,28439,23,28438],"class_list":{"0":"post-71959","1":"post","2":"type-post","3":"status-publish","4":"format-standard","5":"has-post-thumbnail","7":"category-libros","8":"tag-26-de-agosto","9":"tag-books","10":"tag-bucaramanga","11":"tag-entertainment","12":"tag-entretenimiento","13":"tag-es","14":"tag-espana","15":"tag-eventos-culturales","16":"tag-feria-del-libro-de-bucaramanga","17":"tag-libros","18":"tag-programacion-ulibro","19":"tag-spain","20":"tag-ulibro"},"share_on_mastodon":{"url":"","error":""},"_links":{"self":[{"href":"https:\/\/www.europesays.com\/es\/wp-json\/wp\/v2\/posts\/71959","targetHints":{"allow":["GET"]}}],"collection":[{"href":"https:\/\/www.europesays.com\/es\/wp-json\/wp\/v2\/posts"}],"about":[{"href":"https:\/\/www.europesays.com\/es\/wp-json\/wp\/v2\/types\/post"}],"author":[{"embeddable":true,"href":"https:\/\/www.europesays.com\/es\/wp-json\/wp\/v2\/users\/2"}],"replies":[{"embeddable":true,"href":"https:\/\/www.europesays.com\/es\/wp-json\/wp\/v2\/comments?post=71959"}],"version-history":[{"count":0,"href":"https:\/\/www.europesays.com\/es\/wp-json\/wp\/v2\/posts\/71959\/revisions"}],"wp:featuredmedia":[{"embeddable":true,"href":"https:\/\/www.europesays.com\/es\/wp-json\/wp\/v2\/media\/71960"}],"wp:attachment":[{"href":"https:\/\/www.europesays.com\/es\/wp-json\/wp\/v2\/media?parent=71959"}],"wp:term":[{"taxonomy":"category","embeddable":true,"href":"https:\/\/www.europesays.com\/es\/wp-json\/wp\/v2\/categories?post=71959"},{"taxonomy":"post_tag","embeddable":true,"href":"https:\/\/www.europesays.com\/es\/wp-json\/wp\/v2\/tags?post=71959"}],"curies":[{"name":"wp","href":"https:\/\/api.w.org\/{rel}","templated":true}]}}