{"id":719767,"date":"2026-08-19T12:16:15","date_gmt":"2026-08-19T12:16:15","guid":{"rendered":"https:\/\/www.europesays.com\/es\/719767\/"},"modified":"2026-08-19T12:16:15","modified_gmt":"2026-08-19T12:16:15","slug":"el-pp-reprobara-a-marlaska-albares-robles-garcia-y-redondo-en-el-senado-por-la-crisis-en-ceuta","status":"publish","type":"post","link":"https:\/\/www.europesays.com\/es\/719767\/","title":{"rendered":"El PP reprobar\u00e1 a Marlaska, Albares, Robles, Garc\u00eda y Redondo en el Senado por la crisis en Ceuta"},"content":{"rendered":"<p class=\"L6-news-detail__text\">El PP ha anunciado este mi\u00e9rcoles que va a registrar en el Senado <b>cinco solicitudes de reprobaci\u00f3n<\/b> de ministros para que sean aprobadas en el primer pleno de septiembre, motivadas por la crisis de Ceuta y el \u00abdesplante\u00bb del Gobierno a la C\u00e1mara Alta para dar explicaciones.<\/p>\n<p class=\"L6-news-detail__text\">La portavoz del PP en el Senado, <b>Alicia Garc\u00eda<\/b>, lo ha anunciado en una rueda de prensa tras la ausencia en los d\u00edas anteriores de los ministros de Interior, Exteriores y Defensa a las comisiones parlamentarias a las que estaban convocados.<\/p>\n<p class=\"L6-news-detail__text\">A esos tres ministros, el PP suma en sus reprobaciones a las titulares de Sanidad e Igualdad; la primera, <b>M\u00f3nica Garc\u00eda<\/b>, por el \u00abcolapso sanitario\u00bb ceut\u00ed y la segunda, <b>Ana Redondo<\/b>, porque \u00abno ha pisado Ceuta\u00bb pese a que, seg\u00fan ha dicho Garc\u00eda, \u00ablas agresiones sexuales se han multiplicado\u00bb, ya que en dos semanas se han incoado nueve diligencias previas cuando, de media, son dos al mes. Ha a\u00f1adido que la entrada masiva de inmigrantes del 30 de julio en Ceuta supuso \u00abun ataque a la integridad territorial y a la soberan\u00eda de Espa\u00f1a\u00bb, que \u00abmerece el reproche pol\u00edtico m\u00e1s contundente que esta C\u00e1mara puede dar\u00bb.<\/p>\n<p class=\"L6-news-detail__text\">Seg\u00fan la portavoz parlamentaria del PP, \u00abmientras miles de inmigrantes deambulan por las calles\u00bb de Ceuta, el presidente del Gobierno, Pedro S\u00e1nchez, \u00absigue tumbado en la hamaca, de vacaciones\u00bb.<\/p>\n<p class=\"L6-news-detail__text\">Sobre la \u00abverg\u00fcenza\u00bb de las \u00absillas vac\u00edas\u00bb de <b>Fernando Grande-Marlaska, Jos\u00e9 Manuel Albares y Margarita Robles<\/b> en sus citas en el Senado, Alicia Garc\u00eda ha considerado que supone \u00ab<b>rebeld\u00eda democr\u00e1tica\u00bb y \u00abdesacato parlamentario<\/b>\u00ab. A su juicio, m\u00e1s que elegir dar explicaciones en el Congreso -donde est\u00e1n citados la semana pr\u00f3xima- lo que deciden es \u00abescaparse\u00bb de la c\u00e1mara en la que el PP tiene mayor\u00eda, porque hacen \u00abcontrol de da\u00f1os\u00bb en vez de transparencia.<\/p>\n<p class=\"L6-news-detail__text\">\u00abQuien est\u00e1 sometido al control parlamentario no puede escoger qui\u00e9n le controla\u00bb, ha ahondado. Adem\u00e1s de por el \u00ab<b>plant\u00f3n\u00bb al Senado<\/b>, seg\u00fan Garc\u00eda, Marlaska merece la reprobaci\u00f3n por no haber reforzado la frontera \u00abpese a los avisos de lo que iba a ocurrir\u00bb; Albares por no haber explicado a\u00fan qu\u00e9 ha negociado con Marruecos, y Robles por rectificar su intenci\u00f3n de comparecer por \u00f3rdenes de Moncloa.<\/p>\n<p class=\"L6-news-detail__text\">Las reprobaciones se votar\u00e1n en el pleno, previsiblemente, el mi\u00e9rcoles 9 de septiembre. En esta legislatura ya han sido reprobados en el pleno del Senado anteriormente <b>Albares, Marlaska y Redondo<\/b>, adem\u00e1s de cuatro veces <b>\u00d3scar Puente y una F\u00e9lix Bola\u00f1os, Mar\u00eda Jes\u00fas Montero, Sara Aagesen e Isabel Rodr\u00edguez<\/b>, m\u00e1s <b>Ernest Urtasun<\/b> en comisi\u00f3n.<\/p>\n<p class=\"L6-news-detail__text\"><b><a title=\"*A\u00f1ade laSexta como tu medio de referencia en Google y no te pierdas toda la actualidad y el mejor contenido.\" href=\"https:\/\/www.google.com\/preferences\/source?q=lasexta.com\" target=\"_blank\" rel=\"nofollow noopener\">*A\u00f1ade laSexta como tu medio de referencia en Google y no te pierdas toda la actualidad y el mejor contenido.<\/a><\/b><\/p>\n<p class=\"L6-support-news-video__title\">Siguen las r\u00e9plicas<\/p>\n<p> <a href=\"https:\/\/www.lasexta.com\/noticias\/sociedad\/granada-afronta-miedo-noche-serie-sismica-que-obligado-desalojar-menos-600-personas-podemos-casa-entra-ansiedad_202608186a84cd90a046ad6ebcb900b2.html\" class=\"L6-news__link\" rel=\"nofollow noopener\" target=\"_blank\">Granada afronta con miedo la noche tras la serie s\u00edsmica que ha obligado a desalojar al menos a 600 personas: \u00abNo podemos ir a la casa, me entra ansiedad\u00bb<\/p>\n<p class=\"recirculation-video-desc\">Los detalles Emergencias ha recibido m\u00e1s de 500 llamadas en dos horas y se han registrado tambi\u00e9n da\u00f1os de car\u00e1cter leve en la Alhambra.<\/p>\n<p> <\/a><\/p>\n","protected":false},"excerpt":{"rendered":"El PP ha anunciado este mi\u00e9rcoles que va a registrar en el Senado cinco solicitudes de reprobaci\u00f3n de&hellip;\n","protected":false},"author":2,"featured_media":719768,"comment_status":"","ping_status":"","sticky":false,"template":"","format":"standard","meta":{"footnotes":""},"categories":[8],"tags":[17,18,2125,25,24,13,14,11,19,20,9,10,15,110362,16,6066,6912,23,12,21,22],"class_list":["post-719767","post","type-post","status-publish","format-standard","has-post-thumbnail","category-espana","tag-breaking-news","tag-breakingnews","tag-directo","tag-es","tag-espana","tag-featured-news","tag-featurednews","tag-headlines","tag-latest-news","tag-latestnews","tag-news","tag-noticias","tag-noticias-destacadas","tag-noticias-ultima-hora","tag-noticiasdestacadas","tag-partido-popular-pp","tag-senado","tag-spain","tag-titulares","tag-ultimas-noticias","tag-ultimasnoticias"],"share_on_mastodon":{"url":"https:\/\/pubeurope.com\/@es\/117122130650143785","error":""},"_links":{"self":[{"href":"https:\/\/www.europesays.com\/es\/wp-json\/wp\/v2\/posts\/719767","targetHints":{"allow":["GET"]}}],"collection":[{"href":"https:\/\/www.europesays.com\/es\/wp-json\/wp\/v2\/posts"}],"about":[{"href":"https:\/\/www.europesays.com\/es\/wp-json\/wp\/v2\/types\/post"}],"author":[{"embeddable":true,"href":"https:\/\/www.europesays.com\/es\/wp-json\/wp\/v2\/users\/2"}],"replies":[{"embeddable":true,"href":"https:\/\/www.europesays.com\/es\/wp-json\/wp\/v2\/comments?post=719767"}],"version-history":[{"count":0,"href":"https:\/\/www.europesays.com\/es\/wp-json\/wp\/v2\/posts\/719767\/revisions"}],"wp:featuredmedia":[{"embeddable":true,"href":"https:\/\/www.europesays.com\/es\/wp-json\/wp\/v2\/media\/719768"}],"wp:attachment":[{"href":"https:\/\/www.europesays.com\/es\/wp-json\/wp\/v2\/media?parent=719767"}],"wp:term":[{"taxonomy":"category","embeddable":true,"href":"https:\/\/www.europesays.com\/es\/wp-json\/wp\/v2\/categories?post=719767"},{"taxonomy":"post_tag","embeddable":true,"href":"https:\/\/www.europesays.com\/es\/wp-json\/wp\/v2\/tags?post=719767"}],"curies":[{"name":"wp","href":"https:\/\/api.w.org\/{rel}","templated":true}]}}