{"id":71977,"date":"2025-08-25T21:09:08","date_gmt":"2025-08-25T21:09:08","guid":{"rendered":"https:\/\/www.europesays.com\/es\/71977\/"},"modified":"2025-08-25T21:09:08","modified_gmt":"2025-08-25T21:09:08","slug":"ola-de-incendios-en-estados-unidos-el-incendio-pickett-deja-cientos-de-evacuados-y-pone-en-alerta-a-california-el-mundo","status":"publish","type":"post","link":"https:\/\/www.europesays.com\/es\/71977\/","title":{"rendered":"Ola de incendios en Estados Unidos: el incendio Pickett deja cientos de evacuados y pone en alerta a California &#8211; El Mundo"},"content":{"rendered":"<ol>\n<li><a href=\"https:\/\/news.google.com\/rss\/articles\/CBMigwFBVV95cUxPUHV6RmVwRFdWcUFQdEZHX3QwbXpDaXd6c2FMMzd5Q0ZuejlFeDMwYk15Nm5XLTdRR04xb3Vra2diVTNUNE5UU2lQWUVSYTRid0VDRmFleWhFSmNFVGRaNy1fWHBOandfMVdCTHF3UkRZdlJuNGRFdWVDUlI4djlYR1BsONIBgwFBVV95cUxQUmRQRFpSbFRheGdxSUo1bWxfbGhmRjJhTGFmSUUzNWVrb1RyUEk2Z0JWbVhfYkRZaW04OVZFU2wxN010eDhEUG02bDBURENTd2dpbHJQRUR5TDFpMkoyVnNIRUZsbWR3OTEwbW8yaUVFTWJxNHMyU2MyZGkyd0ppSFdlbw?oc=5\" target=\"_blank\" rel=\"nofollow noopener\">Ola de incendios en Estados Unidos: el incendio Pickett deja cientos de evacuados y pone en alerta a California<\/a>&nbsp;&nbsp;El Mundo<\/li>\n<li><a href=\"https:\/\/news.google.com\/rss\/articles\/CBMi_gFBVV95cUxQOEZoeHVRTHZ2YTZybEZVbG5RZHFaV2dUck5OZUQzMG5wV0VMelZkTndndEpvUURMcXFGLVpRN1d6NUNoR1F2dHdpWnV2Vi04NmJlZDNUS09hSmNGUHg5YTl0OTJWdGdud3B5SEozREc4djljU19YSnJScDcyeVI5dHdSVHBwUEtHNEZwZW1uOWZRWHV2XzNTcjE5R1RSa3ROYXRUZVZHTkk5dmhGQzNQYndqeE5Wd1Q5NWt6Z2N6MmEtOWo5YlBEaUZCU1JSUUhFZ3BHN1Zqd2t2bFM3VnFyMDdpUTFoSWcyWnFSRmc1dnZhRnh1NER5UzV0T3NSd9IB_gFBVV95cUxPcVlmdlJNd2YzUWJnY3E0SFNzSjJkbEFydURpeTJaUXVnWVpTT0lfSTEwLXAxOFhBOFhZT2s5dDMzZDFZQldjZnhyNkVEd2VEN3hEZ2RDb2daZld3YW56RG5TRTRpYkRwWk1XcnNYUnc0V0xETk9zMEtmaVBmZ0xKcUVpVzRiSlAzbzZqMGFTY21NRlpyRGRxeDNva1dYc1lnLTRYckxVUEwyZzVWb3JYQ0Z2S1dvNE1XeHhaaFQzeHBpZXZCMHowNEJiaHlPbjA2aE9ReVlQWDRKUTRiWVBNQ3ZucFRYbm9VMWtwNWM4aVRxd3gzdVRNbmRlakZnUQ?oc=5\" target=\"_blank\" rel=\"nofollow noopener\">Los incendios se ceban tambi\u00e9n con California: miles de bomberos, cientos de evacuados y fuego que avanza sin<\/a>&nbsp;&nbsp;Antena 3<\/li>\n<li><a href=\"https:\/\/news.google.com\/rss\/articles\/CBMi8gFBVV95cUxNaGZwNG10R2Vockd2eUwwblZ6dmVoeDMwcWlOdnlPWmpvaC1Ca0hpX0R0WVhQMTR1WW5GMm51OFgzWk5DaW9aOHpCUm1HSGo2c0dMWHpTcjRfUWJxdi1CMndPczVCSUgyNU5TSjlOQlZuZlQ5VkFUS0RMM2tkRDNvQ0VZc1NQcS1tRXNKaXFLdmFOTEM1dmZOMGxOOWN2VUNDMXNmTHFVYjhpNzFTQS1mTGw4ZXJkaEx4bVJDbFBCd0hIVGRtcVhLUENnenVmdEROSzJnTGZGT1puQUtMb1B0NHJ4OXRCQzVPdlJLV2xEcXJad9IBjAJBVV95cUxPdWtlVU5CeTlaZ3g3UVpjQ0RrLUZmZFJLNUMxVXdvZUc5OHRfOWdfbDZFbC1RaEg2VUFxX3hLOG5HX2xadE1aRVBJNlN3SkQ4RGpGSjZqc0E4RnRUU1NDdGlVQ3lRRzlZSFViR3o3aFFPM3NEMWFBZEdYTVNqN3Eyd25lbXNyVjVFbGhEODZydVV3Q0d6TXJ6aWNHcE5fYmhfcW5KUTMzTTQ2MmQ4WHdjTmQtYWZZVXg3T0ZlWnYzcTZDM0RZTUsxV0x4UVl1bEdOS05DNm02RkpsOENuMG1sMnA4NE9zZEl4XzNvZE5ieDNnYUltYTgtSUNHZTB0RW00d1VjbHVUUzJJYnRx?oc=5\" target=\"_blank\" rel=\"nofollow noopener\">Incendio en Napa County supera las 2.600 hect\u00e1reas y obliga a evacuaciones en la regi\u00f3n vin\u00edcola de California<\/a>&nbsp;&nbsp;Infobae<\/li>\n<li><a href=\"https:\/\/news.google.com\/rss\/articles\/CBMi3wFBVV95cUxOUnctQkRiclIyU0JSR1BjOFBNSGJxalJuLXNSVm1VR1RJWTY2UVNYYUFHdHA0Tjd6WFN1NHNEdTh4aE1DNEQ2TlRUUXU2Q1ItNFdTNWZ3Z1lEWFA5aFpJZDM3bHRWWjBCRE4ycC14Y3V0YlJ1bmR1VE5OUExnTXlreHl1YXhnODhpUFhFMTFJMWhIQVZTLVpzV19kd2ZwNTFIRWYtTzAxUGdSaUpBMnNTdHRpSGo3VXMwMllIeVl0ejhFcmtxYzlTMjVWRlBwWno3dkVrV2pNdFNwcUNldjNZ?oc=5\" target=\"_blank\" rel=\"nofollow noopener\">Incendio en Oreg\u00f3n destruye cuatro casas y amenaza miles m\u00e1s; se salvan los vi\u00f1edos de California<\/a>&nbsp;&nbsp;La Naci\u00f3n<\/li>\n<li><a href=\"https:\/\/news.google.com\/rss\/articles\/CBMiggJBVV95cUxOcUZaQ0tZNVY0TFlpc2VFYmZXcWE1Z19WX05DN1FWdGFvd0JfZnBZQ0RCMzJha0IwSHhuTm9SLUhMclp3OVREdHY3Y0tETVpFWmhfeDYxRlpVSWZKVHdPSnFFNXFBa08xeEExcXIyVjhBcFpfMUhpbGlnSFFqMzZpa2VzaWFpc0ZxNVJrblVabmVQZVFtYjZBSFRGMU1ud3ZZcVg3aVNmNjA5dkdMaS1wMjFlZlVPUXhScGE2cmk1RnFJZW9abGp4dC01T2VtNFFWRTlWX0NiYnBnX255bWRrNlVJZ3d1c09xdGYwRnRPM3lUR0FpeG9MS21Ib2dUZFVmUVHSAWhBVV95cUxPZ2VRTWNvOXBCVkx2ZjNVSzhFTlJZZmZOOEU1NUt4OUtxUTcxZnJHYjhLMm96cXdnMG56MjdyTW00X0FEYnRRTlQwU1psVVEybXVFZWNVWFZidEZNcjI4Wmsta1A0eFYtOQ?oc=5\" target=\"_blank\" rel=\"nofollow noopener\">El incendio Pickett devora ya casi 7,000 acres en el norte de California<\/a>&nbsp;&nbsp;Telemundo<\/li>\n<\/ol>\n","protected":false},"excerpt":{"rendered":"Ola de incendios en Estados Unidos: el incendio Pickett deja cientos de evacuados y pone en alerta a&hellip;\n","protected":false},"author":2,"featured_media":71978,"comment_status":"","ping_status":"","sticky":false,"template":"","format":"standard","meta":{"footnotes":""},"categories":[42],"tags":[17,18,629,13,14,11,4342,61,62,63,64,19,20,9,10,15,16,12,21,22,65,66,67],"class_list":{"0":"post-71977","1":"post","2":"type-post","3":"status-publish","4":"format-standard","5":"has-post-thumbnail","7":"category-internacional","8":"tag-breaking-news","9":"tag-breakingnews","10":"tag-estados-unidos","11":"tag-featured-news","12":"tag-featurednews","13":"tag-headlines","14":"tag-incendios","15":"tag-internacional","16":"tag-international","17":"tag-international-news","18":"tag-internationalnews","19":"tag-latest-news","20":"tag-latestnews","21":"tag-news","22":"tag-noticias","23":"tag-noticias-destacadas","24":"tag-noticiasdestacadas","25":"tag-titulares","26":"tag-ultimas-noticias","27":"tag-ultimasnoticias","28":"tag-world","29":"tag-world-news","30":"tag-worldnews"},"share_on_mastodon":{"url":"","error":""},"_links":{"self":[{"href":"https:\/\/www.europesays.com\/es\/wp-json\/wp\/v2\/posts\/71977","targetHints":{"allow":["GET"]}}],"collection":[{"href":"https:\/\/www.europesays.com\/es\/wp-json\/wp\/v2\/posts"}],"about":[{"href":"https:\/\/www.europesays.com\/es\/wp-json\/wp\/v2\/types\/post"}],"author":[{"embeddable":true,"href":"https:\/\/www.europesays.com\/es\/wp-json\/wp\/v2\/users\/2"}],"replies":[{"embeddable":true,"href":"https:\/\/www.europesays.com\/es\/wp-json\/wp\/v2\/comments?post=71977"}],"version-history":[{"count":0,"href":"https:\/\/www.europesays.com\/es\/wp-json\/wp\/v2\/posts\/71977\/revisions"}],"wp:featuredmedia":[{"embeddable":true,"href":"https:\/\/www.europesays.com\/es\/wp-json\/wp\/v2\/media\/71978"}],"wp:attachment":[{"href":"https:\/\/www.europesays.com\/es\/wp-json\/wp\/v2\/media?parent=71977"}],"wp:term":[{"taxonomy":"category","embeddable":true,"href":"https:\/\/www.europesays.com\/es\/wp-json\/wp\/v2\/categories?post=71977"},{"taxonomy":"post_tag","embeddable":true,"href":"https:\/\/www.europesays.com\/es\/wp-json\/wp\/v2\/tags?post=71977"}],"curies":[{"name":"wp","href":"https:\/\/api.w.org\/{rel}","templated":true}]}}