{"id":719869,"date":"2026-08-19T13:37:26","date_gmt":"2026-08-19T13:37:26","guid":{"rendered":"https:\/\/www.europesays.com\/es\/719869\/"},"modified":"2026-08-19T13:37:26","modified_gmt":"2026-08-19T13:37:26","slug":"joaquin-sabina-me-arrepiento-de-haber-hecho-el-idiota-tanto-tiempo-por-los-bares-cuando-podia-haber-estado-escribiendo-3","status":"publish","type":"post","link":"https:\/\/www.europesays.com\/es\/719869\/","title":{"rendered":"Joaqu\u00edn Sabina: \u201cMe arrepiento de haber hecho el idiota tanto tiempo por los bares cuando pod\u00eda haber estado escribiendo\u201d"},"content":{"rendered":"<p class=\"c-paragraph\">Joaqu\u00edn Sabina se retir\u00f3 de los escenarios el pasado 30 de noviembre con un emocionante concierto en el Movistar Arena de Madrid. <b>Fue el punto final a una gira multitudinaria entre Am\u00e9rica y Europa<\/b> y a una carrera casada con el <a href=\"https:\/\/www.heraldo.es\/noticias\/ocio-y-cultura\/2026\/08\/06\/joaquin-sabina-77anos-importa-carajo-trascendencia-muera-canciones-verguenza-2042515.html\" title=\"Joaqu\u00edn Sabina (77 a\u00f1os): &quot;Me importa un carajo mi trascendencia, lo \u00fanico que me importa es que cuando me muera deje al menos 16 canciones que no me den verg\u00fcenza&quot;\" rel=\"nofollow noopener\" target=\"_blank\">\u00e9xito a trav\u00e9s de unas canciones que se han convertido en himnos intergeneracionales.<\/a><\/p>\n<p class=\"c-paragraph\">El cantautor de \u00dabeda ha comenzado una vida desconocida para \u00e9l,<b> sin compromisos profesionales ni exigencias externas. <\/b>Una oportunidad para ganar tiempo y libertad, para reencontrarse con personas y h\u00e1bitos que su estresante agenda no le permit\u00eda.\u00a0<\/p>\n<p class=\"c-paragraph\">La suya ha sido una existencia tremendamente intensa y movida, <b>desde el exilio en Londres en el franquismo<\/b> tocando en restaurantes y bares hasta conquistar estadios y grandes auditorios. Una biograf\u00eda no exenta de excesos ni de leyendas.\u00a0<\/p>\n<p class=\"c-paragraph\">\u00abYo, con mi biograf\u00eda, no estoy muy en desacuerdo. Tal vez s\u00ed me arrepiento de haber perdido tantas noches<b> y tanto tiempo haciendo el idiota por los bares<\/b> en lugar de escribir\u00bb, confiesa Sabina en una entrevista con la agencia EFE.\u00a0<\/p>\n<p class=\"c-paragraph\">Incluso aborda los excesos que prob\u00f3 y tambi\u00e9n los que no: \u00abComo mucha gente cercana a m\u00ed soy de una generaci\u00f3n que anduvo con la hero\u00edna. No yo, porque no la he probado nunca, <b>pero s\u00ed con determinados excesos; <\/b>es una generaci\u00f3n muy loca y mucha gente, a veces la mejor, se qued\u00f3 por el camino\u00bb.<\/p>\n<p class=\"c-paragraph\">Una interesante conversaci\u00f3n en la que regala la siguiente confesi\u00f3n:<b> \u00abNo soy nost\u00e1lgico, no tengo nostalgia de nada,<\/b> pero s\u00ed tengo memoria y la memoria a veces se agarra a cosas hermos\u00edsimas, a ese minuto que te pas\u00f3 una vez y a esa felicidad que dura tan poco pero que es inolvidable\u00bb.<\/p>\n<p class=\"c-paragraph\">La fama ha sido otro de los elementos con los que ha lidiado, un regalo en ocasiones envenenado: \u00abEso que se llama fama tiene muchos inconvenientes. Yo amaba los bares y la noche.<b> El sitio perfecto para escribir era en un bar a las 3 de la ma\u00f1ana. <\/b>Y eso que hace mucho tiempo que me echaron de los bares. Y ahora, despu\u00e9s del \u00faltimo concierto, hab\u00eda 30 personas esper\u00e1ndome a la puerta de casa. Eso no es agradable para alguien que so\u00f1\u00f3 m\u00e1s con ser el hombre invisible que un cantante de \u00e9xito\u00bb.<\/p>\n","protected":false},"excerpt":{"rendered":"Joaqu\u00edn Sabina se retir\u00f3 de los escenarios el pasado 30 de noviembre con un emocionante concierto en el&hellip;\n","protected":false},"author":2,"featured_media":719870,"comment_status":"","ping_status":"","sticky":false,"template":"","format":"standard","meta":{"footnotes":""},"categories":[174],"tags":[6797,255,146,147,25,7955,24,256,31320,10834,23],"class_list":["post-719869","post","type-post","status-publish","format-standard","has-post-thumbnail","category-famosos","tag-bares","tag-celebrities","tag-entertainment","tag-entretenimiento","tag-es","tag-escribir","tag-espana","tag-famosos","tag-joaquin-sabina","tag-republicadas-seo","tag-spain"],"share_on_mastodon":{"url":"https:\/\/pubeurope.com\/@es\/117122449295961249","error":""},"_links":{"self":[{"href":"https:\/\/www.europesays.com\/es\/wp-json\/wp\/v2\/posts\/719869","targetHints":{"allow":["GET"]}}],"collection":[{"href":"https:\/\/www.europesays.com\/es\/wp-json\/wp\/v2\/posts"}],"about":[{"href":"https:\/\/www.europesays.com\/es\/wp-json\/wp\/v2\/types\/post"}],"author":[{"embeddable":true,"href":"https:\/\/www.europesays.com\/es\/wp-json\/wp\/v2\/users\/2"}],"replies":[{"embeddable":true,"href":"https:\/\/www.europesays.com\/es\/wp-json\/wp\/v2\/comments?post=719869"}],"version-history":[{"count":0,"href":"https:\/\/www.europesays.com\/es\/wp-json\/wp\/v2\/posts\/719869\/revisions"}],"wp:featuredmedia":[{"embeddable":true,"href":"https:\/\/www.europesays.com\/es\/wp-json\/wp\/v2\/media\/719870"}],"wp:attachment":[{"href":"https:\/\/www.europesays.com\/es\/wp-json\/wp\/v2\/media?parent=719869"}],"wp:term":[{"taxonomy":"category","embeddable":true,"href":"https:\/\/www.europesays.com\/es\/wp-json\/wp\/v2\/categories?post=719869"},{"taxonomy":"post_tag","embeddable":true,"href":"https:\/\/www.europesays.com\/es\/wp-json\/wp\/v2\/tags?post=719869"}],"curies":[{"name":"wp","href":"https:\/\/api.w.org\/{rel}","templated":true}]}}