{"id":719885,"date":"2026-08-19T13:47:16","date_gmt":"2026-08-19T13:47:16","guid":{"rendered":"https:\/\/www.europesays.com\/es\/719885\/"},"modified":"2026-08-19T13:47:16","modified_gmt":"2026-08-19T13:47:16","slug":"hyundai-tucson-2027-caracteristicas-precio-y-gama","status":"publish","type":"post","link":"https:\/\/www.europesays.com\/es\/719885\/","title":{"rendered":"Hyundai Tucson 2027: caracter\u00edsticas, precio y gama"},"content":{"rendered":"<p data-journey-content=\"true\" data-node-id=\"4\" class=\"css-1ood0zq emevuu60\"><strong data-node-id=\"4.0\">Ya est\u00e1 aqu\u00ed el nuevo Hyundai Tucson.<\/strong> Esta generaci\u00f3n, la quinta de la historia, rompe con la anterior en todo. Lo m\u00e1s evidente es el dise\u00f1o, pues deja atr\u00e1s las formas curvas y apuesta por l\u00edneas rectas y zonas laterales muy marcadas en una silueta que guarda algo de parecido con los \u00faltimos modelos de Kia, como el <a href=\"https:\/\/www.caranddriver.com\/es\/coches\/novedades\/a44817152\/kia-ev5\/\" target=\"_blank\" data-vars-ga-outbound-link=\"https:\/\/www.caranddriver.com\/es\/coches\/novedades\/a44817152\/kia-ev5\/\" data-vars-ga-ux-element=\"Hyperlink\" data-vars-ga-call-to-action=\"EV5\" data-node-id=\"4.2\" class=\"body-link css-1jjwy84 emevuu60\" rel=\"nofollow noopener\">EV5<\/a>.<\/p>\n<p data-journey-content=\"true\" data-node-id=\"10\" class=\"css-1ood0zq emevuu60\">Pero es solo una coincidencia estil\u00edstica con su hermana pues la tendencia de dise\u00f1o de Hyundai es propia y est\u00e1 presente en este todocamino donde la iluminaci\u00f3n exterior tiene mucho m\u00e1s protagonismo que antes, con la misma firma delante y detr\u00e1s como detalle que posiblemente se repetir\u00e1 en los pr\u00f3ximos autom\u00f3viles.<\/p>\n<p><img draggable=\"true\" alt=\"hyundai tucson 2027\" title=\"hyundai tucson 2027\" loading=\"lazy\" width=\"2200\" height=\"1225\" decoding=\"async\" data-nimg=\"1\" style=\"color:transparent;width:100%;height:auto;\"   src=\"https:\/\/www.europesays.com\/es\/wp-content\/uploads\/2026\/08\/0948e280-fc12-458a-aa55-747b986cbf4c.png\" class=\"css-0 e1ddfba50\"\/><\/p>\n<p>Hyundai\/\/Car and Driver<\/p>\n<p><strong data-node-id=\"12.0\">Todo lo que se sabe del nuevo Hyundai Tucson 2027<\/strong><\/p>\n<p data-journey-content=\"true\" data-node-id=\"16\" class=\"css-1ood0zq emevuu60\">Los rasgos son poderosos y m\u00e1s rompedores que los de buena parte de su competencia. Los dise\u00f1adores de Hyundai han trabajado para intentar gustar literalmente a todo el mundo pues este Hyundai Tucson llega para arrasar al reci\u00e9n lanzado <a href=\"https:\/\/www.caranddriver.com\/es\/coches\/novedades\/a64835528\/toyota-rav4-2026\/\" target=\"_blank\" data-vars-ga-outbound-link=\"https:\/\/www.caranddriver.com\/es\/coches\/novedades\/a64835528\/toyota-rav4-2026\/\" data-vars-ga-ux-element=\"Hyperlink\" data-vars-ga-call-to-action=\"Toyota RAV4\" data-node-id=\"16.1\" class=\"body-link css-1jjwy84 emevuu60\" rel=\"nofollow noopener\">Toyota RAV4<\/a>.<\/p>\n<p><img draggable=\"true\" alt=\"toyota rav4 2026\" title=\"Toyota RAV4 2026\" loading=\"lazy\" width=\"5000\" height=\"3333\" decoding=\"async\" data-nimg=\"1\" style=\"color:transparent;width:100%;height:auto;\"   src=\"https:\/\/www.europesays.com\/es\/wp-content\/uploads\/2026\/08\/toyota-rav4-2026-1-682d9d0a81146.jpg\" class=\"css-0 e1ddfba50\"\/><\/p>\n<p>Toyota\/\/Car and Driver<\/p>\n<p data-journey-content=\"true\" data-node-id=\"22\" class=\"css-1ood0zq emevuu60\">Este Tucson 2027 <strong data-node-id=\"22.1\">mide 4,70 metros de largo, 1,90 metros de ancho y 1,68 metros de alto, con una distancia entre ejes de 2,78 m<\/strong>. En todas las cotas crece considerablemente, sobre todo, de extremo a extremo. Diversas fuentes a\u00f1aden que el espacio para la cabeza en la segunda fila aumenta hasta 1.031 mm, 29 mm m\u00e1s que antes. A eso se suma que las puertas traseras pueden abrirse hasta 83 grados frente a los 73 del actual lo que permite que personas mayores entren y salgan con m\u00e1s facilidad, as\u00ed como la instalaci\u00f3n de sillitas de beb\u00e9.<\/p>\n<p><img draggable=\"true\" alt=\"hyundai tucson 2027\" title=\"hyundai tucson 2027\" loading=\"lazy\" width=\"2200\" height=\"1232\" decoding=\"async\" data-nimg=\"1\" style=\"color:transparent;width:100%;height:auto;\"   src=\"https:\/\/www.europesays.com\/es\/wp-content\/uploads\/2026\/08\/0f8d7bee-549b-4f27-9e74-fad76ee49351.png\" class=\"css-0 e1ddfba50\"\/><\/p>\n<p>Hyundai\/\/Car and Driver<\/p>\n<p data-journey-content=\"true\" data-node-id=\"27\" class=\"css-1ood0zq emevuu60\"><strong data-node-id=\"27.0\">Dentro, el Tucson apuesta por la tendencia de las megapantallas y lleva una de 17 pulgadas que todo parece indicar ser\u00e1 la tope de gama. <\/strong>Por lo que se aprecia en las fotos oficiales facilitas por el fabricante, parece que usar\u00e1 Android Automotive. El conductor contar\u00e1 con un peque\u00f1o display en la parte alta del salpicadero para la velocidad y algunos datos del ordenador de a bordo.<\/p>\n<p><img draggable=\"true\" alt=\"hyundai tucson 2027\" title=\"hyundai tucson 2027\" loading=\"lazy\" width=\"2200\" height=\"1222\" decoding=\"async\" data-nimg=\"1\" style=\"color:transparent;width:100%;height:auto;\"   src=\"https:\/\/www.europesays.com\/es\/wp-content\/uploads\/2026\/08\/666e8b3b-d701-41d0-9a56-401840c66a97.png\" class=\"css-0 e1ddfba50\"\/><\/p>\n<p>Hyundai\/\/Car and Driver<\/p>\n<p><strong data-node-id=\"29.0\">Precio y equipamiento Hyundai Tucson 2027<\/strong><\/p>\n<p data-journey-content=\"true\" data-node-id=\"33\" class=\"css-1ood0zq emevuu60\">De momento, Hyundai se reserva para m\u00e1s adelante toda la informaci\u00f3n referente a gama y equipamiento del nuevo Tucson. Todo parece indicar que Hyundai ofrecer\u00e1 opciones h\u00edbridas, PHEV y muy posiblemente una el\u00e9ctrica.<\/p>\n<p><img draggable=\"true\" alt=\"hyundai tucson 2027\" title=\"hyundai tucson 2027\" loading=\"lazy\" width=\"2200\" height=\"1236\" decoding=\"async\" data-nimg=\"1\" style=\"color:transparent;width:100%;height:auto;\"   src=\"https:\/\/www.europesays.com\/es\/wp-content\/uploads\/2026\/08\/76f1d242-a246-4b75-8425-c4a410baa3e8.png\" class=\"css-0 e1ddfba50\"\/><\/p>\n<p>Hyundai\/\/Car and Driver<\/p>\n<p data-journey-content=\"true\" data-node-id=\"38\" class=\"css-1ood0zq emevuu60\">Recordemos que el actual Hyundai Tucson arranca en 35.075 euros para la variante de acceso Klass con motor gasolina 1.6 turbo de 150 CV con cambio manual. La marca lo promociona ahora mismo desde 26.025 euros con promociones del mes y descuento de financiaci\u00f3n. <strong data-node-id=\"38.1\">El primer mercado al que llegar\u00e1 ser\u00e1 el de Corea del Sur y de ah\u00ed al resto del mundo. En Espa\u00f1a est\u00e1 previsto que se ponga a la venta bien entrado el 2027.<\/strong> Ampliaremos la informaci\u00f3n disponible en cuanto Hyundai la comunique.<br data-node-id=\"38.3\"\/><\/p>\n","protected":false},"excerpt":{"rendered":"Ya est\u00e1 aqu\u00ed el nuevo Hyundai Tucson. Esta generaci\u00f3n, la quinta de la historia, rompe con la anterior&hellip;\n","protected":false},"author":2,"featured_media":719886,"comment_status":"","ping_status":"","sticky":false,"template":"","format":"standard","meta":{"footnotes":""},"categories":[80],"tags":[82,95,94,25,24,975,23],"class_list":["post-719885","post","type-post","status-publish","format-standard","has-post-thumbnail","category-economia","tag-business","tag-economia","tag-economy","tag-es","tag-espana","tag-seo","tag-spain"],"share_on_mastodon":{"url":"https:\/\/pubeurope.com\/@es\/117122489736997718","error":""},"_links":{"self":[{"href":"https:\/\/www.europesays.com\/es\/wp-json\/wp\/v2\/posts\/719885","targetHints":{"allow":["GET"]}}],"collection":[{"href":"https:\/\/www.europesays.com\/es\/wp-json\/wp\/v2\/posts"}],"about":[{"href":"https:\/\/www.europesays.com\/es\/wp-json\/wp\/v2\/types\/post"}],"author":[{"embeddable":true,"href":"https:\/\/www.europesays.com\/es\/wp-json\/wp\/v2\/users\/2"}],"replies":[{"embeddable":true,"href":"https:\/\/www.europesays.com\/es\/wp-json\/wp\/v2\/comments?post=719885"}],"version-history":[{"count":0,"href":"https:\/\/www.europesays.com\/es\/wp-json\/wp\/v2\/posts\/719885\/revisions"}],"wp:featuredmedia":[{"embeddable":true,"href":"https:\/\/www.europesays.com\/es\/wp-json\/wp\/v2\/media\/719886"}],"wp:attachment":[{"href":"https:\/\/www.europesays.com\/es\/wp-json\/wp\/v2\/media?parent=719885"}],"wp:term":[{"taxonomy":"category","embeddable":true,"href":"https:\/\/www.europesays.com\/es\/wp-json\/wp\/v2\/categories?post=719885"},{"taxonomy":"post_tag","embeddable":true,"href":"https:\/\/www.europesays.com\/es\/wp-json\/wp\/v2\/tags?post=719885"}],"curies":[{"name":"wp","href":"https:\/\/api.w.org\/{rel}","templated":true}]}}