{"id":719953,"date":"2026-08-19T14:34:12","date_gmt":"2026-08-19T14:34:12","guid":{"rendered":"https:\/\/www.europesays.com\/es\/719953\/"},"modified":"2026-08-19T14:34:12","modified_gmt":"2026-08-19T14:34:12","slug":"el-ejercito-israeli-admite-que-abrio-fuego-contra-el-coche-de-la-nina-hind-rajab-en-gaza-y-abre-una-investigacion-penal-por-su-muerte-internacional","status":"publish","type":"post","link":"https:\/\/www.europesays.com\/es\/719953\/","title":{"rendered":"El ej\u00e9rcito israel\u00ed admite que abri\u00f3 fuego contra el coche de la ni\u00f1a Hind Rajab en Gaza y abre una investigaci\u00f3n penal por su muerte | Internacional"},"content":{"rendered":"<p class=\"\">El ej\u00e9rcito israel\u00ed ha anunciado este mi\u00e9rcoles que abrir\u00e1 investigaciones penales internas sobre las muertes en Gaza de la ni\u00f1a palestina Hind Rajab \u2014acribillada a disparos mientras rogaba ayuda junto a los cad\u00e1veres de sus familiares, en enero de 2024\u2014 y de 15 trabajadores humanitarios y de emergencia un a\u00f1o m\u00e1s tarde, que los soldados trataron de ocultar enterrando los veh\u00edculos en los que hab\u00edan acudido a atender heridos. Se trata de un tipo de pesquisas internas que rara vez resulta en condenas, pero su apertura muestra la importancia que han cobrado estos casos, sobre todo el de Rajab, convertido en un s\u00edmbolo <a href=\"https:\/\/elpais.com\/internacional\/2024-02-11\/hind-rajab-la-nina-de-gaza-que-murio-rogando-ayuda-durante-horas-rodeada-de-cadaveres.html\" target=\"_self\" rel=\"nofollow noopener\" title=\"https:\/\/elpais.com\/internacional\/2024-02-11\/hind-rajab-la-nina-de-gaza-que-murio-rogando-ayuda-durante-horas-rodeada-de-cadaveres.html\">por la crudeza del caso<\/a>, por <a href=\"https:\/\/elpais.com\/cultura\/cine\/2025-11-28\/la-voz-de-hind-una-nina-pide-que-la-salven-y-escuchamos-su-voz.html\" target=\"_self\" rel=\"nofollow noopener\" title=\"https:\/\/elpais.com\/cultura\/cine\/2025-11-28\/la-voz-de-hind-una-nina-pide-que-la-salven-y-escuchamos-su-voz.html\">la pel\u00edcula La voz de Hind<\/a> \u2014que gan\u00f3 el Le\u00f3n de Plata en el \u00faltimo festival de Venecia\u2014 y por el activismo de su madre, Wisam Hamada, pidiendo justicia para los ni\u00f1os de Gaza.<\/p>\n<p class=\"\">Rajab muri\u00f3 con cinco a\u00f1os por fuego del ej\u00e9rcito israel\u00ed mientras ped\u00eda ayuda por tel\u00e9fono durante tres horas a la Media Luna Roja palestina y a su madre, rodeada de los cad\u00e1veres de seis familiares. La familia segu\u00eda una de las \u00f3rdenes (entonces constantes) de desplazamiento forzoso y subi\u00f3 a toda prisa al veh\u00edculo para abandonar la zona que acababa de ser declarada de combate. En su resoluci\u00f3n, el ej\u00e9rcito se escuda en que el veh\u00edculo circulaba \u201cen direcci\u00f3n contraria a la ruta de evacuaci\u00f3n\u201d que hab\u00eda publicado en redes, aunque admite \u201cpresuntas fallas en la coordinaci\u00f3n del traslado de la ambulancia de la Media Luna Roja\u201d, cuyos sanitarios fueron abatidos a tiros cuando finalmente obtuvieron luz verde para intentar rescatar a la peque\u00f1a. \u201cSe ha decidido ordenar una investigaci\u00f3n m\u00e1s exhaustiva del incidente a cargo de la Polic\u00eda Militar\u201d, se\u00f1ala. <\/p>\n<p class=\"\">El ej\u00e9rcito israel\u00ed cierra en cambio otros dos pol\u00e9micos casos. Por un lado, <a href=\"https:\/\/elpais.com\/internacional\/2024-04-02\/un-bombardeo-israeli-mata-en-gaza-a-varios-voluntarios-de-world-central-kitchen-la-ong-de-jose-andres.html\" target=\"_self\" rel=\"nofollow noopener\" title=\"https:\/\/elpais.com\/internacional\/2024-04-02\/un-bombardeo-israeli-mata-en-gaza-a-varios-voluntarios-de-world-central-kitchen-la-ong-de-jose-andres.html\">el asesinato de siete trabajadores humanitarios de World Central Kitchen<\/a>, la organizaci\u00f3n ben\u00e9fica del chef Jos\u00e9 Andr\u00e9s, cuando circulaban por una carretera de Gaza en coches identificados con las siglas de la ONG por una ruta previamente comunicada, en abril de 2024. Considera que no existen sospecha razonable de conducta delictiva que justificara la apertura de una investigaci\u00f3n penal.<\/p>\n<p class=\"\">Tampoco tendr\u00e1n m\u00e1s recorrido las muertes de cuatro emplados de M\u00e9dicos sin Fronteras, una ONG a la que Israel impide trabajar en Gaza y contra la que viene librando una campa\u00f1a de desprestigio. Sucedi\u00f3 en dos ataques: uno, contra un edificio que MSF utilizaba en Jan Yunis, en el sur de Gaza, y otro contra un convoy en la capital de la Franja, en noviembre de 2023.<\/p>\n<p class=\"\">Son las resoluciones sobre cinco incidentes relacionados con la muerte de palestinos, tras el an\u00e1lisis de su Mecanismo de Investigaci\u00f3n y Evaluaci\u00f3n. \u201cDurante m\u00e1s de mil d\u00edas, las Fuerzas Armadas de Israel han librado intensos combates en numerosos frentes, llevando a cabo una amplia gama de misiones militares en una realidad operativa excepcionalmente compleja\u201d, justifican las Fuerzas Armadas en un comunicado.<\/p>\n","protected":false},"excerpt":{"rendered":"El ej\u00e9rcito israel\u00ed ha anunciado este mi\u00e9rcoles que abrir\u00e1 investigaciones penales internas sobre las muertes en Gaza de&hellip;\n","protected":false},"author":2,"featured_media":719954,"comment_status":"","ping_status":"","sticky":false,"template":"","format":"standard","meta":{"footnotes":""},"categories":[42],"tags":[17,18,68,70,71,72,13,14,73,69,75,11,61,62,63,64,74,19,20,9,10,15,16,77,76,12,21,22,65,66,67],"class_list":["post-719953","post","type-post","status-publish","format-standard","has-post-thumbnail","category-internacional","tag-breaking-news","tag-breakingnews","tag-conflicto-arabe-israeli","tag-conflictos","tag-conflictos-armados","tag-conflictos-internacionales","tag-featured-news","tag-featurednews","tag-franja-gaza","tag-guerra","tag-hamas","tag-headlines","tag-internacional","tag-international","tag-international-news","tag-internationalnews","tag-israel","tag-latest-news","tag-latestnews","tag-news","tag-noticias","tag-noticias-destacadas","tag-noticiasdestacadas","tag-oriente-proximo","tag-palestina","tag-titulares","tag-ultimas-noticias","tag-ultimasnoticias","tag-world","tag-world-news","tag-worldnews"],"share_on_mastodon":{"url":"","error":"Validation failed: Text character limit of 500 exceeded"},"_links":{"self":[{"href":"https:\/\/www.europesays.com\/es\/wp-json\/wp\/v2\/posts\/719953","targetHints":{"allow":["GET"]}}],"collection":[{"href":"https:\/\/www.europesays.com\/es\/wp-json\/wp\/v2\/posts"}],"about":[{"href":"https:\/\/www.europesays.com\/es\/wp-json\/wp\/v2\/types\/post"}],"author":[{"embeddable":true,"href":"https:\/\/www.europesays.com\/es\/wp-json\/wp\/v2\/users\/2"}],"replies":[{"embeddable":true,"href":"https:\/\/www.europesays.com\/es\/wp-json\/wp\/v2\/comments?post=719953"}],"version-history":[{"count":0,"href":"https:\/\/www.europesays.com\/es\/wp-json\/wp\/v2\/posts\/719953\/revisions"}],"wp:featuredmedia":[{"embeddable":true,"href":"https:\/\/www.europesays.com\/es\/wp-json\/wp\/v2\/media\/719954"}],"wp:attachment":[{"href":"https:\/\/www.europesays.com\/es\/wp-json\/wp\/v2\/media?parent=719953"}],"wp:term":[{"taxonomy":"category","embeddable":true,"href":"https:\/\/www.europesays.com\/es\/wp-json\/wp\/v2\/categories?post=719953"},{"taxonomy":"post_tag","embeddable":true,"href":"https:\/\/www.europesays.com\/es\/wp-json\/wp\/v2\/tags?post=719953"}],"curies":[{"name":"wp","href":"https:\/\/api.w.org\/{rel}","templated":true}]}}