{"id":720047,"date":"2026-08-19T15:45:13","date_gmt":"2026-08-19T15:45:13","guid":{"rendered":"https:\/\/www.europesays.com\/es\/720047\/"},"modified":"2026-08-19T15:45:13","modified_gmt":"2026-08-19T15:45:13","slug":"la-onu-denuncia-que-350-trabajadores-humanitarios-fueron-asesinados-en-2025","status":"publish","type":"post","link":"https:\/\/www.europesays.com\/es\/720047\/","title":{"rendered":"La ONU denuncia que 350 trabajadores humanitarios fueron asesinados en 2025"},"content":{"rendered":"<p>    <img src=\"https:\/\/www.europesays.com\/es\/wp-content\/uploads\/2026\/08\/2026-08-19T143A493A26Z-91922254.jpg\" width=\"1024\" height=\"682\" alt=\"\" loading=\"eager\" decoding=\"sync\" fetchpriority=\"high\"\/><\/p>\n<p>            afp_tickers        <\/p>\n<p>        Este contenido fue publicado en    <\/p>\n<p>        19 agosto 2026 &#8211; 16:49\n<\/p>\n<p>El n\u00famero de trabajadores humanitarios asesinados en 2025 asciende a 350, de los cuales 186 murieron en Gaza y 71 en Sud\u00e1n, lament\u00f3 el mi\u00e9rcoles la Oficina de las Naciones Unidas para la Coordinaci\u00f3n de Asuntos Humanitarios (OCHA).<\/p>\n<p>\u00abEl a\u00f1o 2025 volvi\u00f3 a establecer un triste r\u00e9cord en materia de violencia contra los trabajadores humanitarios, con 907 miembros del personal humanitario asesinados, heridos o secuestrados\u00bb, escribe la instituci\u00f3n en un comunicado.\u00a0<\/p>\n<p>Seg\u00fan estas cifras, procedentes de la base de datos del centro de investigaci\u00f3n de referencia Humanitarian Outcomes, el balance de muertos es ligeramente inferior al del a\u00f1o 2024, durante el cual 377 trabajadores humanitarios fueron asesinados.\u00a0<\/p>\n<p>Desde comienzos de 2026, otros 82 han sido asesinados, 97 heridos y 39 secuestrados en todo el mundo, prosigue la OCHA.\u00a0<\/p>\n<p>\u00abM\u00e1s de 1.000 trabajadores humanitarios han sido asesinados en apenas tres a\u00f1os, y eso es totalmente inaceptable\u00bb, declar\u00f3 el responsable de las operaciones humanitarias de la ONU, Tom Fletcher.\u00a0<\/p>\n<p>\u00abPero el mero hecho de denunciarlo no los proteger\u00e1. Los Estados deben hacer respetar el derecho internacional humanitario y utilizar todos los medios a su alcance para proteger a los civiles y a nuestros colegas. Y quienes infringen las normas deben afrontar las consecuencias\u00bb, prosigue.\u00a0<\/p>\n<p>La OCHA se\u00f1ala en particular que \u00abla proliferaci\u00f3n de drones armados baratos y adaptables es especialmente preocupante\u00bb, ya que \u00abpermite que un n\u00famero cada vez mayor de actores tenga acceso a una potencia letal\u00bb.\u00a0<\/p>\n<p>En Sud\u00e1n, los drones armados han sido responsables del \u00ab80% de las muertes entre la poblaci\u00f3n civil durante los cuatro primeros meses de 2026, golpeando, en particular, mercados y centros de salud\u00bb.\u00a0<\/p>\n<p>\u00abLos drones militarizados se han convertido en el nuevo rostro de un peligro antiguo: el atentado deliberado o imprudente contra vidas civiles\u00bb, seg\u00fan Fletcher.\u00a0<\/p>\n<p>\u00abLa tecnolog\u00eda puede evolucionar, pero las leyes de la guerra no cambian\u00bb, concluy\u00f3.\u00a0<\/p>\n<p>rh\/ube\/mr\/nn<\/p>\n","protected":false},"excerpt":{"rendered":"afp_tickers Este contenido fue publicado en 19 agosto 2026 &#8211; 16:49 El n\u00famero de trabajadores humanitarios asesinados en&hellip;\n","protected":false},"author":2,"featured_media":720048,"comment_status":"","ping_status":"","sticky":false,"template":"","format":"standard","meta":{"footnotes":""},"categories":[42],"tags":[17,18,636,83,13,14,8861,11,61,62,63,86,64,19,20,9,10,15,16,88,90,12,21,22,65,66,67],"class_list":["post-720047","post","type-post","status-publish","format-standard","has-post-thumbnail","category-internacional","tag-breaking-news","tag-breakingnews","tag-conflict","tag-diplomacy","tag-featured-news","tag-featurednews","tag-foreign-aid","tag-headlines","tag-internacional","tag-international","tag-international-news","tag-international-relations","tag-internationalnews","tag-latest-news","tag-latestnews","tag-news","tag-noticias","tag-noticias-destacadas","tag-noticiasdestacadas","tag-politics","tag-ticker","tag-titulares","tag-ultimas-noticias","tag-ultimasnoticias","tag-world","tag-world-news","tag-worldnews"],"share_on_mastodon":{"url":"https:\/\/pubeurope.com\/@es\/117122954024603159","error":""},"_links":{"self":[{"href":"https:\/\/www.europesays.com\/es\/wp-json\/wp\/v2\/posts\/720047","targetHints":{"allow":["GET"]}}],"collection":[{"href":"https:\/\/www.europesays.com\/es\/wp-json\/wp\/v2\/posts"}],"about":[{"href":"https:\/\/www.europesays.com\/es\/wp-json\/wp\/v2\/types\/post"}],"author":[{"embeddable":true,"href":"https:\/\/www.europesays.com\/es\/wp-json\/wp\/v2\/users\/2"}],"replies":[{"embeddable":true,"href":"https:\/\/www.europesays.com\/es\/wp-json\/wp\/v2\/comments?post=720047"}],"version-history":[{"count":0,"href":"https:\/\/www.europesays.com\/es\/wp-json\/wp\/v2\/posts\/720047\/revisions"}],"wp:featuredmedia":[{"embeddable":true,"href":"https:\/\/www.europesays.com\/es\/wp-json\/wp\/v2\/media\/720048"}],"wp:attachment":[{"href":"https:\/\/www.europesays.com\/es\/wp-json\/wp\/v2\/media?parent=720047"}],"wp:term":[{"taxonomy":"category","embeddable":true,"href":"https:\/\/www.europesays.com\/es\/wp-json\/wp\/v2\/categories?post=720047"},{"taxonomy":"post_tag","embeddable":true,"href":"https:\/\/www.europesays.com\/es\/wp-json\/wp\/v2\/tags?post=720047"}],"curies":[{"name":"wp","href":"https:\/\/api.w.org\/{rel}","templated":true}]}}