{"id":720307,"date":"2026-08-19T18:52:37","date_gmt":"2026-08-19T18:52:37","guid":{"rendered":"https:\/\/www.europesays.com\/es\/720307\/"},"modified":"2026-08-19T18:52:37","modified_gmt":"2026-08-19T18:52:37","slug":"el-servicio-de-limpieza-encuentra-en-valencia-una-bolsa-con-huesos-humanos-en-la-red-de-alcantarillado","status":"publish","type":"post","link":"https:\/\/www.europesays.com\/es\/720307\/","title":{"rendered":"El servicio de limpieza encuentra en Valencia una bolsa con huesos humanos en la red de alcantarillado"},"content":{"rendered":"<p>Una tarea rutinaria de mantenimiento preventivo contra las inundaciones en la <b>ciudad de Valencia<\/b> ha desembocado en un macabro hallazgo de huesos humanos bajo el suelo del <b>barrio de Nazaret<\/b>. Los hechos tuvieron lugar poco despu\u00e9s de las nueve de la ma\u00f1ana del martes.<\/p>\n<p>Un grupo de trabajadores municipales de <b>los servicios de limpieza<\/b> llevaba a cabo labores de mantenimiento en los imbornales de la calle de <b>l&#8217;Estacioneta<\/b>, cerca del puente de <b>Astilleros, <\/b>seg\u00fan adelanta el diario &#8216;Las Provincias&#8217;. Mientras realizaban estos trabajos, los operarios encontraron una bolsa que conten\u00eda restos \u00f3seos.<\/p>\n<p>Tras recibir la alerta del 091, <b>la Polic\u00eda<\/b> activ\u00f3 inmediatamente <b>el protocolo de levantamiento de restos humanos<\/b> con aviso urgente a los agentes especializados en investigaci\u00f3n criminal del<b> Grupo de Homicidios y la Brigada Provincial Polic\u00eda Cient\u00edfica<\/b>, adem\u00e1s del juzgado de guardia de Valencia.<\/p>\n<p>Antes de retirar los restos, la Polic\u00eda Cient\u00edfica tom\u00f3 <b>fotograf\u00edas de los huesos<\/b> y del punto exacto donde fueron encontrados por los trabajadores. Seg\u00fan ha podido saber el diario Las Provincias, tanto los agentes de la Polic\u00eda Cient\u00edfica como el forense de guardia han confirmado que los restos \u00f3seos son humanos tras una primera inspecci\u00f3n, y descartaron sean de un animal.<\/p>\n<p>Los huesos han sido trasladados a la Unidad de Antropolog\u00eda y Odontolog\u00eda Forense del Instituto de Medicina Legal de Valencia y los especialistas trabajar\u00e1n para determinar su antig\u00fcedad, tratando de <b>extraer su ADN<\/b>. Adem\u00e1s, en la investigaci\u00f3n policial y forense se buscar\u00e1n datos entre los perfiles gen\u00e9ticos de la base de datos de personas desaparecidas.<\/p>\n<p>Investigaci\u00f3n de las circunstancias<\/p>\n<p>Por el momento, se contemplan todas las hip\u00f3tesis mientras se elabora el informe de la Unidad de Antropolog\u00eda. <b>La Polic\u00eda no descarta ninguna l\u00ednea de investigaci\u00f3n<\/b> hasta determinar exactamente la antig\u00fcedad de los restos \u00f3seos y comprobar si corresponden a alguna persona desaparecida.<\/p>\n<p>En consecuencia, el Grupo de Homicidios y la Brigada Provincial de Polic\u00eda Cient\u00edfica de Valencia se han encargado las investigaciones ante la posibilidad de que se trate de un caso criminal. Otra <b>posibilidad<\/b> que baraja la Polic\u00eda es que los huesos sean muy antiguos y <b>procedan de un cementerio<\/b> o traslado ilegal de restos humanos.<\/p>\n<p><img alt=\"Antena 3 Noticias\" width=\"472\" height=\"266\" src=\"https:\/\/www.europesays.com\/es\/wp-content\/uploads\/2026\/08\/enfermerias-ceuta_177.jpg\" loading=\"lazy\" class=\"lazy video-main-picture\"  decoding=\"async\" \/><\/p>\n","protected":false},"excerpt":{"rendered":"Una tarea rutinaria de mantenimiento preventivo contra las inundaciones en la ciudad de Valencia ha desembocado en un&hellip;\n","protected":false},"author":2,"featured_media":720308,"comment_status":"","ping_status":"","sticky":false,"template":"","format":"standard","meta":{"footnotes":""},"categories":[5],"tags":[17,18,25,24,13,14,11,12839,19,20,9,10,15,16,128756,23,12,21,22,235],"class_list":["post-720307","post","type-post","status-publish","format-standard","has-post-thumbnail","category-titulares","tag-breaking-news","tag-breakingnews","tag-es","tag-espana","tag-featured-news","tag-featurednews","tag-headlines","tag-huesos","tag-latest-news","tag-latestnews","tag-news","tag-noticias","tag-noticias-destacadas","tag-noticiasdestacadas","tag-restos-oseos","tag-spain","tag-titulares","tag-ultimas-noticias","tag-ultimasnoticias","tag-valencia"],"share_on_mastodon":{"url":"https:\/\/pubeurope.com\/@es\/117123688600370735","error":""},"_links":{"self":[{"href":"https:\/\/www.europesays.com\/es\/wp-json\/wp\/v2\/posts\/720307","targetHints":{"allow":["GET"]}}],"collection":[{"href":"https:\/\/www.europesays.com\/es\/wp-json\/wp\/v2\/posts"}],"about":[{"href":"https:\/\/www.europesays.com\/es\/wp-json\/wp\/v2\/types\/post"}],"author":[{"embeddable":true,"href":"https:\/\/www.europesays.com\/es\/wp-json\/wp\/v2\/users\/2"}],"replies":[{"embeddable":true,"href":"https:\/\/www.europesays.com\/es\/wp-json\/wp\/v2\/comments?post=720307"}],"version-history":[{"count":0,"href":"https:\/\/www.europesays.com\/es\/wp-json\/wp\/v2\/posts\/720307\/revisions"}],"wp:featuredmedia":[{"embeddable":true,"href":"https:\/\/www.europesays.com\/es\/wp-json\/wp\/v2\/media\/720308"}],"wp:attachment":[{"href":"https:\/\/www.europesays.com\/es\/wp-json\/wp\/v2\/media?parent=720307"}],"wp:term":[{"taxonomy":"category","embeddable":true,"href":"https:\/\/www.europesays.com\/es\/wp-json\/wp\/v2\/categories?post=720307"},{"taxonomy":"post_tag","embeddable":true,"href":"https:\/\/www.europesays.com\/es\/wp-json\/wp\/v2\/tags?post=720307"}],"curies":[{"name":"wp","href":"https:\/\/api.w.org\/{rel}","templated":true}]}}