{"id":720369,"date":"2026-08-19T19:40:17","date_gmt":"2026-08-19T19:40:17","guid":{"rendered":"https:\/\/www.europesays.com\/es\/720369\/"},"modified":"2026-08-19T19:40:17","modified_gmt":"2026-08-19T19:40:17","slug":"feijoo-lleva-al-gobierno-al-supremo-por-plantar-al-senado-con-la-crisis-migratoria-en-ceuta","status":"publish","type":"post","link":"https:\/\/www.europesays.com\/es\/720369\/","title":{"rendered":"Feij\u00f3o lleva al Gobierno al Supremo por plantar al Senado con la crisis migratoria en Ceuta"},"content":{"rendered":"<p>El l\u00edder del Partido Popular, <a href=\"https:\/\/theobjective.com\/etiqueta\/alberto-nunez-feijoo\/\" type=\"post_tag\" id=\"489314\" rel=\"nofollow noopener\" target=\"_blank\">Alberto N\u00fa\u00f1ez Feij\u00f3o<\/a>, ha anunciado este mi\u00e9rcoles que el PP acudir\u00e1 al <a href=\"https:\/\/theobjective.com\/etiqueta\/tribunal-supremo\/\" type=\"post_tag\" id=\"2354\" rel=\"nofollow noopener\" target=\"_blank\">Tribunal Supremo<\/a> por la ausencia de varios ministros en las comisiones de investigaci\u00f3n del <a href=\"https:\/\/theobjective.com\/etiqueta\/senado\/\" type=\"post_tag\" id=\"5066\" rel=\"nofollow noopener\" target=\"_blank\">Senado<\/a>, donde ten\u00edan que haber explicado por qu\u00e9 Ceuta \u00abfue invadida\u00bb. \u00ab<strong>El<\/strong> <strong>Gobierno no puede decidir en qu\u00e9 c\u00e1mara comparece, ni cu\u00e1ndo lo hace ni en qu\u00e9 condiciones acepta ser controlado\u00bb<\/strong>, ha afirmado el l\u00edder de la oposici\u00f3n en Ceuta, ciudad que ha visitado por segunda vez desde que estall\u00f3 la crisis derivada de la llegada irregular de miles de migrantes el pasado 30 de julio.<\/p>\n<p>El <strong>Supremo tendr\u00e1 que decidir si los ministros se pueden negar a comparecer<\/strong>, ha explicado el l\u00edder popular, quien ha advertido que su partido utilizar\u00e1 \u00abtodos los instrumentos\u00bb a su alcance para que se cumpla esta obligaci\u00f3n constitucional. Los <strong>ministros de Interior, Fernando Grande-Marlaska; Exteriores, Jos\u00e9 Manuel Albares, y Defensa, Margarita Robles, estaban convocados a comparecer<\/strong> en la comisi\u00f3n de investigaci\u00f3n del Senado \u2014en esta c\u00e1mara, el PP tiene mayor\u00eda\u2014 sobre lo sucedido en Ceuta, pero no acudieron porque ten\u00edan previsto hacerlo en el Congreso, donde ir\u00e1n la semana que viene.<\/p>\n<blockquote class=\"twitter-tweet\" data-width=\"550\" data-dnt=\"true\">\n<p lang=\"es\" dir=\"ltr\">Alberto N\u00fa\u00f1ez Feij\u00f3o: \u00abNos hemos visto en la obligaci\u00f3n de acudir al Tribunal Supremo para que nos diga si los ministros del Gobierno de Espa\u00f1a se pueden negar a comparecer\u00bb. <a href=\"https:\/\/t.co\/O3dcchqkAy\" rel=\"nofollow\">pic.twitter.com\/O3dcchqkAy<\/a><\/p>\n<p>\u2014 THE OBJECTIVE (@TheObjective_es) <a href=\"https:\/\/x.com\/TheObjective_es\/status\/2090121656702218742?ref_src=twsrc%5Etfw\" rel=\"nofollow\">August 19, 2026<\/a><\/p><\/blockquote>\n<p>En su intervenci\u00f3n, <strong>Feij\u00f3o ha asegurado que el 30 de julio Espa\u00f1a \u00abperdi\u00f3 el control de una de sus fronteras\u00bb<\/strong> y que veinte d\u00edas despu\u00e9s los espa\u00f1oles que viven en la ciudad \u00absiguen sufriendo el abandono del Gobierno\u00bb. Seg\u00fan Feij\u00f3o, <strong>una ciudad espa\u00f1ola ha sido \u00abinvadida en pleno 2026\u00bb<\/strong> y los m\u00e1ximos responsables de dar respuesta a algo as\u00ed pretenden tratarlo \u00abcomo un simple episodio de verano\u00bb.<\/p>\n<p>El l\u00edder popular ha criticado que el presidente del Gobierno, <strong>Pedro S\u00e1nchez, siga \u00aben chanclas en la playa\u00bb<\/strong>, mientras que el presidente de Ceuta, Juan Jes\u00fas Vivas, presente en la rueda de prensa, \u00abno se ha quitado las botas en tres semanas\u00bb. En estas semanas en las que Ceuta est\u00e1 escuchando \u00abque todo est\u00e1 bajo control\u00bb, ha a\u00f1adido, <strong>el Gobierno no ha ofrecido \u00absoluciones efectivas\u00bb<\/strong> y ni una explicaci\u00f3n de lo que ha pasado.<\/p>\n<p>Seg\u00fan Feij\u00f3o, <strong>en el Gobierno \u00abno hubo altura antes de la invasi\u00f3n porque ignor\u00f3 los avisos\u00bb<\/strong>; tampoco mientras se produc\u00eda, ya que no la contuvo, y \u00absigue sin estar a la altura\u00bb, ya que \u00abno ha entendido que en Ceuta hay una situaci\u00f3n excepcional\u00bb que requiere de medidas excepcionales. Feij\u00f3o <strong>ha alertado de que en la ciudad aut\u00f3noma se dan los ingredientes para que se produzcan \u00abgraves incidentes\u00bb<\/strong> de seguridad.<\/p>\n<p>Adem\u00e1s, <strong>el l\u00edder popular ha citado varias de las peticiones de su partido<\/strong>, entre ellas la intervenci\u00f3n de un mando \u00fanico y el regreso voluntario o la expulsi\u00f3n de todos los inmigrantes que han entrado ilegalmente.<\/p>\n<p>                                                    <script async src=\"https:\/\/platform.twitter.com\/widgets.js\" charset=\"utf-8\"><\/script><\/p>\n","protected":false},"excerpt":{"rendered":"El l\u00edder del Partido Popular, Alberto N\u00fa\u00f1ez Feij\u00f3o, ha anunciado este mi\u00e9rcoles que el PP acudir\u00e1 al Tribunal&hellip;\n","protected":false},"author":2,"featured_media":720370,"comment_status":"","ping_status":"","sticky":false,"template":"","format":"standard","meta":{"footnotes":""},"categories":[5],"tags":[6069,17,18,4486,894,25,24,13,14,248,11,19,20,4869,9,10,15,16,2644,6912,23,12,4874,21,22],"class_list":["post-720369","post","type-post","status-publish","format-standard","has-post-thumbnail","category-titulares","tag-alberto-nunez-feijoo","tag-breaking-news","tag-breakingnews","tag-ceuta","tag-crisis-migratoria","tag-es","tag-espana","tag-featured-news","tag-featurednews","tag-gobierno-de-espana","tag-headlines","tag-latest-news","tag-latestnews","tag-ministros","tag-news","tag-noticias","tag-noticias-destacadas","tag-noticiasdestacadas","tag-pp-partido-popular","tag-senado","tag-spain","tag-titulares","tag-tribunal-supremo","tag-ultimas-noticias","tag-ultimasnoticias"],"share_on_mastodon":{"url":"","error":""},"_links":{"self":[{"href":"https:\/\/www.europesays.com\/es\/wp-json\/wp\/v2\/posts\/720369","targetHints":{"allow":["GET"]}}],"collection":[{"href":"https:\/\/www.europesays.com\/es\/wp-json\/wp\/v2\/posts"}],"about":[{"href":"https:\/\/www.europesays.com\/es\/wp-json\/wp\/v2\/types\/post"}],"author":[{"embeddable":true,"href":"https:\/\/www.europesays.com\/es\/wp-json\/wp\/v2\/users\/2"}],"replies":[{"embeddable":true,"href":"https:\/\/www.europesays.com\/es\/wp-json\/wp\/v2\/comments?post=720369"}],"version-history":[{"count":0,"href":"https:\/\/www.europesays.com\/es\/wp-json\/wp\/v2\/posts\/720369\/revisions"}],"wp:featuredmedia":[{"embeddable":true,"href":"https:\/\/www.europesays.com\/es\/wp-json\/wp\/v2\/media\/720370"}],"wp:attachment":[{"href":"https:\/\/www.europesays.com\/es\/wp-json\/wp\/v2\/media?parent=720369"}],"wp:term":[{"taxonomy":"category","embeddable":true,"href":"https:\/\/www.europesays.com\/es\/wp-json\/wp\/v2\/categories?post=720369"},{"taxonomy":"post_tag","embeddable":true,"href":"https:\/\/www.europesays.com\/es\/wp-json\/wp\/v2\/tags?post=720369"}],"curies":[{"name":"wp","href":"https:\/\/api.w.org\/{rel}","templated":true}]}}