{"id":720515,"date":"2026-08-19T21:37:14","date_gmt":"2026-08-19T21:37:14","guid":{"rendered":"https:\/\/www.europesays.com\/es\/720515\/"},"modified":"2026-08-19T21:37:14","modified_gmt":"2026-08-19T21:37:14","slug":"locos-por-volver-e-impresion-por-un-paisaje-desolador-los-evacuados-por-el-incendio-de-riglos-regresan-a-casa","status":"publish","type":"post","link":"https:\/\/www.europesays.com\/es\/720515\/","title":{"rendered":"\u00abLocos por volver\u00bb e impresi\u00f3n por un paisaje desolador: los evacuados por el incendio de Riglos regresan a casa"},"content":{"rendered":"<p class=\"L6-news-detail__text\">Felices porque estaban \u00ablocos por volver\u00bb a sus casas, que \u00abal menos han quedado\u00bb en pie, pero impresionados por el paisaje que han encontrado en sus pueblos, <b>\u00abdesde donde se ve el monte negro\u00bb<\/b>. As\u00ed se han mostrado algunos de los vecinos desalojados por el incendio de Las Pe\u00f1as de Riglos (Huesca) que este mi\u00e9rcoles han podido volver a sus domicilios.<\/p>\n<p class=\"L6-news-detail__text\">Son los de <b>Santa Mar\u00eda de la Pe\u00f1a, Salinas de Jaca, Villalangua, Laru\u00e9s, Bailo, Arbu\u00e9s y Alastuey<\/b>, un total de 378 personas de siete poblaciones, que podr\u00edan elevarse a 546 si durante este mi\u00e9rcoles se incorporan tambi\u00e9n los vecinos de Triste, La Pe\u00f1a Estaci\u00f3n, Yeste y Anz\u00e1nigo. En total, el fuego desaloj\u00f3 a 1.046 personas de 19 localidades.<\/p>\n<p class=\"L6-news-detail__text\">Alicia Galindo, vecina de Arbu\u00e9s, ha explicado que ya hab\u00eda podido acercarse al pueblo antes para recoger a su gata, pero aun as\u00ed le sigue impresionando el paisaje quemado alrededor de la localidad. \u201cDesde el pueblo se ve el monte negro\u201d, ha aseverado. Se siente \u201cmuy feliz\u201d por regresar a su pueblo, en el que \u201cpor lo menos han quedado las casas, y es lo importante\u201d, aunque ha afirmado que <b>la limpieza de la ceniza y el olor a humo<\/b> va a copar gran parte de su tiempo en los pr\u00f3ximos d\u00edas.<\/p>\n<p>Una pesadilla<\/p>\n<p class=\"L6-news-detail__text\">El tiempo que ha estado evacuada se ha alojado en el domicilio de su hermana en Jaca, aunque estaba \u201cloca por volver a casa\u201d, despu\u00e9s de unos d\u00edas de incertidumbre y frustraci\u00f3n. \u201c<b>Parec\u00eda que no acababa nunca<\/b>, era una pesadilla\u201d, ha descrito Galindo, quien ha reconocido \u00abel gran valor\u00bb de los bomberos forestales y servicios de extinci\u00f3n durante los trabajos para contener <b>uno de los peores incendios de Arag\u00f3n<\/b>.<\/p>\n<p class=\"L6-news-detail__text\">Al alcalde de Bailo y vecino de Laru\u00e9s, Javier Solana, el regreso y ver el nuevo paisaje que asola estas localidades no le ha provocado una impresi\u00f3n repentina porque durante estos d\u00edas ha estado <b>trabajando \u201ccodo con codo\u201d<\/b> con los servicios de extinci\u00f3n. \u201cHemos ayudado con tractores y alg\u00fan batefuego. Hac\u00edamos revisiones cuando los medios ten\u00edan que marchar a los sitios m\u00e1s gordos y revis\u00e1bamos para controlar alg\u00fan rebrote\u201d, ha indicado.<\/p>\n<p class=\"L6-news-detail__text\">Solana ha destacado el esfuerzo realizado por vecinos, agricultores y voluntarios durante estos d\u00edas, con situaciones que han supuesto dejar de lado el trabajo, asumir costes econ\u00f3micos y quitar horas al sue\u00f1o. Ha indicado que, a la vuelta, <b>el suministro el\u00e9ctrico funciona correctamente<\/b> y hay agua para las necesidades dom\u00e9sticas, aunque de momento no es apta para el consumo humano, a expensas de lo que digan las pruebas que se est\u00e1n realizando en el laboratorio.<\/p>\n<p class=\"L6-news-detail__text\">De hecho, el Gobierno de Arag\u00f3n ha establecido un dispositivo para <b>distribuir cinco litros de agua embotellada <\/b>por persona y d\u00eda mientras no concluyan las anal\u00edticas. Adem\u00e1s, agricultores de la zona contin\u00faan llevando cubas de agua a una piscina de Santa Cruz de la Ser\u00f3s para facilitar la carga de los helic\u00f3pteros de extinci\u00f3n. \u201c<b>Se han llevado muchos medios de extinci\u00f3<\/b>n y siguen dependiendo de que lleven esas cubas de agua. Luego dicen que har\u00e1n alguna donaci\u00f3n, pero son cosas que nos est\u00e1n costando dinero, mientras retiran los medios desplegados\u201d, ha lamentado.<\/p>\n<p class=\"L6-news-detail__text\"><a title=\"*A\u00f1ade laSexta como tu medio de referencia en Google y no te pierdas toda la actualidad y el mejor contenido\" href=\"https:\/\/www.google.com\/preferences\/source?q=lasexta.com\" target=\"_blank\" rel=\"nofollow noopener\"><b>*A\u00f1ade laSexta como tu medio de referencia en Google y no te pierdas toda la actualidad y el mejor contenido<\/b><\/a><\/p>\n<p class=\"L6-support-news-video__title\">En el Parque de la Ballena<\/p>\n<p> <a href=\"https:\/\/www.lasexta.com\/noticias\/sociedad\/hallazgo-comida-tornillos-envenenada-pone-alerta-duenos-perros-barrio-sevillano_202608196a85dc95a5690f0473830e25.html\" class=\"L6-news__link\" rel=\"nofollow noopener\" target=\"_blank\">El hallazgo de comida envenenada y con tornillos pone en alerta a los due\u00f1os de perros de un barrio sevillano<\/p>\n<p class=\"recirculation-video-desc\">Los detalles No es la primera vez que esto ocurre, y han tenido que cerrar y reabrir el parque en cuatro ocasiones. Los vecinos est\u00e1n preocupados porque ha habido animales que han tenido que intervenir ante lo que se hab\u00edan comido y por la presencia habitual de ni\u00f1os peque\u00f1os.<\/p>\n<p> <\/a><\/p>\n","protected":false},"excerpt":{"rendered":"Felices porque estaban \u00ablocos por volver\u00bb a sus casas, que \u00abal menos han quedado\u00bb en pie, pero impresionados&hellip;\n","protected":false},"author":2,"featured_media":720516,"comment_status":"","ping_status":"","sticky":false,"template":"","format":"standard","meta":{"footnotes":""},"categories":[8],"tags":[17,18,2125,25,24,13,14,11,1265,48,4342,8877,19,20,9,10,15,110362,16,23,12,21,22],"class_list":["post-720515","post","type-post","status-publish","format-standard","has-post-thumbnail","category-espana","tag-breaking-news","tag-breakingnews","tag-directo","tag-es","tag-espana","tag-featured-news","tag-featurednews","tag-headlines","tag-huesca","tag-incendio","tag-incendios","tag-incendios-forestales","tag-latest-news","tag-latestnews","tag-news","tag-noticias","tag-noticias-destacadas","tag-noticias-ultima-hora","tag-noticiasdestacadas","tag-spain","tag-titulares","tag-ultimas-noticias","tag-ultimasnoticias"],"share_on_mastodon":{"url":"https:\/\/pubeurope.com\/@es\/117124336847318648","error":""},"_links":{"self":[{"href":"https:\/\/www.europesays.com\/es\/wp-json\/wp\/v2\/posts\/720515","targetHints":{"allow":["GET"]}}],"collection":[{"href":"https:\/\/www.europesays.com\/es\/wp-json\/wp\/v2\/posts"}],"about":[{"href":"https:\/\/www.europesays.com\/es\/wp-json\/wp\/v2\/types\/post"}],"author":[{"embeddable":true,"href":"https:\/\/www.europesays.com\/es\/wp-json\/wp\/v2\/users\/2"}],"replies":[{"embeddable":true,"href":"https:\/\/www.europesays.com\/es\/wp-json\/wp\/v2\/comments?post=720515"}],"version-history":[{"count":0,"href":"https:\/\/www.europesays.com\/es\/wp-json\/wp\/v2\/posts\/720515\/revisions"}],"wp:featuredmedia":[{"embeddable":true,"href":"https:\/\/www.europesays.com\/es\/wp-json\/wp\/v2\/media\/720516"}],"wp:attachment":[{"href":"https:\/\/www.europesays.com\/es\/wp-json\/wp\/v2\/media?parent=720515"}],"wp:term":[{"taxonomy":"category","embeddable":true,"href":"https:\/\/www.europesays.com\/es\/wp-json\/wp\/v2\/categories?post=720515"},{"taxonomy":"post_tag","embeddable":true,"href":"https:\/\/www.europesays.com\/es\/wp-json\/wp\/v2\/tags?post=720515"}],"curies":[{"name":"wp","href":"https:\/\/api.w.org\/{rel}","templated":true}]}}