{"id":720818,"date":"2026-08-20T01:36:26","date_gmt":"2026-08-20T01:36:26","guid":{"rendered":"https:\/\/www.europesays.com\/es\/720818\/"},"modified":"2026-08-20T01:36:26","modified_gmt":"2026-08-20T01:36:26","slug":"herido-un-ciclista-de-70-anos-en-un-accidente-en-villafranca-del-bierzo","status":"publish","type":"post","link":"https:\/\/www.europesays.com\/es\/720818\/","title":{"rendered":"Herido un ciclista de 70 a\u00f1os en un accidente en Villafranca del Bierzo"},"content":{"rendered":"<p>Un <strong>ciclista de unos 70 a\u00f1os result\u00f3 herido<\/strong> este mi\u00e9rcoles tras sufrir un <strong>accidente con un turismo<\/strong> en el kil\u00f3metro 406 de la carretera <strong>N-6<\/strong>, a su paso por el t\u00e9rmino municipal de Villafranca del Bierzo, seg\u00fan informa la oficina de Emergencias 112.<\/p>\n<p>La misma fuente precisa que el suceso tuvo lugar a las 9.01 horas y al lugar de los hechos se desplazaron efectivos de la Polic\u00eda Local de Villafranca, Guardia Civil de Tr\u00e1fico y Emergencias del Sacyl, que envi\u00f3 los recursos necesarios para atender al ciclista herido, quien refer\u00eda dolor en una pierna.<\/p>\n<p>\n\tRelacionado\n<\/p>\n<p>                        <a class=\"share-bluesky\" href=\"https:\/\/bsky.app\/intent\/compose?text=https%3A%2F%2Fwww.elbierzodigital.com%2Fherido-un-ciclista-de-70-anos-en-un-accidente-en-villafranca-del-bierzo%2F\" target=\"_blank\" rel=\"noopener noreferrer nofollow external\" data-wpel-link=\"external\"><br \/>\n    <img loading=\"lazy\" decoding=\"async\" width=\"600\" height=\"530\" src=\"https:\/\/www.elbierzodigital.com\/wp-content\/themes\/ebd-theme\/img\/iconos\/bluesky-blanco.svg\"\/><br \/>\n<\/a><\/p>\n","protected":false},"excerpt":{"rendered":"Un ciclista de unos 70 a\u00f1os result\u00f3 herido este mi\u00e9rcoles tras sufrir un accidente con un turismo en&hellip;\n","protected":false},"author":2,"featured_media":720819,"comment_status":"","ping_status":"","sticky":false,"template":"","format":"standard","meta":{"footnotes":""},"categories":[273],"tags":[5960,313,312,168,25,24,98400,23,167,257,73314],"class_list":["post-720818","post","type-post","status-publish","format-standard","has-post-thumbnail","category-ciclismo","tag-accidentes","tag-ciclismo","tag-cycling","tag-deportes","tag-es","tag-espana","tag-n-6","tag-spain","tag-sports","tag-sucesos","tag-villafranca-del-bierzo"],"share_on_mastodon":{"url":"https:\/\/pubeurope.com\/@es\/117125277302403084","error":""},"_links":{"self":[{"href":"https:\/\/www.europesays.com\/es\/wp-json\/wp\/v2\/posts\/720818","targetHints":{"allow":["GET"]}}],"collection":[{"href":"https:\/\/www.europesays.com\/es\/wp-json\/wp\/v2\/posts"}],"about":[{"href":"https:\/\/www.europesays.com\/es\/wp-json\/wp\/v2\/types\/post"}],"author":[{"embeddable":true,"href":"https:\/\/www.europesays.com\/es\/wp-json\/wp\/v2\/users\/2"}],"replies":[{"embeddable":true,"href":"https:\/\/www.europesays.com\/es\/wp-json\/wp\/v2\/comments?post=720818"}],"version-history":[{"count":0,"href":"https:\/\/www.europesays.com\/es\/wp-json\/wp\/v2\/posts\/720818\/revisions"}],"wp:featuredmedia":[{"embeddable":true,"href":"https:\/\/www.europesays.com\/es\/wp-json\/wp\/v2\/media\/720819"}],"wp:attachment":[{"href":"https:\/\/www.europesays.com\/es\/wp-json\/wp\/v2\/media?parent=720818"}],"wp:term":[{"taxonomy":"category","embeddable":true,"href":"https:\/\/www.europesays.com\/es\/wp-json\/wp\/v2\/categories?post=720818"},{"taxonomy":"post_tag","embeddable":true,"href":"https:\/\/www.europesays.com\/es\/wp-json\/wp\/v2\/tags?post=720818"}],"curies":[{"name":"wp","href":"https:\/\/api.w.org\/{rel}","templated":true}]}}