{"id":720934,"date":"2026-08-20T03:21:17","date_gmt":"2026-08-20T03:21:17","guid":{"rendered":"https:\/\/www.europesays.com\/es\/720934\/"},"modified":"2026-08-20T03:21:17","modified_gmt":"2026-08-20T03:21:17","slug":"guerra-civil-en-argentina-por-la-final-del-mundial-un-mes-de-la-mentira-y-de-una-campana-miserable","status":"publish","type":"post","link":"https:\/\/www.europesays.com\/es\/720934\/","title":{"rendered":"Guerra civil en Argentina por la final del Mundial: \u00abUn mes de la mentira y de una campa\u00f1a miserable\u00bb"},"content":{"rendered":"<p style=\"\">Hace exactamente un mes, <a href=\"https:\/\/www.abc.es\/deportes\/futbol\/psg-ficha-ferran-heroe-mundial-millones-20260813210709-nt.html\" target=\"_blank\" data-voc-vtm-id=\"in-text-traffic\" data-mrf-link=\"www.abc.es\" rel=\"nofollow noopener\">Ferran Torres<\/a> hac\u00eda a Espa\u00f1a volver a tocar el cielo del f\u00fatbol mundial cosiendo, en forma de volea, la segunda estrella en su pecho. Treinta d\u00edas en los que el imborrable recuerdo ha permanecido en la memoria de todos, pero  &#8230; de manera exacerbada en la de los argentinos. No han sido pocas las teor\u00edas conspiratorias \u2014tratadas con iron\u00eda al otro lado del charco\u2014 que algunos seguidores de la albiceleste lanzaron para excusarse de alguna manera del merecido triunfo espa\u00f1ol. Sobre esas elucubraciones ha querido arremeter el presidente de la AFA, <strong>Claudio &#8216;Chiqui&#8217; Tapia<\/strong>, en un duro comunicado lanzado aprovechando el cumplemes de la final.<\/p>\n<p class=\"v-d-p\" style=\"\">\u00abUn mes pas\u00f3. Un mes de aquella final. Un mes de la mentira\u00bb abre el comunicado emitido en sus redes sociales, que tilda de \u00abcampa\u00f1a miserable\u00bb los intentos de algunos por eludir la <a href=\"https:\/\/www.abc.es\/deportes\/futbol\/mundial\/espana-alcanza-eternidad-20260719000307-nt.html\" target=\"_blank\" data-voc-vtm-id=\"in-text-traffic\" data-mrf-link=\"www.abc.es\" rel=\"nofollow noopener\">realidad futbol\u00edstica<\/a>. En el escrito, el presidente recrimina a estos ide\u00f3logos por no lamentarse de sus inventos, a\u00fan pasado un mes: \u00abNinguno sali\u00f3 a pedir disculpas\u00bb.<\/p>\n<p class=\"v-d-p\" style=\"\">En primera instancia, hace por entenderlos: \u00abequivocarse puede pasar\u00bb. Para r\u00e1pidamente arremeter, al ver que no ha habido retractaciones por parte de sus compatriotas: \u00abLo que no puede pasar es mentir, instalar una historia, alimentar una sospecha durante d\u00edas y, cuando el tiempo demuestra que todo era humo, esconderse y hacer de cuenta que nunca pas\u00f3 nada.\u00bb<\/p>\n<ul class=\"v-cmp-rld__u\">\n<li class=\"v-cmp-rld__l\">\n<p><a class=\"v-a-lnk\" href=\"http:\/\/www.abc.es\/deportes\/futbol\/fifa-despide-director-operaciones-criticas-infantino-20260818095956-nt.html#vtm_modulosEngag=noticiasrelacionadas-cmp-uno:deportes:noticia:1\" data-voc-vtm-id=\"in-text-traffic\" rel=\"nofollow noopener\" target=\"_blank\"><br \/>\n<img decoding=\"async\" loading=\"lazy\" src=\"https:\/\/www.europesays.com\/es\/wp-content\/uploads\/2026\/08\/1515473067-U04701551271Krc-366x256@diario_abc.jpg\" class=\"v-a-img\" width=\"258\" height=\"180\" alt=\"La FIFA despide a su director de operaciones por sus cr\u00edticas a Infantino\"\/><br \/>\n<\/a><\/p>\n<p class=\"v-a-p-t\">\nF\u00fatbol\n<\/p>\n<p>Miguel \u00c1ngel S\u00e1nchez-Flor<\/p>\n<\/li>\n<\/ul>\n<p class=\"v-d-p\" style=\"\">El mensaje del Chiqui no busca excusarse ni recriminar nada a sus jugadores; al contrario, defiende a los mismos pese a que su esfuerzo no obtuviera la m\u00e1s grande de las recompensas, y carga contra quienes tratan de buscar una explicaci\u00f3n sobrenatural a un fen\u00f3meno tan cotidiano como el f\u00fatbol. \u00abMientras nuestros jugadores dejaban todo dentro de la cancha, algunos fuera hac\u00edan exactamente lo contrario: sembraban odio, divid\u00edan, ensuciaban y buscaban la imagen de una Selecci\u00f3n que se gan\u00f3 el respeto de millones. A todos ellos: h\u00e1ganse cargo\u00bb, exig\u00eda.<\/p>\n<p class=\"v-a-t\">\n\u00abNo se vuelve de poner bajo sospecha a quienes defendieron esta camiseta\u00bb\n<\/p>\n<p class=\"v-pst__p\"><strong>Claudio &#8216;Chiqui&#8217; Tapia<\/strong><\/p>\n<p class=\"v-pst__j\">Presidente de la AFA<\/p>\n<p class=\"v-d-p\" style=\"\">\u00abNo se vuelve de poner bajo sospecha a quienes defendieron esta camiseta\u00bb, sentenciaba contra los suyos. Y criticaba el \u00absilencio\u00bb elegido por los creadores y difusores de las conspiraciones, tras haber sido probadas como falsas, exigiendo el perd\u00f3n: \u00abY cuando se acusa, se miente y se lastima p\u00fablicamente a quienes dejaron todo por esta camiseta, pedir disculpas no es un favor. Es una obligaci\u00f3n.\u00bb<\/p>\n<p class=\"v-d-p\" style=\"\">Un mensaje muy profundo en una fecha se\u00f1alada en el calendario que no ha tardado en viralizarse en redes sociales por la dureza de las declaraciones, que rematan con una serie de interrogaciones: \u00ab\u00bfC\u00f3mo vuelven a sus casas despu\u00e9s de haber hecho todo esto? \u00bfC\u00f3mo miran a sus hijos a los ojos y les hablan de honestidad, de respeto, de dignidad? \u00bfC\u00f3mo les ense\u00f1an que hay valores que deben defenderse, si cuando tuvieron la oportunidad de hacerlo eligieron mentir, se\u00f1alar y esconderse? Los valores no se negocian.\u00bb<\/p>\n","protected":false},"excerpt":{"rendered":"Hace exactamente un mes, Ferran Torres hac\u00eda a Espa\u00f1a volver a tocar el cielo del f\u00fatbol mundial cosiendo,&hellip;\n","protected":false},"author":2,"featured_media":720935,"comment_status":"","ping_status":"","sticky":false,"template":"","format":"standard","meta":{"footnotes":""},"categories":[93],"tags":[283,658,2804,168,25,24,1058,69,2857,1970,31852,1070,23,167],"class_list":["post-720934","post","type-post","status-publish","format-standard","has-post-thumbnail","category-deportes","tag-argentina","tag-campana","tag-civil","tag-deportes","tag-es","tag-espana","tag-final","tag-guerra","tag-mentira","tag-mes","tag-miserable","tag-mundial","tag-spain","tag-sports"],"share_on_mastodon":{"url":"https:\/\/pubeurope.com\/@es\/117125690114909089","error":""},"_links":{"self":[{"href":"https:\/\/www.europesays.com\/es\/wp-json\/wp\/v2\/posts\/720934","targetHints":{"allow":["GET"]}}],"collection":[{"href":"https:\/\/www.europesays.com\/es\/wp-json\/wp\/v2\/posts"}],"about":[{"href":"https:\/\/www.europesays.com\/es\/wp-json\/wp\/v2\/types\/post"}],"author":[{"embeddable":true,"href":"https:\/\/www.europesays.com\/es\/wp-json\/wp\/v2\/users\/2"}],"replies":[{"embeddable":true,"href":"https:\/\/www.europesays.com\/es\/wp-json\/wp\/v2\/comments?post=720934"}],"version-history":[{"count":0,"href":"https:\/\/www.europesays.com\/es\/wp-json\/wp\/v2\/posts\/720934\/revisions"}],"wp:featuredmedia":[{"embeddable":true,"href":"https:\/\/www.europesays.com\/es\/wp-json\/wp\/v2\/media\/720935"}],"wp:attachment":[{"href":"https:\/\/www.europesays.com\/es\/wp-json\/wp\/v2\/media?parent=720934"}],"wp:term":[{"taxonomy":"category","embeddable":true,"href":"https:\/\/www.europesays.com\/es\/wp-json\/wp\/v2\/categories?post=720934"},{"taxonomy":"post_tag","embeddable":true,"href":"https:\/\/www.europesays.com\/es\/wp-json\/wp\/v2\/tags?post=720934"}],"curies":[{"name":"wp","href":"https:\/\/api.w.org\/{rel}","templated":true}]}}