{"id":721074,"date":"2026-08-20T05:33:12","date_gmt":"2026-08-20T05:33:12","guid":{"rendered":"https:\/\/www.europesays.com\/es\/721074\/"},"modified":"2026-08-20T05:33:12","modified_gmt":"2026-08-20T05:33:12","slug":"gonzalo-garcia-de-vitoria-entrenador-del-casademont-zaragoza-un-sueno-cumplido-a-los-55-anos","status":"publish","type":"post","link":"https:\/\/www.europesays.com\/es\/721074\/","title":{"rendered":"Gonzalo Garc\u00eda de Vitoria, entrenador del Casademont Zaragoza: un sue\u00f1o cumplido a los 55 a\u00f1os"},"content":{"rendered":"<p class=\"c-paragraph\">Cumple, por fin, el gran sue\u00f1o de su carrera profesional: <b>Gonzalo Garc\u00eda de Vitoria entrenar\u00e1 una temporada completa en la \u00e9lite,<\/b> tras m\u00e1s de dos d\u00e9cadas transitando por las carreteras segundarias del baloncesto espa\u00f1ol. <a href=\"https:\/\/www.heraldo.es\/noticias\/deportes\/2026\/06\/19\/gonzalo-garcia-vitoria-continuara-entrenando-casademont-ano-que-viene-2030494.html\" title=\"Gonzalo Garc\u00eda de Vitoria continuar\u00e1 entrenando al Casademont Zaragoza el a\u00f1o que viene\" rel=\"nofollow noopener\" target=\"_blank\">Un reto may\u00fasculo que le sobreviene a los 55 a\u00f1os de edad, en el banquillo del Casademont Zaragoza, <\/a>pero que se ha ganado a pulso con constancia, dedicaci\u00f3n, paciencia y humildad. Aunque su experiencia en la Liga Endesa se reduce a tres \u00fanicos partidos, Gonzalo est\u00e1 provisto de grandes capacidades t\u00e9cnicas y de un amplio conocimiento del juego. De hecho, el pasado curso fue un pilar b\u00e1sico para edificar la salvaci\u00f3n.<\/p>\n","protected":false},"excerpt":{"rendered":"Cumple, por fin, el gran sue\u00f1o de su carrera profesional: Gonzalo Garc\u00eda de Vitoria entrenar\u00e1 una temporada completa&hellip;\n","protected":false},"author":2,"featured_media":721075,"comment_status":"","ping_status":"","sticky":false,"template":"","format":"standard","meta":{"footnotes":""},"categories":[269],"tags":[299,298,2511,168,2226,25,24,3142,4799,23,167,2177],"class_list":["post-721074","post","type-post","status-publish","format-standard","has-post-thumbnail","category-baloncesto","tag-baloncesto","tag-basketball","tag-casademont","tag-deportes","tag-entrenador","tag-es","tag-espana","tag-garcia","tag-gonzalo","tag-spain","tag-sports","tag-vitoria"],"share_on_mastodon":{"url":"https:\/\/pubeurope.com\/@es\/117126208534475828","error":""},"_links":{"self":[{"href":"https:\/\/www.europesays.com\/es\/wp-json\/wp\/v2\/posts\/721074","targetHints":{"allow":["GET"]}}],"collection":[{"href":"https:\/\/www.europesays.com\/es\/wp-json\/wp\/v2\/posts"}],"about":[{"href":"https:\/\/www.europesays.com\/es\/wp-json\/wp\/v2\/types\/post"}],"author":[{"embeddable":true,"href":"https:\/\/www.europesays.com\/es\/wp-json\/wp\/v2\/users\/2"}],"replies":[{"embeddable":true,"href":"https:\/\/www.europesays.com\/es\/wp-json\/wp\/v2\/comments?post=721074"}],"version-history":[{"count":0,"href":"https:\/\/www.europesays.com\/es\/wp-json\/wp\/v2\/posts\/721074\/revisions"}],"wp:featuredmedia":[{"embeddable":true,"href":"https:\/\/www.europesays.com\/es\/wp-json\/wp\/v2\/media\/721075"}],"wp:attachment":[{"href":"https:\/\/www.europesays.com\/es\/wp-json\/wp\/v2\/media?parent=721074"}],"wp:term":[{"taxonomy":"category","embeddable":true,"href":"https:\/\/www.europesays.com\/es\/wp-json\/wp\/v2\/categories?post=721074"},{"taxonomy":"post_tag","embeddable":true,"href":"https:\/\/www.europesays.com\/es\/wp-json\/wp\/v2\/tags?post=721074"}],"curies":[{"name":"wp","href":"https:\/\/api.w.org\/{rel}","templated":true}]}}