{"id":721100,"date":"2026-08-20T05:57:10","date_gmt":"2026-08-20T05:57:10","guid":{"rendered":"https:\/\/www.europesays.com\/es\/721100\/"},"modified":"2026-08-20T05:57:10","modified_gmt":"2026-08-20T05:57:10","slug":"boyomo-en-la-rampa-de-salida","status":"publish","type":"post","link":"https:\/\/www.europesays.com\/es\/721100\/","title":{"rendered":"Boyomo, en la rampa de salida"},"content":{"rendered":"<p class=\"paragraph\">El futuro de Enzo <b>Boyomo <\/b>est\u00e1 marcando las \u00faltimas horas en los despachos de Osasuna, ya que todas<b> las partes est\u00e1n decididas a abordar su salida <\/b>en estos d\u00edas finales de mercado. El jugador, por la labor de cambiar de aires, cuenta con ofertas de la Premier League y la Serie A (Parma y Sassuolo), mientras el club est\u00e1 dispuesto a ejecutar la venta siempre y cuando sea en un escenario favorable para sus intereses econ\u00f3micos. El m\u00e1s que probable traspaso ha hecho que se haya<a href=\"https:\/\/www.diariodenavarra.es\/noticias\/deportes\/futbol\/osasuna\/2026\/08\/18\/principio-acuerdo-cesion-kambwala-osasuna-832082-32.html\" title=\"Principio de acuerdo para la cesi\u00f3n de Kambwala a Osasuna\" rel=\"nofollow noopener\" target=\"_blank\"> acelerado la cesi\u00f3n de Willy Kambwala,<\/a> adem\u00e1s del <a href=\"https:\/\/www.diariodenavarra.es\/noticias\/deportes\/futbol\/osasuna\/2026\/08\/12\/fichaje-sorpresa-osasuna-cierra-traspaso-rockson-yeboah-central-goeteborg-831501-32.html\" title=\"Fichaje sorpresa: Osasuna cierra el traspaso de Rockson Yeboah, central del G\u00f6teborg\" rel=\"nofollow noopener\" target=\"_blank\">fichaje de Rockson Yeboah<\/a>. Forman parte de la pizarra en el centro de la defensa junto a Catena y Herrando.<\/p>\n<p class=\"paragraph\">El nombre de Boyomo ha estado en el <b>escaparate <\/b>permanentemente desde que lleg\u00f3 a Pamplona en el verano de 2024 a cambio de 5 millones al Valladolid, cifra que ha acabado siendo de 5,5 millones tras haberse activado la variable de 60 partidos disputados. El central internacional camerun\u00e9s ha sido uno de los pilares por su exuberancia f\u00edsica, aunque con un rendimiento vol\u00e1til. Esta pretemporada <b>comenz\u00f3 sin minutos en los amistosos para seguir un plan individual <\/b>hasta encontrar la versi\u00f3n que le hab\u00eda pedido Ramis. Mientras se acelera su marcha, Enzo Boyomo sigui\u00f3 ejercit\u00e1ndose este mi\u00e9rcoles con normalidad en Tajonar.<\/p>\n<p class=\"paragraph\"><b>EL AGENTE MUEVE FICHA<\/b><\/p>\n<p class=\"paragraph\">El escenario de la venta ha cogido forma en los \u00faltimos d\u00edas, con las <b>propuestas <\/b>que ha trasladado el agente del futbolista, inmerso en las negociaciones. Todav\u00eda faltan pantallas por pasar, ya que esos intereses <b>no han cristalizado con una oferta formal<\/b> entre clubes. Aunque, por las conversaciones mantenidas, en el seno de Osasuna consideran que se acabar\u00e1 dando. Todos los ingredientes presagian una salida que ser\u00e1 notable en el plano deportivo, al sumarse a la p\u00e9rdida este verano de<b> V\u00edctor Mu\u00f1oz.<\/b><\/p>\n<p class=\"paragraph\">Boyomo ha manifestado su intenci\u00f3n de explorar dicha v\u00eda, mientras en el club, que se ha cubierto reforzando la defensa, ven este movimiento principalmente como una nueva fuente de <b>ingresos <\/b>y posible <b>llave <\/b>para otras gestiones en el mercado. Falta por apuntalar el lateral derecho y la zona ofensiva.<\/p>\n<p class=\"paragraph\"><b>CONDICIONES DE LA OPERACI\u00d3N<\/b><\/p>\n<p class=\"paragraph\">En esta tesitura, Osasuna no se cierra en banda al precio de su <b>cl\u00e1usula<\/b>, fijada en 25 millones. Hay negociaciones en marcha. El valor del futbolista seg\u00fan el portal especializado Transfermarkt es de 15 millones, pero lleg\u00f3 a ser de 20. El pasado verano ya hubo un fuerte inter\u00e9s de la <b>Juventus<\/b>, que traslad\u00f3 una oferta verbal de 15 millones que fue rechazada. Tambi\u00e9n llam\u00f3 a la puerta el <b>Burnley <\/b>ingl\u00e9s en el pasado mercado invernal para plantear una cesi\u00f3n con compra obligatoria en caso de permanencia.<\/p>\n<p class=\"paragraph\">Lo cierto es que su valor ha disminuido despu\u00e9s de un curso lejos del nivel que mostr\u00f3 en su irrupci\u00f3n en Pamplona, pero conserva un gran cartel y tiene pretendientes.<\/p>\n<p class=\"paragraph\">Equipos de la Premier de la parte media-baja monitorizan a Boyomo de un tiempo a esta parte, al igual que conjuntos de la Serie A italiana. <b>En estas \u00faltimas horas han movido ficha a trav\u00e9s de su agente para posicionarse,<\/b> con el jugador priorizando el f\u00fatbol ingl\u00e9s, cuyo mercado se agitar\u00e1 en el cierre la pr\u00f3xima semana.<\/p>\n<p class=\"paragraph\">Dentro de la operaci\u00f3n tambi\u00e9n aparece el <b>Valladolid<\/b>, que se guard\u00f3 el <b>10% de la plusval\u00eda<\/b> en el acuerdo de transferencia. Es decir, le corresponde dicha cantidad de la venta a partir de los 5,5 millones que le cost\u00f3 a Osasuna.<\/p>\n","protected":false},"excerpt":{"rendered":"El futuro de Enzo Boyomo est\u00e1 marcando las \u00faltimas horas en los despachos de Osasuna, ya que todas&hellip;\n","protected":false},"author":2,"featured_media":721101,"comment_status":"","ping_status":"","sticky":false,"template":"","format":"standard","meta":{"footnotes":""},"categories":[268],"tags":[5130,168,25,24,280,282,71506,1965,281,23,167],"class_list":["post-721100","post","type-post","status-publish","format-standard","has-post-thumbnail","category-futbol","tag-boyomo","tag-deportes","tag-es","tag-espana","tag-football","tag-futbol","tag-rampa","tag-salida","tag-soccer","tag-spain","tag-sports"],"share_on_mastodon":{"url":"https:\/\/pubeurope.com\/@es\/117126302498537141","error":""},"_links":{"self":[{"href":"https:\/\/www.europesays.com\/es\/wp-json\/wp\/v2\/posts\/721100","targetHints":{"allow":["GET"]}}],"collection":[{"href":"https:\/\/www.europesays.com\/es\/wp-json\/wp\/v2\/posts"}],"about":[{"href":"https:\/\/www.europesays.com\/es\/wp-json\/wp\/v2\/types\/post"}],"author":[{"embeddable":true,"href":"https:\/\/www.europesays.com\/es\/wp-json\/wp\/v2\/users\/2"}],"replies":[{"embeddable":true,"href":"https:\/\/www.europesays.com\/es\/wp-json\/wp\/v2\/comments?post=721100"}],"version-history":[{"count":0,"href":"https:\/\/www.europesays.com\/es\/wp-json\/wp\/v2\/posts\/721100\/revisions"}],"wp:featuredmedia":[{"embeddable":true,"href":"https:\/\/www.europesays.com\/es\/wp-json\/wp\/v2\/media\/721101"}],"wp:attachment":[{"href":"https:\/\/www.europesays.com\/es\/wp-json\/wp\/v2\/media?parent=721100"}],"wp:term":[{"taxonomy":"category","embeddable":true,"href":"https:\/\/www.europesays.com\/es\/wp-json\/wp\/v2\/categories?post=721100"},{"taxonomy":"post_tag","embeddable":true,"href":"https:\/\/www.europesays.com\/es\/wp-json\/wp\/v2\/tags?post=721100"}],"curies":[{"name":"wp","href":"https:\/\/api.w.org\/{rel}","templated":true}]}}