{"id":721156,"date":"2026-08-20T06:50:15","date_gmt":"2026-08-20T06:50:15","guid":{"rendered":"https:\/\/www.europesays.com\/es\/721156\/"},"modified":"2026-08-20T06:50:15","modified_gmt":"2026-08-20T06:50:15","slug":"los-de-marras-abren-el-festival-alubia-rock","status":"publish","type":"post","link":"https:\/\/www.europesays.com\/es\/721156\/","title":{"rendered":"\u2018Los de Marras\u2019 abren el festival Alubia Rock"},"content":{"rendered":"<p>                                    <img decoding=\"async\" loading=\"lazy\" src=\"https:\/\/www.europesays.com\/es\/wp-content\/uploads\/2026\/08\/65f854303e1ef.jpeg\" alt=\"Ana Gaitero\" width=\"40\" height=\"40\" data-full-src=\"https:\/\/www.europesays.com\/es\/wp-content\/uploads\/2026\/08\/65f854303e1ef.jpeg\"\/><\/p>\n<p class=\"paragraph\">Laguna de Negrillos vuelve a vibrar con una nueva edici\u00f3n del Alubia Rock, que este a\u00f1o alcanza d\u00e9cimo quinto aniversario. El festival, organizado por la Asociaci\u00f3n Alubia Rock, forma parte de la programaci\u00f3n de las tradicionales Fiestas de la Alubia, uno de los eventos m\u00e1s representativos del municipio leon\u00e9s.<\/p>\n<p class=\"paragraph\">Durante quince a\u00f1os, Alubia Rock se ha consolidado como una de las citas musicales de referencia del verano en la provincia de Le\u00f3n, un festival que surge de la participaci\u00f1on e implicaci\u00f3n de la juventud local y re\u00fane a miles de asistentes en torno a la m\u00fasica en directo, el compa\u00f1erismo y el ambiente festivo que caracteriza a Laguna de Negrillos.<br \/>\nLos de Marras, hist\u00f3rica banda valenciana, son la cabeza de cartel de la edici\u00f3n de 2026, que se celebra el viernes 21 de agosto. La fuerza de su repertorio les ha convertido en una referencia imprescindible del rock estatal durante m\u00e1s de dos d\u00e9cadas.<br \/>\nJunto a ellos actuar\u00e1 Wahira, una de las formaciones m\u00e1s personales y reconocibles de la escena actual con su propuesta de ska, rock, rumba y ritmos latinos y un espect\u00e1culo cargado de energ\u00eda, baile y buen ambiente que ha conquistado escenarios de toda la geograf\u00eda nacional.<br \/>\nEl cartel se completa con Saludar y Marchar, formaci\u00f3n del P\u00e1ramo Leon\u00e9s integrada por m\u00fasicos veteranos de la escena provincial, procedentes de diferentes bandas leonesas con una larga trayectoria a sus espaldas. Un proyecto que mantiene vivo el esp\u00edritu del rock de la tierra con una propuesta fresca y contundente.<br \/>\nComo broche final volver\u00e1 a estar presente DJ Tino, un nombre ya inseparable de la historia reciente del festival. Tras varios a\u00f1os formando parte del cartel, se ha convertido en uno m\u00e1s de la familia Alubia Rock, siendo el encargado de prolongar la fiesta hasta bien entrada la madrugada.<br \/>\nEl festival, que se celebra en la Explanada de la Casa de Cultura de Laguna de Negrillos, es gratuito y ofrece adem\u00e1s zona de acampada libre y \u00e1rea para autocaravanas, para quienes se desplacen desde puntos de Le\u00f3n y otras provincias.<br \/>\nLa Asociaci\u00f3n Alubia Rock destaca que alcanzar esta 15\u00aa edici\u00f3n es \u00abun motivo de orgullo para todos los voluntarios que han hecho posible que el festival contin\u00fae creciendo a\u00f1o tras a\u00f1o, manteniendo viva una iniciativa cultural nacida desde el esfuerzo colectivo y el amor por la m\u00fasica en directo.<br \/>\nLa organizaci\u00f3n invita a todos los aficionados a la m\u00fasica en directo a acercarse este viernes a Laguna de Negrillos para disfrutar de una jornada que volver\u00e1 a unir cultura, fiesta y rock en la emblem\u00e1tica cita.<\/p>\n","protected":false},"excerpt":{"rendered":"Laguna de Negrillos vuelve a vibrar con una nueva edici\u00f3n del Alubia Rock, que este a\u00f1o alcanza d\u00e9cimo&hellip;\n","protected":false},"author":2,"featured_media":721157,"comment_status":"","ping_status":"","sticky":false,"template":"","format":"standard","meta":{"footnotes":""},"categories":[170],"tags":[146,147,25,24,23158,4108,184,185,128848,1273,23],"class_list":["post-721156","post","type-post","status-publish","format-standard","has-post-thumbnail","category-musica","tag-entertainment","tag-entretenimiento","tag-es","tag-espana","tag-laguna-de-negrillos","tag-leon","tag-music","tag-musica","tag-paramo-leones","tag-rock","tag-spain"],"share_on_mastodon":{"url":"https:\/\/pubeurope.com\/@es\/117126512242758371","error":""},"_links":{"self":[{"href":"https:\/\/www.europesays.com\/es\/wp-json\/wp\/v2\/posts\/721156","targetHints":{"allow":["GET"]}}],"collection":[{"href":"https:\/\/www.europesays.com\/es\/wp-json\/wp\/v2\/posts"}],"about":[{"href":"https:\/\/www.europesays.com\/es\/wp-json\/wp\/v2\/types\/post"}],"author":[{"embeddable":true,"href":"https:\/\/www.europesays.com\/es\/wp-json\/wp\/v2\/users\/2"}],"replies":[{"embeddable":true,"href":"https:\/\/www.europesays.com\/es\/wp-json\/wp\/v2\/comments?post=721156"}],"version-history":[{"count":0,"href":"https:\/\/www.europesays.com\/es\/wp-json\/wp\/v2\/posts\/721156\/revisions"}],"wp:featuredmedia":[{"embeddable":true,"href":"https:\/\/www.europesays.com\/es\/wp-json\/wp\/v2\/media\/721157"}],"wp:attachment":[{"href":"https:\/\/www.europesays.com\/es\/wp-json\/wp\/v2\/media?parent=721156"}],"wp:term":[{"taxonomy":"category","embeddable":true,"href":"https:\/\/www.europesays.com\/es\/wp-json\/wp\/v2\/categories?post=721156"},{"taxonomy":"post_tag","embeddable":true,"href":"https:\/\/www.europesays.com\/es\/wp-json\/wp\/v2\/tags?post=721156"}],"curies":[{"name":"wp","href":"https:\/\/api.w.org\/{rel}","templated":true}]}}