{"id":721322,"date":"2026-08-20T08:56:11","date_gmt":"2026-08-20T08:56:11","guid":{"rendered":"https:\/\/www.europesays.com\/es\/721322\/"},"modified":"2026-08-20T08:56:11","modified_gmt":"2026-08-20T08:56:11","slug":"dos-cazas-f-18-espanoles-de-la-otan-intervienen-al-detectarse-un-dron-no-identificado-sobrevolando-rumania","status":"publish","type":"post","link":"https:\/\/www.europesays.com\/es\/721322\/","title":{"rendered":"Dos cazas F-18 espa\u00f1oles de la OTAN intervienen al detectarse un dron no identificado sobrevolando Ruman\u00eda"},"content":{"rendered":"<p class=\"L6-news-detail__text\"><b>Dos cazas F-18 espa\u00f1oles<\/b> han despegado <a title=\"en Ruman\u00eda\" href=\"https:\/\/www.lasexta.com\/temas\/rumania-1\" target=\"_blank\" rel=\"nofollow noopener\"><b>en Ruman\u00eda<\/b><\/a> despu\u00e9s de que se detectase un dron cerca de la frontera <a title=\"con Ucrania\" href=\"https:\/\/www.lasexta.com\/temas\/ucrania-1\" target=\"_blank\" rel=\"nofollow noopener\"><b>con Ucrania<\/b><\/a>. El aparato no tripulado termin\u00f3 <b>estrell\u00e1ndose en una zona despoblada del pa\u00eds<\/b> sin causar ni v\u00edctimas ni da\u00f1os.<\/p>\n<p class=\"L6-news-detail__text\">El Ministerio de Defensa rumano dio la alerta a las 02:23, despu\u00e9s de que sus sistemas de vigilancia detectasen varios objetos a\u00e9reos en las proximidades de su frontera con Ucrania.<\/p>\n<p class=\"L6-news-detail__text\"><b>Dos de los F-18<\/b> desplegados en Ruman\u00eda despegaron para realizar labores de supervisi\u00f3n, junto a un helic\u00f3ptero de las Fuerzas Armadas rumanas en una misi\u00f3n de reconocimiento.<\/p>\n<p class=\"L6-news-detail__text\">El Ministerio de Defensa indic\u00f3 en su comunicado que el dron entr\u00f3 en su espacio a\u00e9reo a las 03:21, avanzando <b>unos 13 kil\u00f3metros al este de la ciudad de Galati.<\/b><\/p>\n<p class=\"L6-news-detail__text\">Minutos despu\u00e9s, el helic\u00f3ptero rumano inform\u00f3 de que el aparato hab\u00eda ca\u00eddo cerca de Grindu, en el condado de <b>Tulcea<\/b>, en una zona <b>despoblada<\/b>.<\/p>\n<p class=\"L6-news-detail__text\">El impacto provoc\u00f3 <b>un incendio que se extingui\u00f3 por s\u00ed solo<\/b> y que no dej\u00f3 ni v\u00edctimas ni da\u00f1os materiales.<\/p>\n<p class=\"L6-news-detail__text\">Los cazas espa\u00f1oles desplegados en Ruman\u00eda est\u00e1n reforzando la vigilancia y la protecci\u00f3n del espacio a\u00e9reo en el flanco oriental de <a title=\"la OTAN\" href=\"https:\/\/www.lasexta.com\/temas\/otan-1\" target=\"_blank\" rel=\"nofollow noopener\"><b>la OTAN<\/b><\/a>. Entre sus misiones se incluye realizar patrullas a\u00e9reas, identificar aeronaves y otros objetos que <b>puedan suponer una amenaza<\/b> y, si es necesario, intervenir para proteger el espacio a\u00e9reo rumano.<\/p>\n<p class=\"L6-news-detail__text\">El incidente se produce d\u00edas despu\u00e9s de que <a title=\"el 16 de agosto un F-18 espa\u00f1ol derribase\" href=\"https:\/\/www.lasexta.com\/noticias\/internacional\/dos-aviones-combate-espanoles-otan-derriban-dron-identificado-espacio-aereo-rumania_202608166a815e28a5690f04737c8ef1.html\" target=\"_blank\" rel=\"nofollow noopener\"><b>el 16 de agosto un F-18 espa\u00f1ol derribase<\/b><\/a> un dron que hab\u00eda violado el espacio a\u00e9reo rumano. Es el cuarto que derriban en apenas unos meses, coincidiendo con el aumento de la actividad b\u00e9lica de <b>estos artefactos en la frontera con Ucrania.<\/b><\/p>\n<p class=\"L6-news-detail__text\">Ruman\u00eda comparte <b>m\u00e1s de 600 kil\u00f3metros de frontera con Ucrania<\/b>, pa\u00eds que sufre una invasi\u00f3n por parte de Rusia desde febrero de 2022.<\/p>\n<p class=\"L6-news-detail__text\"><a title=\"*A\u00f1ade laSexta como tu medio de referencia en Google y no te pierdas toda la actualidad y el mejor contenido\" href=\"https:\/\/www.google.com\/preferences\/source?q=lasexta.com\" target=\"_blank\" rel=\"nofollow noopener\"><b>*A\u00f1ade laSexta como tu medio de referencia en Google y no te pierdas toda la actualidad y el mejor contenido<\/b><\/a><\/p>\n<p class=\"L6-support-news-video__title\">Seg\u00fan un estudio de &#8216;The Fork&#8217; <\/p>\n<p> <a href=\"https:\/\/www.lasexta.com\/noticias\/sociedad\/77-espanoles-preferiria-eliminar-propinas-bares-restaurantes_202608196a860e2d71b42a0b5df8e610.html\" class=\"L6-news__link\" rel=\"nofollow noopener\" target=\"_blank\">El 77% de los espa\u00f1oles preferir\u00eda eliminar las propinas a bares y restaurantes<\/p>\n<p class=\"recirculation-video-desc\">Los detalles Solo el 26% deja propina en Espa\u00f1a. No es que los espa\u00f1oles seamos taca\u00f1os, hay varias razones, como que cada vez se paga m\u00e1s con tarjeta o solo se da cuando el servicio ha sido muy bueno.<\/p>\n<p> <\/a><\/p>\n","protected":false},"excerpt":{"rendered":"Dos cazas F-18 espa\u00f1oles han despegado en Ruman\u00eda despu\u00e9s de que se detectase un dron cerca de la&hellip;\n","protected":false},"author":2,"featured_media":721323,"comment_status":"","ping_status":"","sticky":false,"template":"","format":"standard","meta":{"footnotes":""},"categories":[42],"tags":[17,18,2125,13,14,11,61,62,63,64,19,20,9,10,15,110362,16,1613,15394,12,21,22,65,66,67],"class_list":["post-721322","post","type-post","status-publish","format-standard","has-post-thumbnail","category-internacional","tag-breaking-news","tag-breakingnews","tag-directo","tag-featured-news","tag-featurednews","tag-headlines","tag-internacional","tag-international","tag-international-news","tag-internationalnews","tag-latest-news","tag-latestnews","tag-news","tag-noticias","tag-noticias-destacadas","tag-noticias-ultima-hora","tag-noticiasdestacadas","tag-otan","tag-rumania","tag-titulares","tag-ultimas-noticias","tag-ultimasnoticias","tag-world","tag-world-news","tag-worldnews"],"share_on_mastodon":{"url":"https:\/\/pubeurope.com\/@es\/117127006555094637","error":""},"_links":{"self":[{"href":"https:\/\/www.europesays.com\/es\/wp-json\/wp\/v2\/posts\/721322","targetHints":{"allow":["GET"]}}],"collection":[{"href":"https:\/\/www.europesays.com\/es\/wp-json\/wp\/v2\/posts"}],"about":[{"href":"https:\/\/www.europesays.com\/es\/wp-json\/wp\/v2\/types\/post"}],"author":[{"embeddable":true,"href":"https:\/\/www.europesays.com\/es\/wp-json\/wp\/v2\/users\/2"}],"replies":[{"embeddable":true,"href":"https:\/\/www.europesays.com\/es\/wp-json\/wp\/v2\/comments?post=721322"}],"version-history":[{"count":0,"href":"https:\/\/www.europesays.com\/es\/wp-json\/wp\/v2\/posts\/721322\/revisions"}],"wp:featuredmedia":[{"embeddable":true,"href":"https:\/\/www.europesays.com\/es\/wp-json\/wp\/v2\/media\/721323"}],"wp:attachment":[{"href":"https:\/\/www.europesays.com\/es\/wp-json\/wp\/v2\/media?parent=721322"}],"wp:term":[{"taxonomy":"category","embeddable":true,"href":"https:\/\/www.europesays.com\/es\/wp-json\/wp\/v2\/categories?post=721322"},{"taxonomy":"post_tag","embeddable":true,"href":"https:\/\/www.europesays.com\/es\/wp-json\/wp\/v2\/tags?post=721322"}],"curies":[{"name":"wp","href":"https:\/\/api.w.org\/{rel}","templated":true}]}}