{"id":721420,"date":"2026-08-20T10:06:17","date_gmt":"2026-08-20T10:06:17","guid":{"rendered":"https:\/\/www.europesays.com\/es\/721420\/"},"modified":"2026-08-20T10:06:17","modified_gmt":"2026-08-20T10:06:17","slug":"dos-f-18-espanoles-intervienen-en-rumania-por-la-entrada-de-un-dron-en-su-espacio-aereo-la-voz-de-galicia","status":"publish","type":"post","link":"https:\/\/www.europesays.com\/es\/721420\/","title":{"rendered":"Dos F-18 espa\u00f1oles intervienen en Ruman\u00eda por la entrada de un dron en su espacio a\u00e9reo &#8211; La Voz de Galicia"},"content":{"rendered":"<ol>\n<li><a href=\"https:\/\/news.google.com\/rss\/articles\/CBMi7AFBVV95cUxPSkNRMkdSTWpoSHE4czZLeDZxZWFLd3BoenZOempUVmF0Rmtid0pPankxREg2ejUzWU9YRnprNExOUjR5ZlpSaUZzcXFZNnNYaTFmNWFwTXQ4VTk4WndkTVVJaW03VXVVQ3VYT2c3eERZY1RYdTFYaF9yczk4d3VxQzcwbm9jUlRwWGdodVY5bUlFcnpEVFpmeUI3ZzRqXy1WaGhXdnJPMDZXc0lkMEJBdi13ZWlya0prMHgzcTF4R3AwdVV2ckozalZrSzB2ZDFHQUVGaXJyR0JOTEFmVGRXejNwcjZFVXBDaGF1Z9IBiAJBVV95cUxQVjBicjFaVDc4TkFhNVZkTFNqbDdWMDFUSW52anpNbmV1ZEhJanZkRWh0emtUbU1PaElCYXRZUnpncDhtQ0lETVl5NWdHa0hqVy1sa0VycTNwbWdzTlBXcXZmaTZiYzlYZWR1TGNsV2JVRWhWUU5IVFZlSkdKUHdhMnpsdnRFb1NIRk9NRXhabGpQc3FLZ3E5eEZBSXRTZWJMWTRWbmlfTnB1WF96dkowSFVQSllDRmd2QU5TR3hGUGNLQzJSNG9QVlNUYTVpUHlGTzBOTnBmNzB5OGdDamxGTjVjNEFtV1Ribk8xN1h2UmVMWFVlSjNxeTk5VVNPaG5Dem9NNWl3ZXo?oc=5\" target=\"_blank\" rel=\"nofollow noopener\">Dos F-18 espa\u00f1oles intervienen en Ruman\u00eda por la entrada de un dron en su espacio a\u00e9reo<\/a>&nbsp;&nbsp;La Voz de Galicia<\/li>\n<li><a href=\"https:\/\/news.google.com\/rss\/articles\/CBMinwFBVV95cUxQdlJRVDkxdTJuNGpCZG1LTzhnVWJtVEgyMHhUVkFGNWZNX2w0RTZ0RGo2MkFfUF9rdDhSMGtCSkxjWUsxMERKS1gtS2VRa09hanRPNDFnM2FPdXNqYVFUM0RqQTNPdWlyMVRMLW1rbjNKblotcC0taGNPS25HQjZkaDFDOE9IR2lGR2phVUNvdExRTHlURVpNY0o2T3pCRTQ?oc=5\" target=\"_blank\" rel=\"nofollow noopener\">Dos cazas espa\u00f1oles intervienen en Ruman\u00eda por la entrada de un dron en su espacio a\u00e9reo<\/a>&nbsp;&nbsp;El Confidencial<\/li>\n<li><a href=\"https:\/\/news.google.com\/rss\/articles\/CBMitgFBVV95cUxOVjgzVTFXaDVoMGtoSWNTNlJnTFBxVWE2bV92TE1JMnVSM1RmdHIzeWVmeGNwLW1Qa2pJa1NQMGlyaEFYYlFlQmFEYmNRQUt2ZHlkcDY3WjhQbEpkMWt5WFdqbFV1amFMMi1uX3g0Zmo5NU16UzVEem5TUXJXYTRSVVZvUUdBODNvZ24tUWNTMDlaV3dJNmdjNVhBYjN1eC1zMmlTSTJjN3lHUVUxM2hrV1BHTE1Rdw?oc=5\" target=\"_blank\" rel=\"nofollow noopener\">Ruman\u00eda agradece a Espa\u00f1a el despliegue de aviones de combate para proteger su espacio a\u00e9reo<\/a>&nbsp;&nbsp;ABC<\/li>\n<li><a href=\"https:\/\/news.google.com\/rss\/articles\/CBMihgJBVV95cUxNNmZEeXM1SWdlZlJEdEZaMjR1WHdLOHRTck5xcUREOG5tU3F3aHZDX2gycFVicWxkSTBuZ2EtUGE3Rk04U04zb0ZjakttenJ4MU9Bb1l5UFQ0U3M4N2RVVndNY25heFVJb00zZC1Sc0lzMG1Sdjc5ak9Da2ZjSnJPRGtmZW4xOVI4UUtzdVM1X0JENXdkU1MtSW1saDJkZ096Rjg3MkRyT3BiaVdkRmFQZ2k2cUpfcXE5ekNtandOaG05QkxVS25LTFZtRk5kdnhWUlhtLTdyczN0VWFaTlhRT2VYSXNpaWl2dk9hMTU3dE5vMmZxTzRqUGxyeXUzTnM3X25UdlF30gGGAkFVX3lxTFBFNkVXYkxSSE50bWpVLUxkc2dYaFZKQWo1NnBZTmJ4QjFHa2JOVFk2bG9VQjVlSEFUSkJsSXl2REtqYks3bEE0R3o3M08tSmpzQlRPSXlGemVLVGFQa1pLVmJhYlNKbnQ3dzg2Uk9ZejdWN3AyR05DMlBPUGNwcUh1dWZkdmtUcUNqWlVSSWNiNnV6Xy14VFJpRUlJMEYxNmN4TDNFeVZGck9MTWpyckVFZXBrN1JMOGl1eU5KV1BPWHNGMnN3RVA0d2JuZzVIMDhRTWhGRUQ3bkJHRUtBZEpJU085RWFpTk05ZVJvS3E5NDhhUWZna1EyUS1fZzRvU1hFSnRqTHc?oc=5\" target=\"_blank\" rel=\"nofollow noopener\">Dos cazas F-18 espa\u00f1oles de la OTAN intervienen al detectarse un dron no identificado sobrevolando Ruman\u00eda<\/a>&nbsp;&nbsp;LaSexta<\/li>\n<li><a href=\"https:\/\/news.google.com\/rss\/articles\/CBMi7gFBVV95cUxOZkdUc1NBTnp3WGFvVnoxUk5hUFFyY0lfRjJETUwtT1I5Zmg4ZEU3YlF2UThpakVmbUNrY0E5d3p0Zk1sNFB3YzhTd2FUUXd0RVBNakN4cHFvSmxFU0ZLZ0ZQd0cwRGVmYmx0SlM3ZGdNZHNWYlM1NVBmRXZVbjU1QUhpZ1k3QXhEaDE4b2VSUmJJMHVFazlLelFaM3VzcUZyOTZidzJoY1AwVzk1cFFiZEFGVjVHaW5UajNVQ0JobGV2VE5iNzMwUWdmTm55TDREU1pqSjMtQ0IwNGhibTRRckItS05HaDFZWnpseXdR0gHzAUFVX3lxTFBBOVluS3ZRVjN3MjZJMDExSUt0VkEzZ1VqeFBOVTQ4VUZPVlEwWXpoUDVTdGlxVHFBRjNfbkpCUnA5dkFQcnJhS21FOGptWUd6c0FBOXl3OElTSXRUWTczSWhuaXI3bEVBMXNWWlFoc21PUHVPSFUtRERaOXZxZkotMjVnYUkzU1lzbDU5aXoxOXhkZGdsWTR0R3RKZ2NwbFVJTEtPR0dsaFlFLXU0MEdzYm1QUUpOVnhHV2NaTnh0NU1uT1V6S0p3QXRiUjBpWWZVc2lPQnM3SVF0d1g1V1lSVWpkazNZN3phSFgxNnZjaGNrSQ?oc=5\" target=\"_blank\" rel=\"nofollow noopener\">Dos cazas F-18 espa\u00f1oles intervienen en Ruman\u00eda tras la intrusi\u00f3n de un dron cerca de la frontera ucraniana<\/a>&nbsp;&nbsp;El Espa\u00f1ol<\/li>\n<\/ol>\n","protected":false},"excerpt":{"rendered":"Dos F-18 espa\u00f1oles intervienen en Ruman\u00eda por la entrada de un dron en su espacio a\u00e9reo&nbsp;&nbsp;La Voz de&hellip;\n","protected":false},"author":2,"featured_media":721421,"comment_status":"","ping_status":"","sticky":false,"template":"","format":"standard","meta":{"footnotes":""},"categories":[42],"tags":[17,18,13,14,11,61,62,63,64,19,20,9,10,15,16,1613,15394,12,7081,21,22,65,66,67],"class_list":["post-721420","post","type-post","status-publish","format-standard","has-post-thumbnail","category-internacional","tag-breaking-news","tag-breakingnews","tag-featured-news","tag-featurednews","tag-headlines","tag-internacional","tag-international","tag-international-news","tag-internationalnews","tag-latest-news","tag-latestnews","tag-news","tag-noticias","tag-noticias-destacadas","tag-noticiasdestacadas","tag-otan","tag-rumania","tag-titulares","tag-ucrania","tag-ultimas-noticias","tag-ultimasnoticias","tag-world","tag-world-news","tag-worldnews"],"share_on_mastodon":{"url":"https:\/\/pubeurope.com\/@es\/117127281826435903","error":""},"_links":{"self":[{"href":"https:\/\/www.europesays.com\/es\/wp-json\/wp\/v2\/posts\/721420","targetHints":{"allow":["GET"]}}],"collection":[{"href":"https:\/\/www.europesays.com\/es\/wp-json\/wp\/v2\/posts"}],"about":[{"href":"https:\/\/www.europesays.com\/es\/wp-json\/wp\/v2\/types\/post"}],"author":[{"embeddable":true,"href":"https:\/\/www.europesays.com\/es\/wp-json\/wp\/v2\/users\/2"}],"replies":[{"embeddable":true,"href":"https:\/\/www.europesays.com\/es\/wp-json\/wp\/v2\/comments?post=721420"}],"version-history":[{"count":0,"href":"https:\/\/www.europesays.com\/es\/wp-json\/wp\/v2\/posts\/721420\/revisions"}],"wp:featuredmedia":[{"embeddable":true,"href":"https:\/\/www.europesays.com\/es\/wp-json\/wp\/v2\/media\/721421"}],"wp:attachment":[{"href":"https:\/\/www.europesays.com\/es\/wp-json\/wp\/v2\/media?parent=721420"}],"wp:term":[{"taxonomy":"category","embeddable":true,"href":"https:\/\/www.europesays.com\/es\/wp-json\/wp\/v2\/categories?post=721420"},{"taxonomy":"post_tag","embeddable":true,"href":"https:\/\/www.europesays.com\/es\/wp-json\/wp\/v2\/tags?post=721420"}],"curies":[{"name":"wp","href":"https:\/\/api.w.org\/{rel}","templated":true}]}}