{"id":721580,"date":"2026-08-20T12:05:12","date_gmt":"2026-08-20T12:05:12","guid":{"rendered":"https:\/\/www.europesays.com\/es\/721580\/"},"modified":"2026-08-20T12:05:12","modified_gmt":"2026-08-20T12:05:12","slug":"el-pp-culpa-a-sanchez-de-la-incomparecencia-contumaz-de-los-ministros-en-el-senado-sobre-ceuta-espana","status":"publish","type":"post","link":"https:\/\/www.europesays.com\/es\/721580\/","title":{"rendered":"El PP culpa a S\u00e1nchez de la incomparecencia \u201ccontumaz\u201d de los ministros en el Senado sobre Ceuta | Espa\u00f1a"},"content":{"rendered":"<p class=\"\">Fernando Grande-Marlaska, ministro del Interior, tampoco se ha presentado este jueves en el Senado para dar explicaciones sobre lo sucedido estas semanas en Ceuta, como no lo hab\u00eda hecho el pasado 12 de agosto y como no lo hicieron tampoco el ministro de Exteriores, Jos\u00e9 Manuel Albares, ni la titular de Defensa, Margarita Robles, esta misma semana. El PP, que dispone de mayor\u00eda absoluta en el Senado, los convoc\u00f3 de manera extraordinaria <a href=\"https:\/\/elpais.com\/espana\/2026-08-20\/ultima-hora-de-la-entrada-de-inmigrantes-a-ceuta-en-directo.html\" target=\"_self\" rel=\"nofollow noopener\" title=\"https:\/\/elpais.com\/espana\/2026-08-20\/ultima-hora-de-la-entrada-de-inmigrantes-a-ceuta-en-directo.html\">ante la gravedad de la crisis migratoria<\/a> y para estirar pol\u00edticamente el desgaste del Ejecutivo y constat\u00f3 de nuevo que esas incomparecencias no son una decisi\u00f3n unilateral. El presidente de la comisi\u00f3n de Interior, el popular Fernando Mart\u00ednez-Ma\u00edllo, lo resumi\u00f3 sin rodeos: \u201cEs una decisi\u00f3n consciente y deliberada de todo el Gobierno, impulsada por el presidente, que est\u00e1 de vacaciones\u201d. El PP exige en su recurso ante el Tribunal Supremo que se fuercen esas comparecencias antes de que acabe agosto.<\/p>\n<p class=\"\">La <a href=\"https:\/\/www.senado.es\/web\/actividadparlamentaria\/actualidad\/senadoendirecto\/index.html\" target=\"_self\" rel=\"nofollow noopener\" title=\"https:\/\/www.senado.es\/web\/actividadparlamentaria\/actualidad\/senadoendirecto\/index.html\">\u00faltima de las comparecencias que el PP quer\u00eda forzar esta semana en el Senado<\/a> de ministros del Gobierno, una repetici\u00f3n de la convocada el pasado d\u00eda 12 a Grande-Marlaska, dur\u00f3 menos que las anteriores, apenas 18 minutos, pero sigui\u00f3 el mismo guion. Mart\u00ednez-Ma\u00edllo esper\u00f3 los consabidos minutos de cortes\u00eda, mir\u00f3 para la silla vac\u00eda prevista para el te\u00f3rico compareciente y corrobor\u00f3: \u201cNo est\u00e1, no ha venido, es la segunda vez, no ha encontrado tiempo, ni ganas, ni voluntad\u201d.<\/p>\n<p><img alt=\"\" decoding=\"auto\" class=\"_re lazyload a_m-h\" height=\"219\"  width=\"414\"  src=\"https:\/\/www.europesays.com\/es\/wp-content\/uploads\/2026\/08\/WZ45GZN6GZDMTFEOICIVSSQ7BM.jpg\" loading=\"lazy\" fetchpriority=\"low\"\/>La portavoz del PP en el Senado, Alicia Garc\u00eda, el mi\u00e9rcoles.<\/p>\n<p class=\"\">En esta ocasi\u00f3n fue pol\u00edticamente m\u00e1s duro el presidente de la comisi\u00f3n, en teor\u00eda un \u00e1rbitro m\u00e1s o menos neutral en este tipo de comparecencias, que el portavoz del PP en la sala. Fernando Mart\u00ednez-Ma\u00edllo, un veterano en las filas populares ahora en el Senado, denunci\u00f3 desde su atril que el ministro no hab\u00eda querido rectificar su ausencia anterior y que la decisi\u00f3n se deb\u00eda descalificar como \u201cinsumisi\u00f3n y una rebeld\u00eda intolerable en democracia\u201d.<\/p>\n<p class=\"\">El presidente de la comisi\u00f3n aprovech\u00f3 ah\u00ed para subrayar, como han hecho todos los senadores populares y tambi\u00e9n de Vox y de Junts en las otras citaciones frustradas, que los ministros y miembros del Gobierno \u201cno eligen a la carta en qu\u00e9 c\u00e1mara dan cuenta de sus actuaciones, ni c\u00f3mo ni cu\u00e1ndo ni de cualquier manera\u201d.<\/p>\n<p class=\"\">El PP sostiene que en el control al Ejecutivo no hay c\u00e1maras de primera y de segunda y que tanto el Congreso como el Senado tienen derecho constitucional a citar a los componentes del Gobierno seg\u00fan qui\u00e9n lo registre antes. Esa posici\u00f3n es la que sirvi\u00f3 el mi\u00e9rcoles al <a href=\"https:\/\/elpais.com\/espana\/2026-08-20\/feijoo-y-vivas-abren-una-nueva-guerra-por-los-menores-en-ceuta.html\" target=\"_self\" rel=\"nofollow noopener\" title=\"https:\/\/elpais.com\/espana\/2026-08-20\/feijoo-y-vivas-abren-una-nueva-guerra-por-los-menores-en-ceuta.html\">l\u00edder del PP, Alberto N\u00fa\u00f1ez Feij\u00f3o, para anunciar en Ceuta<\/a>, en su tercera visita a la ciudad aut\u00f3noma desde que estall\u00f3 esta crisis el 30 de julio, que recurrir\u00e1n al Tribunal Supremo para que aclare ese punto. Ma\u00edllo lo refrend\u00f3 este jueves desde el Senado y reconoci\u00f3 que acudir al Supremo para \u201cque se restablezcan sus derechos constitucionales\u201d, es algo \u201cin\u00e9dito\u201d, pero destac\u00f3 que es m\u00e1s in\u00e9dito el comportamiento de los ministros y del Gobierno.<\/p>\n<p class=\"\">El PP ha registrado este jueves ese recurso contencioso administrativo ante la sala tercera del Supremo en el que requieren, mientras toman una posici\u00f3n sobre la prevalencia de las c\u00e1maras, una serie de medidas cautelar\u00edsimas y ordene provisionalmente al Gobierno \u201ccesar en su conducta de impedir o eludir las comparecencias reclamadas por el Senado; acudir a las sesiones todav\u00eda pendientes, con especial referencia a la nueva comparecencia de Marlaska convocada para el 20 de agosto; adoptar en un m\u00e1ximo de 24 horas las decisiones necesarias para posibilitar las comparecencias de los restantes ministros antes de que termine agosto; comunicar inmediatamente al Senado la disponibilidad de los ministros para poder convocar las sesiones; y, abstenerse de condicionar las comparecencias en el Senado a su sustituci\u00f3n por comparecencias promovidas por el propio Gobierno ante el Congreso\u201d.<\/p>\n<p class=\"\">Los populares justifican esa urgencia en que el periodo ordinario de sesiones de las Cortes comienza el 1 de septiembre y si el Supremo act\u00faa despu\u00e9s \u201cpodr\u00eda reconocer el derecho vulnerado, pero ya no permitir\u00eda recuperar el momento pol\u00edtico y parlamentario en el que deb\u00eda ejercerse el control\u201d.<\/p>\n<p class=\"\">Mientras tanto, el PP utiliza esos plantones de los ministros para acusarles de no cumplir con sus obligaciones y para se\u00f1alar al presidente del Gobierno, Pedro S\u00e1nchez. Ma\u00edllo lo expres\u00f3 as\u00ed al apuntar que las responsabilidades de las ausencias de estos d\u00edas de Marlaska, Albares o Robles son suyas, \u201ccorales\u201d, pero marcadas por la imposici\u00f3n de su jefe. \u201cEs una decisi\u00f3n consciente, deliberada de los ministros y de todo el Gobierno, pero impulsada por el presidente, que est\u00e1 de vacaciones\u201d. Y remach\u00f3: \u201cEs una decisi\u00f3n reiterada, recurrente, persistente y contumaz\u201d.<\/p>\n<p class=\"\">El senador del PP, portavoz en la sesi\u00f3n, Luis Santamar\u00eda, ya se qued\u00f3 con poco espacio para dibujar m\u00e1s cr\u00edticas de la oposici\u00f3n, por lo que opt\u00f3 por rese\u00f1ar la gravedad de la situaci\u00f3n en Ceuta, la falta de recursos empleados por el Ministerio del Interior y por exigir que el Gobierno y el ministro Marlaska den la cara y dejen de practicar \u201cla pol\u00edtica del avestruz\u201d.<\/p>\n<p class=\"\">El portavoz de Vox, \u00c1ngel Gordillo, enfatiz\u00f3 \u201cel desaf\u00edo y la rebeld\u00eda\u201d de los ministros que no se presentaron ante el Senado y lo relacion\u00f3 con aquella manifestaci\u00f3n de S\u00e1nchez cuando apunt\u00f3 que estaba dispuesto a gobernar al margen del Parlamento. Gordillo incidi\u00f3 en la gravedad de la \u201cinvasi\u00f3n de Ceuta\u201d, equipar\u00f3 im\u00e1genes de estos d\u00edas de la ciudad aut\u00f3noma con los peores momentos de Hait\u00ed y repiti\u00f3 que para su formaci\u00f3n lo que ahora PP y Vox deber\u00edan hacer es unir sus votos para sumar los suficientes en el Congreso para pedir un juicio por traici\u00f3n contra el presidente del Gobierno.<\/p>\n","protected":false},"excerpt":{"rendered":"Fernando Grande-Marlaska, ministro del Interior, tampoco se ha presentado este jueves en el Senado para dar explicaciones sobre&hellip;\n","protected":false},"author":2,"featured_media":721581,"comment_status":"","ping_status":"","sticky":false,"template":"","format":"standard","meta":{"footnotes":""},"categories":[8],"tags":[17,18,4486,65459,25,24,13,14,14341,128885,582,11,590,895,15398,19,20,65112,128333,14340,9,10,15,16,958,2959,956,1699,6912,23,12,21,22,624],"class_list":["post-721580","post","type-post","status-publish","format-standard","has-post-thumbnail","category-espana","tag-breaking-news","tag-breakingnews","tag-ceuta","tag-comparecencias-parlamentarias","tag-es","tag-espana","tag-featured-news","tag-featurednews","tag-fernando-grande-marlaska","tag-fernando-martinez-maillo","tag-gobierno","tag-headlines","tag-inmigracion","tag-inmigracion-irregular","tag-inmigracion-irregular-espana","tag-latest-news","tag-latestnews","tag-mesa-congreso","tag-mesa-senado","tag-ministerio-del-interior","tag-news","tag-noticias","tag-noticias-destacadas","tag-noticiasdestacadas","tag-oposicion-politica","tag-pedro-sanchez","tag-pp","tag-psoe","tag-senado","tag-spain","tag-titulares","tag-ultimas-noticias","tag-ultimasnoticias","tag-vox"],"share_on_mastodon":{"url":"","error":"Validation failed: Text character limit of 500 exceeded"},"_links":{"self":[{"href":"https:\/\/www.europesays.com\/es\/wp-json\/wp\/v2\/posts\/721580","targetHints":{"allow":["GET"]}}],"collection":[{"href":"https:\/\/www.europesays.com\/es\/wp-json\/wp\/v2\/posts"}],"about":[{"href":"https:\/\/www.europesays.com\/es\/wp-json\/wp\/v2\/types\/post"}],"author":[{"embeddable":true,"href":"https:\/\/www.europesays.com\/es\/wp-json\/wp\/v2\/users\/2"}],"replies":[{"embeddable":true,"href":"https:\/\/www.europesays.com\/es\/wp-json\/wp\/v2\/comments?post=721580"}],"version-history":[{"count":0,"href":"https:\/\/www.europesays.com\/es\/wp-json\/wp\/v2\/posts\/721580\/revisions"}],"wp:featuredmedia":[{"embeddable":true,"href":"https:\/\/www.europesays.com\/es\/wp-json\/wp\/v2\/media\/721581"}],"wp:attachment":[{"href":"https:\/\/www.europesays.com\/es\/wp-json\/wp\/v2\/media?parent=721580"}],"wp:term":[{"taxonomy":"category","embeddable":true,"href":"https:\/\/www.europesays.com\/es\/wp-json\/wp\/v2\/categories?post=721580"},{"taxonomy":"post_tag","embeddable":true,"href":"https:\/\/www.europesays.com\/es\/wp-json\/wp\/v2\/tags?post=721580"}],"curies":[{"name":"wp","href":"https:\/\/api.w.org\/{rel}","templated":true}]}}