{"id":721624,"date":"2026-08-20T12:39:27","date_gmt":"2026-08-20T12:39:27","guid":{"rendered":"https:\/\/www.europesays.com\/es\/721624\/"},"modified":"2026-08-20T12:39:27","modified_gmt":"2026-08-20T12:39:27","slug":"blanca-romero-y-lucia-rivera-protagonizan-el-segundo-capitulo-de-piel-fuerte-piel-joven","status":"publish","type":"post","link":"https:\/\/www.europesays.com\/es\/721624\/","title":{"rendered":"Blanca Romero y Luc\u00eda Rivera protagonizan el segundo cap\u00edtulo de \u00abPiel fuerte, piel joven\u00bb"},"content":{"rendered":"<p data-journey-content=\"true\" data-node-id=\"2\" class=\"css-1ood0zq emevuu60\">Blanca y Luc\u00eda son ese tipo de madre e hija que cualquiera podr\u00eda adivinar que son madre e hija sin conocerlas de nada. <strong data-node-id=\"2.1\">De verbo r\u00e1pido, sonrisa franca y risa vibrante, las protagonistas de hoy comparten mucho m\u00e1s de lo que puede apreciarse a simple vista: <\/strong>una misma forma de estar (y disfrutar) en el mundo. Blanca es una so\u00f1adora nata que marida con encanto impulso e intuici\u00f3n. Luc\u00eda, m\u00e1s reflexiva quiz\u00e1s, ha heredado de su madre el temperamento, la perseverancia y el amor por su profesi\u00f3n. <strong data-node-id=\"2.3\">Durante el rodaje, madre e hija nos regalan entre risas an\u00e9cdotas, confesiones y sue\u00f1os<\/strong> que convierten el plat\u00f3 de ELLE en una fiesta. Pura magia.<\/p>\n<p data-journey-content=\"true\" data-node-id=\"7\" class=\"css-1ood0zq emevuu60\"><strong data-node-id=\"7.0\">Blanca Romero y su hija, Luc\u00eda Rivera<\/strong> son las <strong data-node-id=\"7.2\">protagonistas del segundo cap\u00edtulo de la nueva temporada de \u00abPiel fuerte, piel joven\u00bb,<\/strong> la serie que ha puesto en marcha <strong data-node-id=\"7.4\">ELLE y Lactourea.<\/strong> Madre e hija comparten con nosotras sus recuerdos compartidos, su forma de entender la belleza y sus sue\u00f1os y anhelos de futuro, todas esas cosas que terminan pasando de una generaci\u00f3n a otra y quedan grabadas en la historia de nuestra piel.<\/p>\n<p data-journey-content=\"true\" data-node-id=\"10\" class=\"css-1ood0zq emevuu60\">Dentro v\u00eddeo.<\/p>\n<p><video playsinline=\"\" style=\"height:100%;width:100%;\"\/><img loading=\"lazy\" decoding=\"async\" src=\"data:image\/svg+xml,&lt;svg xmlns=&quot;http:\/\/www.w3.org\/2000\/svg&quot; width=&quot;24&quot; height=&quot;24&quot; fill=&quot;%23ffffff&quot; viewBox=&quot;0 0 256 256&quot;&gt;%0A%09&lt;path d=&quot;M240,128a15.74,15.74,0,0,1-7.6,13.51L88.32,229.65a16,16,0,0,1-16.2.3A15.86,15.86,0,0,1,64,216.13V39.87a15.86,15.86,0,0,1,8.12-13.82,16,16,0,0,1,16.2.3L232.4,114.49A15.74,15.74,0,0,1,240,128Z&quot;&gt;%0A&lt;\/path&gt;&lt;\/svg&gt;\" width=\"60\" height=\"60\" alt=\"Play video\"\/><img alt=\"Video poster\" title=\"Video poster\" loading=\"lazy\" width=\"1280\" height=\"720\" decoding=\"async\" data-nimg=\"1\" style=\"color:transparent;width:100%;height:100%;object-fit:cover;\"   src=\"https:\/\/www.europesays.com\/es\/wp-content\/uploads\/2026\/08\/thumb_1920x1080.0000001.jpg\" class=\"css-0 e1ddfba50\"\/>Confesiones<\/p>\n<p data-journey-content=\"true\" data-node-id=\"15\" class=\"css-1ood0zq emevuu60\"><strong data-node-id=\"15.0\">\u00abLuci, \u00bfrecuerdas la primera vez que desfilaste? <\/strong>Te hiciste un espont\u00e1neo\u00bb, arranca Blanca. \u00abEst\u00e1bamos en la moda flamenca y me viste con los trajes, y dijiste: &#8216;Quiero desfilar&#8217;. &#8216;Bueno, si ten\u00e9is un traje a su medida&#8230; Ten\u00edas seis a\u00f1inos. Saliste toda nerviosa corriendo, y luego hiciste diez desfiles m\u00e1s\u00bb, cuenta con cari\u00f1o. <strong data-node-id=\"15.2\">Su hija reconoce que no recordaba ese momento. \u00abYo creo que fue ah\u00ed cuando me di cuenta de que ibas a seguir mis pasos\u00bb, <\/strong>le comenta su madre. \u00abTe criaste en los decorados de &#8216;F\u00edsica o qu\u00edmica&#8217;. Eras muy buena, buen\u00edsima\u00bb, recuerda la actriz. <strong data-node-id=\"15.4\">\u00abLo que m\u00e1s admiro de ti, desde que eras peque\u00f1a, es la sensibilidad que tienes, lo buena oradora que eras, desde peque\u00f1a. <\/strong>Como narrabas, c\u00f3mo escrib\u00edas\u00bb. Su hija le devuelve el cumplido: \u00abLo que yo m\u00e1s admiro de ti es que no piensas tanto como yo, <strong data-node-id=\"15.6\">t\u00fa no preguntas para actuar, t\u00fa lo haces. <\/strong>Sabes poner mucho m\u00e1s los l\u00edmites que yo\u00bb. Su madre le confiesa su secreto: <strong data-node-id=\"15.8\">\u00abEscucho mucho a mi intuici\u00f3n\u00bb.<\/strong><\/p>\n<p><img draggable=\"true\" alt=\"two people in red dresses sitting on a red couch with a floral background.\" title=\"two people in red dresses sitting on a red couch with a floral background.\" loading=\"lazy\" width=\"1500\" height=\"2000\" decoding=\"async\" data-nimg=\"1\" style=\"color:transparent;width:100%;height:auto;\"   src=\"https:\/\/www.europesays.com\/es\/wp-content\/uploads\/2026\/08\/0e83cc1b-3e60-4ba0-8a61-cada57386269.jpg\" class=\"css-0 e1ddfba50\"\/><\/p>\n<p>Javi L\u00f3pez<\/p>\n<p data-journey-content=\"true\" data-node-id=\"19\" class=\"css-1ood0zq emevuu60\"><strong data-node-id=\"19.0\">\u00abTodo el mundo dice que nos parecemos, que tenemos el mismo temperamento. <\/strong>\u00bfT\u00fa que crees?\u00bb, le pregunta entonces a Luc\u00eda. \u00abYo creo que tengo menos\u00bb, responde ella entre risas. Blanca reconoce en parte esta diferencia: \u00abS\u00ed, s\u00ed, sois los dos m\u00e1s tranquilos. En general somos una familia con mucho car\u00e1cter y temperamento, sobre todo las mujeres, m\u00e1s que asturianas, de la cuenca minera. Sin ese car\u00e1cter, yo no hubiera llegado donde estoy, me hubieran comido\u00bb.<\/p>\n<p>Historias de belleza<\/p>\n<p data-journey-content=\"true\" data-node-id=\"23\" class=\"css-1ood0zq emevuu60\">\u00abLo que yo aprend\u00ed de mi madre, de buelita, es a ser una mujer independiente. Y lo que aprend\u00ed cuando te tuve a ti es <strong data-node-id=\"23.1\">lo importante que es elegirse a una misma, cuidarse, para poder cuidar mejor de los dem\u00e1s. <\/strong>Y eso se nos olvida a las mujeres, sobre todo antiguamente, siempre eran las \u00faltimas\u00bb, explica Blanca. A su hija le hace gracia reconocer que su madre tiene raz\u00f3n: \u00abNo te suelo dar la raz\u00f3n nunca, pero en esta ocasi\u00f3n te la doy\u00bb. Su madre no deja pasar la oportunidad: \u00ab\u00a1Vienes muy bien de Australia! Has de volver!\u00bb.<\/p>\n<p><img draggable=\"true\" alt=\"woman in red dress holding a bottle of lactourea reparador, winking.\" title=\"Blanca Romero\" loading=\"lazy\" width=\"1600\" height=\"2000\" decoding=\"async\" data-nimg=\"1\" style=\"color:transparent;width:100%;height:auto;\"   src=\"https:\/\/www.europesays.com\/es\/wp-content\/uploads\/2026\/08\/485eb9ec-210e-488e-a23d-9bff140e3d44.jpg\" class=\"css-0 e1ddfba50\"\/><\/p>\n<p>Javi L\u00f3pez<\/p>\n<p><img draggable=\"true\" alt=\"smiling woman in red dress holding lotion bottle on bench against red background.\" title=\"Luc\u00eda Rivera Lactourea\" loading=\"lazy\" width=\"1600\" height=\"2000\" decoding=\"async\" data-nimg=\"1\" style=\"color:transparent;width:100%;height:auto;\"   src=\"https:\/\/www.europesays.com\/es\/wp-content\/uploads\/2026\/08\/2a96ae72-09fd-4e97-828c-4219dc400cc7.jpg\" class=\"css-0 e1ddfba50\"\/><\/p>\n<p>Javi L\u00f3pez<\/p>\n<p data-journey-content=\"true\" data-node-id=\"27\" class=\"css-1ood0zq emevuu60\"><strong data-node-id=\"27.0\">Llega el momento de hablar de la reparaci\u00f3n de la piel. <\/strong>\u00abYo nac\u00ed con la piel muy seca, pero muy, muy muy seca. Y buelita, mam\u00e1, que tiene la misma piel que yo, me dec\u00eda siempre: &#8216;Hija, por favor, hidr\u00e1tate\u00bb, recuerda la modelo y actriz. \u00abEs cierto que, dedic\u00e1ndonos a lo que nos dedicamos, aprendemos a cuidarnos desde muy j\u00f3venes, y eso te ayuda a la larga a estar mejor. <strong data-node-id=\"27.2\">Yo no soy nadie sin crema hidratante\u00bb,<\/strong> confiesa. Su hija reconoce que a ella le pasa algo similar: \u00abCuando viajo y tengo m\u00e1s castings, se me seca much\u00edsimo m\u00e1s la piel. En el trabajo entend\u00ed lo importante que es reparar la piel del cuerpo, no solo la de la cara\u00bb. Blanca puntualiza: \u00ab<strong data-node-id=\"27.4\">Y al final la piel del cuerpo es el 90%, la cara es solo el 10%\u00bb. <\/strong>\u00ab\u00bfSabes lo que pasa? Con el tiempo la piel pierde el col\u00e1geno y la elastina\u00bb, a\u00f1ade. Por eso tiene claro lo que busca en un producto:<strong data-node-id=\"27.6\"> \u00abLactourea no solo hidrata, adem\u00e1s repara la piel y obviamente una piel reparada es una piel fuerte y joven\u00bb.<\/strong> Madre e hija nos hablan de su rutina de belleza compartida, que empieza desde la ducha con el gel y contin\u00faa con la loci\u00f3n o la mousse, sin olvidar el desodorante y la pomada reparadora. \u00abMe gusta ese ritual\u00bb, confiesa Luc\u00eda. \u00abAdem\u00e1s es un tiempo para pensar en ti misma, para cuidarte a ti misma\u00bb.<strong data-node-id=\"27.8\"> \u00abMimarse es muy sano\u00bb, <\/strong>coincide su madre.<\/p>\n<p>Sue\u00f1os de futuro<\/p>\n<p data-journey-content=\"true\" data-node-id=\"31\" class=\"css-1ood0zq emevuu60\">\u00abSi pienso en el futuro, sabes que yo siempre fui una so\u00f1adora, <strong data-node-id=\"31.1\">sue\u00f1o con una pel\u00edcula que me haga eterna como actriz\u00bb<\/strong>, dice Blanca. \u00abQue se ruede en Estados Unidos. Mi biopic y que Mart\u00edn y t\u00fa salg\u00e1is en \u00e9l\u00bb, confiesa, antes de a\u00f1adir: \u00abY me gustar\u00eda que t\u00fa escribieses una novela, tienes un talento maravilloso\u00bb. Luc\u00eda sonr\u00ede porque ese futuro se parece bastante al que ella imagina: <strong data-node-id=\"31.3\">\u00abYo la verdad es que me veo escribiendo otro libro, me veo viajando\u00bb.<\/strong> \u00ab\u00a1Por fin!\u00bb, exclama su madre. \u00abPor fin\u00bb, coincide su hija. \u00abEra un sue\u00f1o tuyo y lo estoy cumpliendo. Y me veo haciendo una marca de bikinis (soy adicta a los bikinis), y bueno, obviamente, hacer una pel\u00edcula. No s\u00e9 si escribir el guion o protagonizarla\u00bb. \u00abCreo que hay que rescatar el mensaje del porqu\u00e9 se hace cine\u00bb, comenta su madre.<\/p>\n<p><img draggable=\"true\" alt=\"two women in red outfits holding skincare products\" title=\"foto en baja\" loading=\"lazy\" width=\"1600\" height=\"2000\" decoding=\"async\" data-nimg=\"1\" style=\"color:transparent;width:100%;height:auto;\"   src=\"https:\/\/www.europesays.com\/es\/wp-content\/uploads\/2026\/08\/b7cb30a9-f904-4200-af42-7d202a069249.jpg\" class=\"css-0 e1ddfba50\"\/><\/p>\n<p>Foto baja<\/p>\n<p data-journey-content=\"true\" data-node-id=\"35\" class=\"css-1ood0zq emevuu60\">La conversaci\u00f3n acaba volviendo a otro de los puntos que madre e hija tienen en com\u00fan: <strong data-node-id=\"35.1\">la necesidad de ser fiel a una misma: <\/strong>\u00abCreo que todo va demasiado r\u00e1pido en esta \u00e9poca y no te da tiempo a ser fiel a ti mismo\u00bb, reflexiona Luc\u00eda. Su madre asiente: \u00abYo creo que <strong data-node-id=\"35.3\">lo m\u00e1s importante es ser fiel a uno mismo para seguir siendo una persona aut\u00e9ntica\u00bb. <\/strong>Luc\u00eda est\u00e1 de acuerdo: <strong data-node-id=\"35.5\">\u00abSeguir siendo aut\u00e9nticas, con la piel&#8230;\u00bb, \u00abfuerte\u00bb, contin\u00faa Blanca. \u00ab\u00a1Y joven!\u00bb, termina su hija.<\/strong><\/p>\n<p><img draggable=\"true\" alt=\"blanca romero y luc\u00eda rivera en lactourea\" title=\"Blanca Romero y Luc\u00eda Rivera en Lactourea\" loading=\"lazy\" width=\"1600\" height=\"2000\" decoding=\"async\" data-nimg=\"1\" style=\"color:transparent;width:100%;height:auto;\"   src=\"https:\/\/www.europesays.com\/es\/wp-content\/uploads\/2026\/08\/ddd89d4f-c3bc-4bc8-a6dc-be4f47654b4d.jpg\" class=\"css-0 e1ddfba50\"\/><\/p>\n<p>Javi L\u00f3pez<\/p>\n<p><strong data-node-id=\"37.0\">Los favoritos de Blanca y Luc\u00eda<\/strong><img  alt=\"skincare products from lactovit on a white surface against a red background\" src=\"https:\/\/www.europesays.com\/es\/wp-content\/uploads\/2026\/08\/479a4ac3-9f1c-4700-ba61-754205fa7643.jpg\" title=\"Foto baja\" width=\"1600\" height=\"2000\" decoding=\"async\" loading=\"lazy\"\/>Ver Fotos<img src=\"https:\/\/www.elle.com\/_assets\/design-tokens\/fre\/static\/icons\/arrow-right.7440adc.svg\" alt=\"\" title=\"Black right arrow\" width=\"100%\" height=\"auto\" decoding=\"async\" loading=\"lazy\" role=\"img\" class=\"css-isk7jr e1jtuqk16\"\/><strong data-node-id=\"39.0\">Lo que dice la ciencia<\/strong><\/p>\n<p data-journey-content=\"true\" data-node-id=\"42\" class=\"css-1ood0zq emevuu60\">\u00bfEs posible tener una piel fuerte, joven y reparada? N\u00faria Floriach, directora de I+D de AC Marca Personal Care, tiene claro qu\u00e9 ingredientes debe tener la f\u00f3rmula del \u00e9xito: \u00abLa clave est\u00e1 en tres pilares: <strong data-node-id=\"42.1\">reforzar, reparar y ser constantes. <\/strong>Reforzar la piel evitando agresiones innecesarias, reparar la sequedad con activos eficaces y mantener una rutina diaria sin interrupciones. Y no esperar a que la piel empeore: cuanto antes se act\u00fae, mejor\u00bb, responde. <strong data-node-id=\"42.3\">C\u00f3mo luce una piel fuerte, joven y reparada? <\/strong>La experta de Lactourea nos da las claves: \u00abEs una piel reforzada desde el interior, m\u00e1s el\u00e1stica y uniforme, sin signos de sequedad. <strong data-node-id=\"42.5\">Se ve m\u00e1s lisa, m\u00e1s flexible y con una mejor calidad general, <\/strong>porque la piel est\u00e1 equilibrada y reparada, no solo hidratada en superficie\u00bb. La rutina creada por Lactourea, con el gel, la loci\u00f3n, el desodorante y la pomada de manos est\u00e1 \u00abrespaldada por m\u00e1s de 10 a\u00f1os de investigaci\u00f3n y m\u00e1s de 20 estudios cl\u00ednicos\u00bb, como nos cuenta la experta, cuenta con el respaldo cient\u00edfico. Los resultados de los \u00faltimos estudios no dejan lugar a dudas<strong data-node-id=\"42.7\">: \u00abel 98% de los dermat\u00f3logos participantes* afirmaron que recomendar\u00edan esta rutina a sus pacientes\u00bb, comenta N\u00faria Floriach.<\/strong><\/p>\n<blockquote data-theme-key=\"pullquote\" data-pullquote-align=\"center\" class=\"css-14rse44 e1f76l351\">\n<blockquote class=\"css-m7oixm e1f76l350\"><p>\u00abLas claves para tener una piel fuerte y joven son tres: reforzar, reparar y ser constantes en nuestra rutina\u00bb. N\u00faria Floriach, directora de I+D de AC Marca Personal Care<\/p><\/blockquote>\n<\/blockquote>\n<p data-journey-content=\"true\" data-node-id=\"46\" class=\"css-1ood0zq emevuu60\"><strong data-node-id=\"46.0\">\u00bfC\u00f3mo es la rutina de skincare del cuerpo perfecta?<\/strong><\/p>\n<p data-journey-content=\"true\" data-node-id=\"49\" class=\"css-1ood0zq emevuu60\">M\u00e1s que perfecta, debe ser constante y respetuosa con la piel. Empieza en la ducha, con una limpieza suave, y contin\u00faa justo despu\u00e9s, con la piel a\u00fan ligeramente h\u00fameda, aplicando un producto hidratante adaptado a cada necesidad. A partir de ah\u00ed, el foco est\u00e1 en reparar la sequedad de forma continua. En pieles secas o muy secas, no basta con una sola aplicaci\u00f3n: es clave reaplicar durante el d\u00eda para mantener la piel confortable, evitar la tirantez y reforzar la funci\u00f3n barrera.<\/p>\n<p data-journey-content=\"true\" data-node-id=\"52\" class=\"css-1ood0zq emevuu60\"><strong data-node-id=\"52.0\">\u00bfPor qu\u00e9 es tan importante empezar a cuidar la piel desde la ducha?<\/strong><\/p>\n<p data-journey-content=\"true\" data-node-id=\"55\" class=\"css-1ood0zq emevuu60\">Porque la ducha es el primer punto cr\u00edtico. El agua muy caliente, los tiempos prolongados o los geles demasiado agresivos pueden alterar la barrera cut\u00e1nea y favorecer la deshidrataci\u00f3n. Adem\u00e1s, no todos los geles son iguales. Apostar por f\u00f3rmulas que no solo limpien, sino que tambi\u00e9n ayuden a reforzar y reparar la piel, permite que la ducha se convierta en el primer paso de la rutina reparadora, potenciando la eficacia del cuidado hidratante posterior.<\/p>\n<p data-journey-content=\"true\" data-node-id=\"58\" class=\"css-1ood0zq emevuu60\"><strong data-node-id=\"58.0\">\u00bfEn qu\u00e9 se diferencia Urea ProLactiC <\/strong><strong data-node-id=\"58.1.0\">10 <\/strong><strong data-node-id=\"58.2\">de otros principios activos?<\/strong><\/p>\n<p data-journey-content=\"true\" data-node-id=\"61\" class=\"css-1ood0zq emevuu60\"><a rel=\"nofollow noopener\" href=\"https:\/\/www.lactovit.es\/piel-joven\/\" target=\"_blank\" data-vars-ga-outbound-link=\"https:\/\/www.lactovit.es\/piel-joven\/\" data-vars-ga-ux-element=\"Hyperlink\" data-vars-ga-call-to-action=\"Urea ProLactiC 10\" data-node-id=\"61.0\" class=\"body-link css-ohbdae emevuu60\">Urea ProLactiC 10<\/a> es un complejo reparador antiaging propio de Lactourea que va m\u00e1s all\u00e1 de la hidrataci\u00f3n b\u00e1sica. Ofrece un alto poder hidratante \u2014hasta el doble que f\u00f3rmulas con urea convencional\u2014, pero adem\u00e1s act\u00faa donde la urea tradicional no llega: reparando la sequedad de la piel**. El resultado es una piel no solo hidratada, sino realmente reparada y fortalecida, con un efecto duradero de hasta 72 horas***.<\/p>\n<blockquote data-node-id=\"62\" class=\"body-blockquote css-ycxp91 emevuu60\"><p>*Fuente: Estudio Kantar a 100 dermat\u00f3logos, marzo 2025.<br data-node-id=\"62.1\"\/>**Fuente: Test in vivo &#8211; Medici\u00f3n de la hidrataci\u00f3n de la piel mediante corneometr\u00eda.<br data-node-id=\"62.3\"\/>***Fuente: Test in vivo &#8211; Medici\u00f3n de la p\u00e9rdida de agua transepid\u00e9rmica (TEWL) despu\u00e9s de 7 d\u00edas de tratamiento a voluntarios con piel seca.<\/p><\/blockquote>\n<p data-journey-content=\"true\" data-node-id=\"65\" class=\"css-1ood0zq emevuu60\">Aytes. de v\u00eddeo: Miguel \u00c1lvarez. Maquillaje: Sonia Marina. Peluquer\u00eda: Estilismo: Ver\u00f3nica Su\u00e1rez y Jorge Gilarranz. Decoraci\u00f3n: Pilar Perea. Producci\u00f3n: Elena Maeso. Talent Manager: M\u00aa Jos\u00e9 Riaza. Ropa: Blanca lleva vestido de Mango, y Luc\u00eda lleva chaleco de Mango y vestido de Mirto.<\/p>\n","protected":false},"excerpt":{"rendered":"Blanca y Luc\u00eda son ese tipo de madre e hija que cualquiera podr\u00eda adivinar que son madre e&hellip;\n","protected":false},"author":2,"featured_media":721625,"comment_status":"","ping_status":"","sticky":false,"template":"","format":"standard","meta":{"footnotes":""},"categories":[174],"tags":[13966,255,146,147,25,24,256,23],"class_list":["post-721624","post","type-post","status-publish","format-standard","has-post-thumbnail","category-famosos","tag-branded","tag-celebrities","tag-entertainment","tag-entretenimiento","tag-es","tag-espana","tag-famosos","tag-spain"],"share_on_mastodon":{"url":"https:\/\/pubeurope.com\/@es\/117127884632140750","error":""},"_links":{"self":[{"href":"https:\/\/www.europesays.com\/es\/wp-json\/wp\/v2\/posts\/721624","targetHints":{"allow":["GET"]}}],"collection":[{"href":"https:\/\/www.europesays.com\/es\/wp-json\/wp\/v2\/posts"}],"about":[{"href":"https:\/\/www.europesays.com\/es\/wp-json\/wp\/v2\/types\/post"}],"author":[{"embeddable":true,"href":"https:\/\/www.europesays.com\/es\/wp-json\/wp\/v2\/users\/2"}],"replies":[{"embeddable":true,"href":"https:\/\/www.europesays.com\/es\/wp-json\/wp\/v2\/comments?post=721624"}],"version-history":[{"count":0,"href":"https:\/\/www.europesays.com\/es\/wp-json\/wp\/v2\/posts\/721624\/revisions"}],"wp:featuredmedia":[{"embeddable":true,"href":"https:\/\/www.europesays.com\/es\/wp-json\/wp\/v2\/media\/721625"}],"wp:attachment":[{"href":"https:\/\/www.europesays.com\/es\/wp-json\/wp\/v2\/media?parent=721624"}],"wp:term":[{"taxonomy":"category","embeddable":true,"href":"https:\/\/www.europesays.com\/es\/wp-json\/wp\/v2\/categories?post=721624"},{"taxonomy":"post_tag","embeddable":true,"href":"https:\/\/www.europesays.com\/es\/wp-json\/wp\/v2\/tags?post=721624"}],"curies":[{"name":"wp","href":"https:\/\/api.w.org\/{rel}","templated":true}]}}