{"id":721720,"date":"2026-08-20T13:54:22","date_gmt":"2026-08-20T13:54:22","guid":{"rendered":"https:\/\/www.europesays.com\/es\/721720\/"},"modified":"2026-08-20T13:54:22","modified_gmt":"2026-08-20T13:54:22","slug":"el-atletico-presenta-a-romero-como-uno-de-los-mejores-centrales-del-panorama-actual","status":"publish","type":"post","link":"https:\/\/www.europesays.com\/es\/721720\/","title":{"rendered":"El Atl\u00e9tico presenta a Romero \u201ccomo uno de los mejores centrales del panorama\u00bb actual"},"content":{"rendered":"<p class=\"mb-4 text-lg md:leading-8 break-words\">Madrid, 20 ago (EFE).- El Atl\u00e9tico de Madrid present\u00f3 este jueves al defensa internacional argentino Cristian &#8216;Cuti&#8217; Romero en el estadio Metropolitano \u00abcomo uno de los mejores centrales del panorama internacional\u00bb, seg\u00fan destac\u00f3 Enrique Cerezo, presidente del club, cuando le dio la bienvenida a su nuevo equipo.<\/p>\n<p class=\"mb-4 text-lg md:leading-8 break-words\">\u00abHace apenas unas horas estren\u00e1bamos la Liga en nuestro estadio con una importante victoria ante el M\u00e1laga y ahora nos reunimos para dar la bienvenida a uno de los mejores centrales del panorama internacional, que viene a potenciar nuestra plantilla con su enorme calidad y gran experiencia\u00bb, resalt\u00f3 el dirigente en el auditorio del Metropolitano.<\/p>\n<p class=\"mb-4 text-lg md:leading-8 break-words\">Cerezo resalt\u00f3 que &#8216;Cuti&#8217; Romero fue un \u00ab\u00eddolo de los aficionados ingleses por su gran anticipaci\u00f3n, fortaleza a\u00e9rea y liderazgo\u00bb, por lo que fue nombrado capit\u00e1n en el Tottenham, en su anterior club, y destac\u00f3 su \u00abtrayectoria\u00bb en la selecci\u00f3n argentina.<\/p>\n<p><img alt=\"\" loading=\"lazy\" width=\"960\" height=\"640\" decoding=\"async\" data-nimg=\"1\" class=\"rounded-lg\" style=\"color:transparent\" src=\"https:\/\/www.europesays.com\/es\/wp-content\/uploads\/2026\/08\/https:\/\/media.zenfs.com\/es\/efe.es\/addccbb8ab31484e247f46c58e304450.jpg\"\/><\/p>\n<p class=\"mb-4 text-lg md:leading-8 break-words\">\u00abEs un futbolista que derrocha coraje y coraz\u00f3n y es capaz de contagiar a sus compa\u00f1eros. Es un hombre de equipo y estoy convencido de que nos va a dar muchas alegr\u00edas\u00bb, continu\u00f3 el presidente del Atl\u00e9tico de Madrid.<\/p>\n<p class=\"mb-4 text-lg md:leading-8 break-words\">El dirigente admiti\u00f3 que el conjunto rojiblanco ten\u00eda \u00abmuchas ganas\u00bb de que llegara al club, \u00abcomo tu bien sabes\u00bb, dijo al dirigirse al jugador.<\/p>\n<p class=\"mb-4 text-lg md:leading-8 break-words\">\u00abEn nombre de toda la familia rojiblanca, te doy la bienvenida al Atl\u00e9tico de Madrid y te deseo un camino plagado de \u00e9xitos\u00bb, expres\u00f3. EFE<\/p>\n<p class=\"mb-4 text-lg md:leading-8 break-words\">id\/og<\/p>\n<p class=\"mb-4 text-lg md:leading-8 break-words\">(c) Agencia EFE<\/p>\n","protected":false},"excerpt":{"rendered":"Madrid, 20 ago (EFE).- El Atl\u00e9tico de Madrid present\u00f3 este jueves al defensa internacional argentino Cristian &#8216;Cuti&#8217; Romero&hellip;\n","protected":false},"author":2,"featured_media":721721,"comment_status":"","ping_status":"","sticky":false,"template":"","format":"standard","meta":{"footnotes":""},"categories":[93],"tags":[3409,168,995,9472,25,24,44194,205,23,167],"class_list":["post-721720","post","type-post","status-publish","format-standard","has-post-thumbnail","category-deportes","tag-atletico-de-madrid","tag-deportes","tag-efe","tag-enrique-cerezo","tag-es","tag-espana","tag-estadio-metropolitano","tag-madrid","tag-spain","tag-sports"],"share_on_mastodon":{"url":"https:\/\/pubeurope.com\/@es\/117128178484141817","error":""},"_links":{"self":[{"href":"https:\/\/www.europesays.com\/es\/wp-json\/wp\/v2\/posts\/721720","targetHints":{"allow":["GET"]}}],"collection":[{"href":"https:\/\/www.europesays.com\/es\/wp-json\/wp\/v2\/posts"}],"about":[{"href":"https:\/\/www.europesays.com\/es\/wp-json\/wp\/v2\/types\/post"}],"author":[{"embeddable":true,"href":"https:\/\/www.europesays.com\/es\/wp-json\/wp\/v2\/users\/2"}],"replies":[{"embeddable":true,"href":"https:\/\/www.europesays.com\/es\/wp-json\/wp\/v2\/comments?post=721720"}],"version-history":[{"count":0,"href":"https:\/\/www.europesays.com\/es\/wp-json\/wp\/v2\/posts\/721720\/revisions"}],"wp:featuredmedia":[{"embeddable":true,"href":"https:\/\/www.europesays.com\/es\/wp-json\/wp\/v2\/media\/721721"}],"wp:attachment":[{"href":"https:\/\/www.europesays.com\/es\/wp-json\/wp\/v2\/media?parent=721720"}],"wp:term":[{"taxonomy":"category","embeddable":true,"href":"https:\/\/www.europesays.com\/es\/wp-json\/wp\/v2\/categories?post=721720"},{"taxonomy":"post_tag","embeddable":true,"href":"https:\/\/www.europesays.com\/es\/wp-json\/wp\/v2\/tags?post=721720"}],"curies":[{"name":"wp","href":"https:\/\/api.w.org\/{rel}","templated":true}]}}