{"id":722184,"date":"2026-08-20T19:18:14","date_gmt":"2026-08-20T19:18:14","guid":{"rendered":"https:\/\/www.europesays.com\/es\/722184\/"},"modified":"2026-08-20T19:18:14","modified_gmt":"2026-08-20T19:18:14","slug":"alcaraz-confirma-que-jugara-el-us-open-despues-de-estar-cuatro-meses-de-baja-por-lesion-tenis-deportes","status":"publish","type":"post","link":"https:\/\/www.europesays.com\/es\/722184\/","title":{"rendered":"Alcaraz confirma que jugar\u00e1 el US Open despu\u00e9s de estar cuatro meses de baja por lesi\u00f3n | Tenis | Deportes"},"content":{"rendered":"<p class=\"\">Carlos Alcaraz, n\u00famero tres del mundo en el ranking ATP, ya tiene fecha para su regreso al circuito. El murciano ha confirmado este jueves que disputar\u00e1 el US Open (30 de agosto al 13 de septiembre), <a href=\"https:\/\/elpais.com\/deportes\/tenis\/2026-08-05\/carlos-alcaraz-no-disputara-el-masters-1000-de-cincinnati.html\" target=\"_self\" rel=\"nofollow noopener\" title=\"https:\/\/elpais.com\/deportes\/tenis\/2026-08-05\/carlos-alcaraz-no-disputara-el-masters-1000-de-cincinnati.html\">poniendo fin a una ausencia de m\u00e1s de cuatro meses<\/a> provocada por la lesi\u00f3n en la mu\u00f1eca derecha que sufri\u00f3 en abril en la primera ronda del Conde God\u00f3. El anuncio llega despu\u00e9s de semanas de recuperaci\u00f3n y preparaci\u00f3n, en las que el espa\u00f1ol ha ido aumentando progresivamente la intensidad de sus entrenamientos, tal y como ha ido ense\u00f1ado en redes sociales.<\/p>\n<p class=\"\">Su regreso en Nueva York tendr\u00e1 adem\u00e1s un significado especial, ya que<a href=\"https:\/\/elpais.com\/deportes\/tenis\/2026-07-24\/la-hora-de-carlos-alcaraz-tres-semanas-clave-que-definiran-su-regreso-o-no-a-la-competicion.html\" target=\"_self\" rel=\"nofollow noopener\" title=\"https:\/\/elpais.com\/deportes\/tenis\/2026-07-24\/la-hora-de-carlos-alcaraz-tres-semanas-clave-que-definiran-su-regreso-o-no-a-la-competicion.html\"> Alcaraz llegar\u00e1 al US Open como vigente campe\u00f3n y con el objetivo de defender el t\u00edtulo conquistado el a\u00f1o pasado.<\/a> El torneo arrancar\u00e1 el 30 de agosto y supondr\u00e1 el reencuentro del espa\u00f1ol con la competici\u00f3n despu\u00e9s de una larga espera, en un momento clave de la temporada y con muchas miradas puestas en sus sensaciones tras la lesi\u00f3n.<\/p>\n<p class=\"\">Alcaraz comenz\u00f3 2026 de la mejor manera posible,<a href=\"https:\/\/elpais.com\/deportes\/tenis\/2026-02-02\/carlos-alcaraz-soy-una-persona-sensible-a-la-que-le-afectan-bastante-las-emociones.html\" target=\"_self\" rel=\"nofollow noopener\" title=\"https:\/\/elpais.com\/deportes\/tenis\/2026-02-02\/carlos-alcaraz-soy-una-persona-sensible-a-la-que-le-afectan-bastante-las-emociones.html\"> conquistando el Abierto de Australia, el \u00fanico Grand Slam que faltaba en su palmar\u00e9s<\/a>. Su victoria ante Novak Djokovic en la final le permiti\u00f3 completar el Grand Slam de carrera y convertirse, con 22 a\u00f1os, en el jugador masculino m\u00e1s joven de la historia en ganar los cuatro grandes. El murciano prolong\u00f3 despu\u00e9s su espectacular inicio de temporada en Doha, donde se proclam\u00f3 campe\u00f3n del Qatar Open tras derrotar a Arthur Fils en la final. Con ese t\u00edtulo, Alcaraz elev\u00f3 a 12 su racha de victorias consecutivas para empezar el a\u00f1o y confirm\u00f3 el gran momento de forma con el que afrontaba una temporada que, poco despu\u00e9s, se ver\u00eda interrumpida por la lesi\u00f3n. <\/p>\n<p class=\"\">La lesi\u00f3n, el resultado de la inflamaci\u00f3n en los tendones de su mu\u00f1eca, termin\u00f3 oblig\u00e1ndole a parar y a perderse todas la giras de tierra y hierba posteriores, incluidos los prestigiosos Roland Garros y Wimbledon. La recuperaci\u00f3n se ha alargado mucho m\u00e1s de lo previsto inicialmente y ha convertido esta en la baja m\u00e1s prolongada de su carrera, <a href=\"https:\/\/elpais.com\/deportes\/tenis\/2026-07-09\/el-retorno-de-alcaraz-va-por-el-buen-camino.html\" target=\"_self\" rel=\"nofollow noopener\" title=\"https:\/\/elpais.com\/deportes\/tenis\/2026-07-09\/el-retorno-de-alcaraz-va-por-el-buen-camino.html\">al estar ubicada en una zona especialmente delicada<\/a> y peligrosa para los tenistas. <\/p>\n<blockquote class=\"twitter-tweet\">\n<p lang=\"en\" dir=\"ltr\">HERE WE GO! \ud83d\udc4b\ud83c\udffb\ud83c\uddfa\ud83c\uddf8<\/p>\n<p>\u2014 Carlos Alcaraz (@carlosalcaraz) <a href=\"https:\/\/x.com\/carlosalcaraz\/status\/2090484945760157726?ref_src=twsrc%5Etfw\" rel=\"nofollow\">August 20, 2026<\/a><\/p><\/blockquote>\n<p class=\"\">La ausencia tambi\u00e9n ha tenido consecuencias importantes en su pelea por el n\u00famero uno mundial con Jannik Sinner. Alcaraz comenz\u00f3 el a\u00f1o en lo m\u00e1s alto y lleg\u00f3 a tener una ventaja de 3.150 puntos sobre el italiano en marzo, pero su par\u00f3n le hizo perder terreno mientras<a href=\"https:\/\/elpais.com\/deportes\/tenis\/2026-07-13\/jannik-sinner-un-elogio-a-la-evolucion-otro-extra-de-laboratorio-y-la-ultima-resurreccion.html\" target=\"_self\" rel=\"nofollow noopener\" title=\"https:\/\/elpais.com\/deportes\/tenis\/2026-07-13\/jannik-sinner-un-elogio-a-la-evolucion-otro-extra-de-laboratorio-y-la-ultima-resurreccion.html\"> Sinner, imparable, segu\u00eda sumando<\/a>. Actualmente, tras ganar cinco Masters 1000 seguidos y Wimbledon, Sinner ocupa el n\u00famero uno con 12.800 puntos, mientras que Alcaraz, superado tambi\u00e9n por Zverev, es tercero con 7.160. El US Open ser\u00e1 por tanto, un examen no solo para comprobar c\u00f3mo responde Alcaraz tras cuatro meses fuera, sino tambi\u00e9n para recuperar puntos y volver a acercarse al italiano en su particular batalla por el dominio del tenis mundial. Adem\u00e1s, el espa\u00f1ol tendr\u00e1 el aliciente de defender los 2.000 puntos del t\u00edtulo conquistado en Nueva York el a\u00f1o pasado (contra Sinner precisamente) por lo que su regreso llega acompa\u00f1ado de un desaf\u00edo enorme tanto deportivo como clasificatorio.<\/p>\n","protected":false},"excerpt":{"rendered":"Carlos Alcaraz, n\u00famero tres del mundo en el ranking ATP, ya tiene fecha para su regreso al circuito.&hellip;\n","protected":false},"author":2,"featured_media":722185,"comment_status":"","ping_status":"","sticky":false,"template":"","format":"standard","meta":{"footnotes":""},"categories":[93],"tags":[545,1540,168,25,24,544,10976,20585,23,167,327,11759,541,546],"class_list":["post-722184","post","type-post","status-publish","format-standard","has-post-thumbnail","category-deportes","tag-carlos-alcaraz","tag-competiciones","tag-deportes","tag-es","tag-espana","tag-jannik-sinner","tag-lesiones-deportivas","tag-roland-garros","tag-spain","tag-sports","tag-tenis","tag-tenistas","tag-us-open","tag-wimbledon"],"share_on_mastodon":{"url":"https:\/\/pubeurope.com\/@es\/117129452257772261","error":""},"_links":{"self":[{"href":"https:\/\/www.europesays.com\/es\/wp-json\/wp\/v2\/posts\/722184","targetHints":{"allow":["GET"]}}],"collection":[{"href":"https:\/\/www.europesays.com\/es\/wp-json\/wp\/v2\/posts"}],"about":[{"href":"https:\/\/www.europesays.com\/es\/wp-json\/wp\/v2\/types\/post"}],"author":[{"embeddable":true,"href":"https:\/\/www.europesays.com\/es\/wp-json\/wp\/v2\/users\/2"}],"replies":[{"embeddable":true,"href":"https:\/\/www.europesays.com\/es\/wp-json\/wp\/v2\/comments?post=722184"}],"version-history":[{"count":0,"href":"https:\/\/www.europesays.com\/es\/wp-json\/wp\/v2\/posts\/722184\/revisions"}],"wp:featuredmedia":[{"embeddable":true,"href":"https:\/\/www.europesays.com\/es\/wp-json\/wp\/v2\/media\/722185"}],"wp:attachment":[{"href":"https:\/\/www.europesays.com\/es\/wp-json\/wp\/v2\/media?parent=722184"}],"wp:term":[{"taxonomy":"category","embeddable":true,"href":"https:\/\/www.europesays.com\/es\/wp-json\/wp\/v2\/categories?post=722184"},{"taxonomy":"post_tag","embeddable":true,"href":"https:\/\/www.europesays.com\/es\/wp-json\/wp\/v2\/tags?post=722184"}],"curies":[{"name":"wp","href":"https:\/\/api.w.org\/{rel}","templated":true}]}}