{"id":722238,"date":"2026-08-20T19:57:11","date_gmt":"2026-08-20T19:57:11","guid":{"rendered":"https:\/\/www.europesays.com\/es\/722238\/"},"modified":"2026-08-20T19:57:11","modified_gmt":"2026-08-20T19:57:11","slug":"getafe-partizan-belgrado-en-directo","status":"publish","type":"post","link":"https:\/\/www.europesays.com\/es\/722238\/","title":{"rendered":"Getafe &#8211; Partizan Belgrado en directo"},"content":{"rendered":"<p> \u00daltima hora del Getafe &#8211; Partiz\u00e1n en directo<\/p>\n<p class=\"ue-c-article__paragraph \"><strong>\u00a1\u00a1\u00a1MUY BUENAS TARDEEESSSS!!! El Getafe regresa a competiciones europeas seis a\u00f1os despu\u00e9s. El conjunto azul\u00f3n viene de encajar una dolorosa derrota ante el Alav\u00e9s en el estreno liguero, pero los de Bordal\u00e1s llegan con la ilusi\u00f3n renovada ante un acontecimiento de tal calado. El equipo madrile\u00f1o recibe en el Coliseum al Partiz\u00e1n de Belgrado, uno de los equipos m\u00e1s potentes de Serbia, aunque llega a este encuentro de ida en horas bajas. El conjunto de Sasa Ilic, que tiene en sus filas a Idrissu Baba y el ex azul\u00f3n Stefan Mitrovic, tratar\u00e1 de sacar un buen resultado en el Coliseum para acabar de rematar la faena en Belgrado. En algo m\u00e1s de hora y media comenzar\u00e1 a rodar el bal\u00f3n. \u00a1\u00a1QU\u00c9DATE CON NOSOTROSSS!!!<\/strong><\/p>\n","protected":false},"excerpt":{"rendered":"\u00daltima hora del Getafe &#8211; Partiz\u00e1n en directo \u00a1\u00a1\u00a1MUY BUENAS TARDEEESSSS!!! El Getafe regresa a competiciones europeas seis&hellip;\n","protected":false},"author":2,"featured_media":722239,"comment_status":"","ping_status":"","sticky":false,"template":"","format":"standard","meta":{"footnotes":""},"categories":[268],"tags":[25939,168,25,24,280,282,3303,24538,281,23,167],"class_list":["post-722238","post","type-post","status-publish","format-standard","has-post-thumbnail","category-futbol","tag-conference-league","tag-deportes","tag-es","tag-espana","tag-football","tag-futbol","tag-getafe-cf","tag-jose-bordalas","tag-soccer","tag-spain","tag-sports"],"share_on_mastodon":{"url":"https:\/\/pubeurope.com\/@es\/117129605658834794","error":""},"_links":{"self":[{"href":"https:\/\/www.europesays.com\/es\/wp-json\/wp\/v2\/posts\/722238","targetHints":{"allow":["GET"]}}],"collection":[{"href":"https:\/\/www.europesays.com\/es\/wp-json\/wp\/v2\/posts"}],"about":[{"href":"https:\/\/www.europesays.com\/es\/wp-json\/wp\/v2\/types\/post"}],"author":[{"embeddable":true,"href":"https:\/\/www.europesays.com\/es\/wp-json\/wp\/v2\/users\/2"}],"replies":[{"embeddable":true,"href":"https:\/\/www.europesays.com\/es\/wp-json\/wp\/v2\/comments?post=722238"}],"version-history":[{"count":0,"href":"https:\/\/www.europesays.com\/es\/wp-json\/wp\/v2\/posts\/722238\/revisions"}],"wp:featuredmedia":[{"embeddable":true,"href":"https:\/\/www.europesays.com\/es\/wp-json\/wp\/v2\/media\/722239"}],"wp:attachment":[{"href":"https:\/\/www.europesays.com\/es\/wp-json\/wp\/v2\/media?parent=722238"}],"wp:term":[{"taxonomy":"category","embeddable":true,"href":"https:\/\/www.europesays.com\/es\/wp-json\/wp\/v2\/categories?post=722238"},{"taxonomy":"post_tag","embeddable":true,"href":"https:\/\/www.europesays.com\/es\/wp-json\/wp\/v2\/tags?post=722238"}],"curies":[{"name":"wp","href":"https:\/\/api.w.org\/{rel}","templated":true}]}}