{"id":722280,"date":"2026-08-20T20:27:33","date_gmt":"2026-08-20T20:27:33","guid":{"rendered":"https:\/\/www.europesays.com\/es\/722280\/"},"modified":"2026-08-20T20:27:33","modified_gmt":"2026-08-20T20:27:33","slug":"el-fabuloso-sabicas-un-documental-para-conocer-mejor-a-uno-de-los-genios-de-la-guitarra-espanola","status":"publish","type":"post","link":"https:\/\/www.europesays.com\/es\/722280\/","title":{"rendered":"\u00abEl fabuloso Sabicas\u00bb un documental para conocer mejor a uno de los genios de la guitarra espa\u00f1ola"},"content":{"rendered":"<p>Toni Sasal produce el documental que profundiza en los or\u00edgenes del considerado maestro de la guitarra<\/p>\n<p>              <strong>TP<\/strong><\/p>\n<p>Para aquellos que piensen que el flamenco es solo cosa del sur, hoy recordamos a uno de los predecesores de la guitarra flamenca: Agust\u00edn Castell\u00f3n Campos \u00abSabicas\u00bb. El pamplon\u00e9s fue inspiraci\u00f3n para artistas emblem\u00e1ticos como Paco de Luc\u00eda o Manzanita.<\/p>\n<p>Desde los ojos y el conocimiento de Toni Sasal, productor del documental \u00abEl fabuloso Sabicas\u00bb, nos adentramos en la fascinante trayectoria de nuestro tocador flamenco, conmemorando el sonido caracter\u00edstico, \u00e1gil y transparente de su guitarra, que lo llev\u00f3 a conquistar escenarios de todo el mundo.<\/p>\n","protected":false},"excerpt":{"rendered":"Toni Sasal produce el documental que profundiza en los or\u00edgenes del considerado maestro de la guitarra TP Para&hellip;\n","protected":false},"author":2,"featured_media":722281,"comment_status":"","ping_status":"","sticky":false,"template":"","format":"standard","meta":{"footnotes":""},"categories":[169],"tags":[128993,177,146,147,25,24,176,175,109230,133,1448,1986,1987,23],"class_list":["post-722280","post","type-post","status-publish","format-standard","has-post-thumbnail","category-cine","tag-el-fabuloso-sabicas-un-documental-para-conocer-mejor-a-uno-de-los-genios-de-la-guitarra-espanola","tag-cine","tag-entertainment","tag-entretenimiento","tag-es","tag-espana","tag-film","tag-movies","tag-navarra-informativos","tag-online","tag-radio","tag-rne","tag-rtve-play","tag-spain"],"share_on_mastodon":{"url":"https:\/\/pubeurope.com\/@es\/117129723635452369","error":""},"_links":{"self":[{"href":"https:\/\/www.europesays.com\/es\/wp-json\/wp\/v2\/posts\/722280","targetHints":{"allow":["GET"]}}],"collection":[{"href":"https:\/\/www.europesays.com\/es\/wp-json\/wp\/v2\/posts"}],"about":[{"href":"https:\/\/www.europesays.com\/es\/wp-json\/wp\/v2\/types\/post"}],"author":[{"embeddable":true,"href":"https:\/\/www.europesays.com\/es\/wp-json\/wp\/v2\/users\/2"}],"replies":[{"embeddable":true,"href":"https:\/\/www.europesays.com\/es\/wp-json\/wp\/v2\/comments?post=722280"}],"version-history":[{"count":0,"href":"https:\/\/www.europesays.com\/es\/wp-json\/wp\/v2\/posts\/722280\/revisions"}],"wp:featuredmedia":[{"embeddable":true,"href":"https:\/\/www.europesays.com\/es\/wp-json\/wp\/v2\/media\/722281"}],"wp:attachment":[{"href":"https:\/\/www.europesays.com\/es\/wp-json\/wp\/v2\/media?parent=722280"}],"wp:term":[{"taxonomy":"category","embeddable":true,"href":"https:\/\/www.europesays.com\/es\/wp-json\/wp\/v2\/categories?post=722280"},{"taxonomy":"post_tag","embeddable":true,"href":"https:\/\/www.europesays.com\/es\/wp-json\/wp\/v2\/tags?post=722280"}],"curies":[{"name":"wp","href":"https:\/\/api.w.org\/{rel}","templated":true}]}}