{"id":722402,"date":"2026-08-20T22:01:11","date_gmt":"2026-08-20T22:01:11","guid":{"rendered":"https:\/\/www.europesays.com\/es\/722402\/"},"modified":"2026-08-20T22:01:11","modified_gmt":"2026-08-20T22:01:11","slug":"unal-y-mojica-encienden-el-coliseum-y-el-getafe-esta-a-un-paso-de-clasificarse-a-la-conference-league-futbol-deportes","status":"publish","type":"post","link":"https:\/\/www.europesays.com\/es\/722402\/","title":{"rendered":"\u00dcnal y Mojica encienden el Coliseum y el Getafe est\u00e1 a un paso de clasificarse a la Conference League | F\u00fatbol | Deportes"},"content":{"rendered":"<p class=\"\">Enes \u00dcnal y Johan Mojica lideraron el triunfo del Getafe ante el Partiz\u00e1n (3-1), un resultado que encarril\u00f3 en los \u00faltimos minutos despu\u00e9s de jugar m\u00e1s de media hora con diez por la expulsi\u00f3n de Abqar y que le permitir\u00e1 viajar con dos goles de ventaja a Belgrado, donde <a href=\"https:\/\/elpais.com\/deportes\/futbol\/2026-05-27\/el-crystal-palace-apaga-la-ilusion-del-rayo-vallecano-en-la-final-de-la-conference-league.html\" target=\"_self\" rel=\"nofollow noopener\" title=\"https:\/\/elpais.com\/deportes\/futbol\/2026-05-27\/el-crystal-palace-apaga-la-ilusion-del-rayo-vallecano-en-la-final-de-la-conference-league.html\">buscar\u00e1 certificar su clasificaci\u00f3n para la fase de grupos de la Liga Conferencia<\/a>. Exactamente seis a\u00f1os y seis meses despu\u00e9s del \u00faltimo partido europeo que disfrut\u00f3 el Coliseum (el Ajax en los dieciseisavos de final de la Liga Europa), el Getafe se encontr\u00f3 con otro duelo continental. Otra vez con Jos\u00e9 Bordal\u00e1s al frente despu\u00e9s de un trabajo excelso a lo largo de 38 jornadas de la pasada Liga. Eso s\u00ed, el esfuerzo de casi 3.500 minutos se iba a decidir en 180. Enfrente, un hist\u00f3rico venido a menos. El Partizan brill\u00f3 all\u00e1 por los a\u00f1os 60, cuando lleg\u00f3 a perder una final de la Copa de Europa ante el Real Madrid. Desde entonces, ha vivido de los recuerdos. <\/p>\n<p class=\"\">A priori, era un rival m\u00e1s d\u00e9bil, pero la realidad es que<a href=\"https:\/\/elpais.com\/deportes\/futbol\/2026-08-15\/el-alaves-sella-un-gran-arranque-ante-el-getafe.html\" target=\"_self\" rel=\"nofollow noopener\" title=\"https:\/\/elpais.com\/deportes\/futbol\/2026-08-15\/el-alaves-sella-un-gran-arranque-ante-el-getafe.html\"> al Getafe le cuesta arrancar las temporadas<\/a>. Suele tener un problema: se van muchos jugadores y vienen muchos nuevos. En esta ocasi\u00f3n, perdi\u00f3 pilares como Arambarri, Juan Iglesias o Milla. A cambio, llegaron nueve caras nuevas, alguna con la camiseta puesta desde casa. Fue el caso de Francho, que apenas complet\u00f3 un par de entrenamientos y entr\u00f3 directo en el once de Bordal\u00e1s por la ausencia de \u00faltima hora de Mario Mart\u00edn. El t\u00e9cnico azul\u00f3n tambi\u00e9n dio la titularidad a Enes \u00dcnal, suplente en la derrota ante el Alav\u00e9s (3-0) en el estreno liguero del Getafe. La otra novedad, el colombiano Johan Mojica, fue muy protagonista junto al turco. <\/p>\n<p class=\"\">Juntos fabricaron el primer tanto del partido. Pronto, a los nueve minutos y gracias a un centro preciso desde la banda izquierda del sudamericano. \u00dcnal entr\u00f3 solo y, de volea, abri\u00f3 el marcador. Fue el premio a un inicio preciso del Getafe, que tambi\u00e9n dispuso de un mano a mano del uruguayo Mart\u00edn Satriano salvado pr\u00e1cticamente sobre la l\u00ednea por un defensa. El delantero turco estaba fino, ligero y en forma. Un punto por encima del resto. Como Mangala, que gobern\u00f3 bien el centro del campo y dej\u00f3 muy buenas sensaciones como sustituto de Arambarri. Pero a ese \u00edmpetu inicial, que alcanz\u00f3 hasta casi la media hora, le sucedi\u00f3 un \u00faltimo cuarto gris. Bajaron las revoluciones y el Partiz\u00e1n, que no hab\u00eda dado se\u00f1ales de vida, se encontr\u00f3 con un gol: contragolpe dirigido por Jeh y bien rematado por Seck. Y justo despu\u00e9s, el descanso. Vuelta a empezar. El conjunto serbio ten\u00eda el partido donde quer\u00eda. <\/p>\n<p class=\"\">El resultado era bueno y procedi\u00f3 a jugar como suele hacer el Getafe: f\u00fatbol rocoso, intenso, perdidas de tiempo y esperar a rematar la faena. Lo pudo hacer con un remate al larguero de cabeza de Jeh al que le sigui\u00f3 la expulsi\u00f3n de Abqar. Con amarilla, el defensa azul\u00f3n lleg\u00f3 tarde a un cruce ante Miladinovic y se fue a la calle. El Getafe ten\u00eda 35 minutos para aguantar o jugar a los h\u00e9roes. Y jug\u00f3 a lo segundo. Firm\u00f3 una proeza. Enes \u00dcnal avis\u00f3 con un tiro al palo y se anim\u00f3 al final, con una jugada al borde del \u00e1rea en la que se deshizo de unos cuantos rivales. La pelota lleg\u00f3 a Satriano y despu\u00e9s a Andr\u00e9s Garc\u00eda, que la empuj\u00f3 a la red para elevar al marcador un sufrido 2-1. Y no fue el final, porque Mojica, excepcional todo el partido, apareci\u00f3 cuando el choque agonizaba para hacer el 3-1 que no ser\u00e1 definitivo. En Serbia, espera una caldera.<\/p>\n","protected":false},"excerpt":{"rendered":"Enes \u00dcnal y Johan Mojica lideraron el triunfo del Getafe ante el Partiz\u00e1n (3-1), un resultado que encarril\u00f3&hellip;\n","protected":false},"author":2,"featured_media":722403,"comment_status":"","ping_status":"","sticky":false,"template":"","format":"standard","meta":{"footnotes":""},"categories":[93],"tags":[1540,168,1539,25,24,22256,282,1538,3303,24538,76491,23,167],"class_list":["post-722402","post","type-post","status-publish","format-standard","has-post-thumbnail","category-deportes","tag-competiciones","tag-deportes","tag-entrenadores","tag-es","tag-espana","tag-europa-conference-league","tag-futbol","tag-futbolistas","tag-getafe-cf","tag-jose-bordalas","tag-partizan-de-belgrado-futbol","tag-spain","tag-sports"],"share_on_mastodon":{"url":"https:\/\/pubeurope.com\/@es\/117130093461564098","error":""},"_links":{"self":[{"href":"https:\/\/www.europesays.com\/es\/wp-json\/wp\/v2\/posts\/722402","targetHints":{"allow":["GET"]}}],"collection":[{"href":"https:\/\/www.europesays.com\/es\/wp-json\/wp\/v2\/posts"}],"about":[{"href":"https:\/\/www.europesays.com\/es\/wp-json\/wp\/v2\/types\/post"}],"author":[{"embeddable":true,"href":"https:\/\/www.europesays.com\/es\/wp-json\/wp\/v2\/users\/2"}],"replies":[{"embeddable":true,"href":"https:\/\/www.europesays.com\/es\/wp-json\/wp\/v2\/comments?post=722402"}],"version-history":[{"count":0,"href":"https:\/\/www.europesays.com\/es\/wp-json\/wp\/v2\/posts\/722402\/revisions"}],"wp:featuredmedia":[{"embeddable":true,"href":"https:\/\/www.europesays.com\/es\/wp-json\/wp\/v2\/media\/722403"}],"wp:attachment":[{"href":"https:\/\/www.europesays.com\/es\/wp-json\/wp\/v2\/media?parent=722402"}],"wp:term":[{"taxonomy":"category","embeddable":true,"href":"https:\/\/www.europesays.com\/es\/wp-json\/wp\/v2\/categories?post=722402"},{"taxonomy":"post_tag","embeddable":true,"href":"https:\/\/www.europesays.com\/es\/wp-json\/wp\/v2\/tags?post=722402"}],"curies":[{"name":"wp","href":"https:\/\/api.w.org\/{rel}","templated":true}]}}