{"id":722784,"date":"2026-08-21T03:23:32","date_gmt":"2026-08-21T03:23:32","guid":{"rendered":"https:\/\/www.europesays.com\/es\/722784\/"},"modified":"2026-08-21T03:23:32","modified_gmt":"2026-08-21T03:23:32","slug":"jose-luis-horcajo-se-hace-hueco-en-la-primera-plantilla","status":"publish","type":"post","link":"https:\/\/www.europesays.com\/es\/722784\/","title":{"rendered":"Jos\u00e9 Luis Horcajo se hace hueco en la primera plantilla"},"content":{"rendered":"<p>Del Primera Nacional al Tercera FEB. Nueva &#8216;incorporaci\u00f3n&#8217; para el primer equipo del \u00d3bila Club de Basket, donde este curso contar\u00e1 con\u00a0 ficha Jos\u00e9 Luis Horcajo, canterano del equipo y que ya sabe lo que es &#8216;jugar&#8217; con el primer equipo, con el que debutaba la temporada 2024-25. Volver\u00eda a tener minutos el curso pasado, cuando Antonio D\u00e9niz volvi\u00f3 a hacerle salir a pista.Dos a\u00f1os tras el que el alero abulense se consolida como jugador del primer equipo que entrenar\u00e1 Alberto Jim\u00e9nez.\u00a0 \u00a0<\/p>\n<p>Remarca as\u00ed el club verder\u00f3n su apuesta por la cantera. \u00abUn ejemplo m\u00e1s de progresi\u00f3n desde nuestra cantera y tambi\u00e9n ejemplo de la l\u00ednea deportiva que quiere seguir el club promocionando y abriendo las puertas del primer equipo a los nuestros\u00bb apuntan desde el \u00d3bila Center. \u00abMerecido salto al equipo FEB ya que en los partidos que pudo ir convocado demostr\u00f3 su potencial para ayudar en muchos aspectos del juego.Este a\u00f1o aspira a actuar con regularidad y consolidarse en la categor\u00eda\u00bb apuntan tras una temporada 2025-2026 en la que tuvo la oportunidad de disputar un total 47 minutos repartidos en cuatro encuentros \u2013liga regular y playoffs\u2013 con 12 puntos sumados y 12 rebotes.\u00a0<\/p>\n<p>\u00abSe trata de un alero muy f\u00edsico que trabaja sin ning\u00fan ego\u00edsmo y de forma muy solvente en defensa, rebote y lectura de juego colectivo. Capacidad para correr la pista y finalizar al aro\u00bb apuntan desde el club verder\u00f3n ante las principales virtudes del jugador que desde hace dos a\u00f1os ya trabaja en la din\u00e1mica del primer equipo.\u00a0 De este modo Jos\u00e9 Luis Horcajo (alero) se suma a Mauro Carretero (escolta), Dani Carretero (alero), Carlos Hern\u00e1ndez (alero) o Alberto Mart\u00edn (alap\u00edvot), todos ellos canteranos, junto al base gallego Anxo Iglesias (Ulla Oil Rosal\u00eda) y el alap\u00edvot neerland\u00e9s Thijs Heuker (LWD Basket).<\/p>\n","protected":false},"excerpt":{"rendered":"Del Primera Nacional al Tercera FEB. Nueva &#8216;incorporaci\u00f3n&#8217; para el primer equipo del \u00d3bila Club de Basket, donde&hellip;\n","protected":false},"author":2,"featured_media":722785,"comment_status":"","ping_status":"","sticky":false,"template":"","format":"standard","meta":{"footnotes":""},"categories":[269],"tags":[20622,299,298,168,25,24,2612,3923,129063,112865,23,167],"class_list":["post-722784","post","type-post","status-publish","format-standard","has-post-thumbnail","category-baloncesto","tag-alberto-martin","tag-baloncesto","tag-basketball","tag-deportes","tag-es","tag-espana","tag-feb","tag-federacion-espanola-de-baloncesto","tag-jose-luis-horcajo","tag-obila-cb","tag-spain","tag-sports"],"share_on_mastodon":{"url":"https:\/\/pubeurope.com\/@es\/117131359450324989","error":""},"_links":{"self":[{"href":"https:\/\/www.europesays.com\/es\/wp-json\/wp\/v2\/posts\/722784","targetHints":{"allow":["GET"]}}],"collection":[{"href":"https:\/\/www.europesays.com\/es\/wp-json\/wp\/v2\/posts"}],"about":[{"href":"https:\/\/www.europesays.com\/es\/wp-json\/wp\/v2\/types\/post"}],"author":[{"embeddable":true,"href":"https:\/\/www.europesays.com\/es\/wp-json\/wp\/v2\/users\/2"}],"replies":[{"embeddable":true,"href":"https:\/\/www.europesays.com\/es\/wp-json\/wp\/v2\/comments?post=722784"}],"version-history":[{"count":0,"href":"https:\/\/www.europesays.com\/es\/wp-json\/wp\/v2\/posts\/722784\/revisions"}],"wp:featuredmedia":[{"embeddable":true,"href":"https:\/\/www.europesays.com\/es\/wp-json\/wp\/v2\/media\/722785"}],"wp:attachment":[{"href":"https:\/\/www.europesays.com\/es\/wp-json\/wp\/v2\/media?parent=722784"}],"wp:term":[{"taxonomy":"category","embeddable":true,"href":"https:\/\/www.europesays.com\/es\/wp-json\/wp\/v2\/categories?post=722784"},{"taxonomy":"post_tag","embeddable":true,"href":"https:\/\/www.europesays.com\/es\/wp-json\/wp\/v2\/tags?post=722784"}],"curies":[{"name":"wp","href":"https:\/\/api.w.org\/{rel}","templated":true}]}}