{"id":722862,"date":"2026-08-21T04:29:31","date_gmt":"2026-08-21T04:29:31","guid":{"rendered":"https:\/\/www.europesays.com\/es\/722862\/"},"modified":"2026-08-21T04:29:31","modified_gmt":"2026-08-21T04:29:31","slug":"turnos-de-20-horas-y-bases-sin-agua-ni-luz-los-bomberos-forestales-exhaustos-tras-un-verano-de-incendios-siguen-de-huelga","status":"publish","type":"post","link":"https:\/\/www.europesays.com\/es\/722862\/","title":{"rendered":"Turnos de 20 horas y bases sin agua ni luz: los bomberos forestales, \u00abexhaustos\u00bb tras un verano de incendios, siguen de huelga"},"content":{"rendered":"<p class=\"article-text\">\n        \u201cAgotados\u201d y con el recuerdo de los dos compa\u00f1eros que han perdido la vida esta semana ejerciendo su trabajo. As\u00ed se han concentrado este jueves decenas de bomberos forestales de Arag\u00f3n frente a las puertas de la sede del Gobierno de la comunidad para protestar una vez m\u00e1s por sus condiciones laborales, en el segundo d\u00eda de la huelga indefinida que han planteado. Muchos de ellos han acudido con sus uniformes de trabajo y a la protesta se han acercado tambi\u00e9n ciudadanos para mostrar su apoyo a los trabajadores. Entre consignas como \u201cM\u00e1s bomberos y menos consejeros\u201d, \u201cM\u00e1s bomberas y menos consejeras\u201d o \u201cAzc\u00f3n, despierta, el fuego est\u00e1 en tu puerta\u201d, los bomberos han reclamado \u201cdignidad laboral al bombero forestal\u201d y han reivindicado su papel como \u201cfundamental\u201d.\n    <\/p>\n<p class=\"article-text\">\n        La movilizaci\u00f3n cuenta con unos servicios m\u00ednimos del 100%, por lo que los efectivos contin\u00faan trabajando con normalidad en los incendios y el resto de emergencias mientras mantienen sus reivindicaciones. Muchos de los bomberos que han participado en la concentraci\u00f3n han estado estos \u00faltimos d\u00edas trabajando en el incendio de Las Pe\u00f1as de Riglos, donde denuncian haber afrontado jornadas de m\u00e1s de 20 horas y unas condiciones laborales deficientes. \u201cNo se cumplen los tiempos de descanso\u201d, han se\u00f1alado, adem\u00e1s de denunciar bases sin luz, agua caliente o sanitarios y unos avituallamientos que consideran \u201cinsuficientes\u201d para afrontar jornadas de extinci\u00f3n tan intensas.\n    <\/p>\n<p class=\"article-text\">\n        Pero Riglos no ha sido el \u00fanico frente. Como recuerda Lourdes Mu\u00f1oz, delegada de UGT y bombera forestal de R36, durante estos d\u00edas se han sucedido numerosos incendios a los que los efectivos han tenido que acudir mientras buena parte del operativo permanec\u00eda concentrado en el fuego de Las Pe\u00f1as de Riglos por su gravedad. \u201cEstamos dando todos el 100% como siempre, a pesar de que ya estamos extenuados y cansados\u201d, ha explicado Mu\u00f1oz, que ha se\u00f1alado que este verano los incendios est\u00e1n siendo especialmente \u201cvirulentos\u201d. En el caso de Riglos, ha relatado, \u201cen menos de media hora\u201d el fuego se volvi\u00f3 \u201cincontrolable\u201d y qued\u00f3 fuera de la capacidad de extinci\u00f3n.\n    <\/p>\n<p>            <img decoding=\"async\" class=\"lazy\" loading=\"lazy\" data-src=\"https:\/\/static.eldiario.es\/clip\/f6da08f7-ed46-4f2d-bb63-8f44b2ec878f_16-9-discover-aspect-ratio_default_0.jpg\" src=\"data:image\/svg+xml,%3Csvg xmlns=\" http:=\"\" viewbox=\"0 0 1200 675\" alt=\"Los bomberos forestales concentrados apoyan la manifestaci\u00f3n del pr\u00f3ximo s\u00e1bado en Jaca\"\/><\/p>\n<p class=\"article-text\">\n        A su juicio, la situaci\u00f3n no responde \u00fanicamente a las horas que acumulan los trabajadores, sino a unos descansos \u201cinsuficientes\u201d y a un operativo \u201cinfradimensionado\u201d que necesita m\u00e1s personal y medios para adaptarse a los incendios actuales. \u201cLo normal es estar en tu trabajo en tu hora ordinaria cuando te activan para un incendio y sumar las horas de llegada, desplazamiento, las 12 horas de extinci\u00f3n y el regreso\u201d, ha explicado. En muchas ocasiones, ha a\u00f1adido, estas jornadas \u201csuelen exceder las 20 o 24 horas\u201d. Durante la protesta, los bomberos forestales han animado adem\u00e1s a la ciudadan\u00eda a sumarse este domingo a la<a href=\"https:\/\/www.eldiario.es\/aragon\/sociedad\/pirineo-digno-convoca-manifestacion-jaca-reclamar-responsabilidades-politicas-incendio-riglos_1_13449904.html\" target=\"_blank\" data-mrf-recirculation=\"links-noticia\" class=\"link\" rel=\"nofollow noopener\"> manifestaci\u00f3n convocada en Jaca por la plataforma Pirineo Digno. <\/a>\n    <\/p>\n<p>    Reclaman m\u00e1s personal, medios y el reconocimiento de su profesi\u00f3n<\/p>\n<p class=\"article-text\">\n        Los representantes del comit\u00e9 de huelga han vuelto a poner sobre la mesa las principales reivindicaciones que les han llevado a iniciar una huelga indefinida. Carlos Mart\u00ednez, delegado de OSTA y presidente del comit\u00e9 de empresa de Sarga, las resume en dos grandes cuestiones: la falta de inversi\u00f3n en el operativo y el incumplimiento de la ley de bomberos forestales, aprobada en 2024. \u201cLas carencias que tiene el operativo son por la falta de inversi\u00f3n. Hacen falta medios, materiales y medios humanos\u201d, ha se\u00f1alado. Tambi\u00e9n reclama que se haga efectivo el reconocimiento de la categor\u00eda profesional de los bomberos forestales, algo que, seg\u00fan denuncia, todav\u00eda no se ha producido.\n    <\/p>\n<p class=\"article-text\">\n        Los representantes sindicales reclaman adem\u00e1s 352 efectivos m\u00e1s para que el operativo pueda afrontar los relevos y evitar las jornadas maratonianas que est\u00e1n soportando los trabajadores. \u201cEstamos hablando de un m\u00ednimo para empezar a evitar estas jornadas de m\u00e1s de 20 horas\u201d, ha apuntado Mart\u00ednez.\n    <\/p>\n<p>            <img decoding=\"async\" class=\"lazy\" loading=\"lazy\" data-src=\"https:\/\/static.eldiario.es\/clip\/24a13806-36f4-4456-9e54-c14a8f883d00_16-9-aspect-ratio_default_1149585.jpg\" src=\"data:image\/svg+xml,%3Csvg xmlns=\" http:=\"\" viewbox=\"0 0 2150 1209\" alt=\"Protesta de los bomberos forestales a las puertas del Gobierno de Arag\u00f3n\"\/><\/p>\n<p class=\"article-text\">\n        El delegado de OSTA ha denunciado tambi\u00e9n que se est\u00e1n incumpliendo las condiciones que establece la normativa de prevenci\u00f3n de riesgos laborales. \u201cHay unas bases que no cumplen las condiciones m\u00ednimas que tiene que tener un centro de trabajo: sin luz, sin agua, sin sanitarios, gente teniendo que hacer sus necesidades en la calle\u201d, ha relatado. A ello suma unos avituallamientos que, a su juicio, no aportan la energ\u00eda y los nutrientes necesarios para trabajos de esta intensidad.\n    <\/p>\n<p class=\"article-text\">\n        Rub\u00e9n Garc\u00eda Ar\u00e9valo, delegado de CGT y bombero forestal de la helitransportada de Brea, ha advertido adem\u00e1s del incremento del riesgo de accidentes provocado por los \u201cturnos infinitos\u201d y el cansancio. \u201cAl final la vocaci\u00f3n es la que nos lleva a pensar m\u00e1s en el incendio que incluso en la huelga\u201d, ha afirmado, antes de se\u00f1alar que el cansancio acumulado eleva el riesgo de sufrir accidentes laborales.\n    <\/p>\n<p class=\"article-text\">\n        Garc\u00eda ha defendido tambi\u00e9n la necesidad de reforzar el operativo m\u00e1s all\u00e1 de la campa\u00f1a de incendios. La ley de bomberos forestales establece que estos profesionales deben estar preparados para intervenir en otras emergencias en el medio rural y, seg\u00fan ha explicado, los propios trabajadores est\u00e1n form\u00e1ndose por su cuenta mientras esperan que se desarrollen los mecanismos previstos para esa formaci\u00f3n. \u201cNecesitamos un nuevo modelo operativo que nos permita tener unos relevos acordes al siglo XXI, unas herramientas acordes al siglo XXI y una manera de prevenci\u00f3n y extinci\u00f3n de incendios acorde al siglo XXI\u201d, ha reclamado.\n    <\/p>\n<p>    Los sindicatos cuestionan que la negociaci\u00f3n se aplace a septiembre<\/p>\n<p class=\"article-text\">\n        La protesta llega despu\u00e9s de que el consejero de Interior, Roberto Berm\u00fadez de Castro, haya emplazado a los bomberos forestales a septiembre para sentarse a negociar. El consejero ha pedido \u201ccalma\u201d y ha asegurado que el Gobierno de Arag\u00f3n se sentar\u00e1 a la mesa y trabajar\u00e1 para mejorar sus condiciones laborales. Tambi\u00e9n ha defendido que la futura agencia de emergencias incorporar\u00e1 elementos de la extinci\u00f3n de incendios forestales, aunque ha admitido que todav\u00eda est\u00e1 por concretar c\u00f3mo se articular\u00e1. Berm\u00fadez de Castro ha reivindicado adem\u00e1s que el Gobierno de Arag\u00f3n ya ampli\u00f3 a doce meses la contrataci\u00f3n de los trabajadores y ha asegurado que los pr\u00f3ximos presupuestos contemplar\u00e1n \u201cpartidas muy importantes\u201d para mejorar sus condiciones, las bases y los medios del operativo.\n    <\/p>\n<p class=\"article-text\">\n        El presidente de Arag\u00f3n, Jorge Azc\u00f3n, ha defendido este jueves que los medios destinados a la lucha contra los incendios se han incrementado durante los \u00faltimos a\u00f1os, con 57 efectivos m\u00e1s, nuevas autobombas y brigadas que trabajan durante todo el a\u00f1o, aunque ha reconocido que \u201cno es suficiente\u201d. \u201cTenemos que multiplicar los medios, tanto en la limpieza de los bosques como los medios que tienen las brigadas para luchar contra los incendios, y es lo que vamos a hacer y en lo que estamos trabajando\u201d, ha se\u00f1alado. Azc\u00f3n ha situado entre las pr\u00f3ximas medidas la creaci\u00f3n de la Agencia de Emergencias de Arag\u00f3n, que ha calificado de \u201cinminente\u201d, y ha avanzado un plan presupuestario \u201ccomo nunca se ha hecho en la Comunidad Aut\u00f3noma\u201d. \u201cLos pasos que se han dado han sido muchos, pero los nuevos incendios a los que nos enfrentamos hacen que las medidas que se tengan que tomar sean extraordinarias\u201d, ha afirmado.\n    <\/p>\n<p class=\"article-text\">\n        Los bomberos forestales cuestionan, sin embargo, que no se empiece a negociar ya. El comit\u00e9 de huelga ha se\u00f1alado que, a d\u00eda de hoy, la Administraci\u00f3n \u201ctodav\u00eda no se ha sentado\u201d con sus representantes para abordar sus reivindicaciones con capacidad real de negociaci\u00f3n. En un comunicado difundido este jueves, reclaman interlocutores con capacidad de decisi\u00f3n, fechas y propuestas concretas. \u201cNegociar no es anunciar que se va a negociar. Negociar es sentarse, escuchar, hacer propuestas y asumir compromisos\u201d, sostiene el comit\u00e9, que mantiene la huelga indefinida iniciada el 18 de agosto ante la falta de respuestas.\n    <\/p>\n<p>            <img decoding=\"async\" class=\"lazy\" loading=\"lazy\" data-src=\"https:\/\/static.eldiario.es\/clip\/072f008d-83f6-4bc4-a025-379fa8ad04ca_16-9-discover-aspect-ratio_default_0.jpg\" src=\"data:image\/svg+xml,%3Csvg xmlns=\" http:=\"\" viewbox=\"0 0 1200 675\" alt=\"Protesta de los bomberos forestales a las puertas del Gobierno de Arag\u00f3n\"\/><\/p>\n<p class=\"article-text\">\n        Mart\u00ednez ha insistido en esta misma idea durante la concentraci\u00f3n. \u201cNo sabemos si va a ser final de a\u00f1o del 2026, final de a\u00f1o del 2030\u201d, ha ironizado sobre los plazos vinculados a la futura agencia de emergencias. Los trabajadores aseguran que no pueden esperar a una estructura que todav\u00eda desconocen c\u00f3mo se organizar\u00e1, qui\u00e9n la integrar\u00e1 o bajo qu\u00e9 condiciones funcionar\u00e1. \u201cLas necesidades que estamos poniendo encima de la mesa son las necesidades ya\u201d, ha recalcado Garc\u00eda. Para los bomberos forestales, adem\u00e1s, aumentar la plantilla no servir\u00eda \u00fanicamente para afrontar los relevos durante el verano: permitir\u00eda reforzar durante el invierno las labores de prevenci\u00f3n y limpieza de montes y mejorar la respuesta ante otras emergencias, como inundaciones o grandes nevadas.\n    <\/p>\n<p class=\"article-text\">\n        El comit\u00e9 de huelga ha insistido as\u00ed en que la movilizaci\u00f3n no responde \u00fanicamente a la situaci\u00f3n excepcional de este verano. \u201cEsto no viene de este a\u00f1o\u201d, ha se\u00f1alado Garc\u00eda, que ha recordado que las reclamaciones sobre falta de inversi\u00f3n y medios se arrastran desde hace a\u00f1os.\n    <\/p>\n<p class=\"article-text\">\n        Mientras tanto, los bomberos forestales contin\u00faan trabajando en los incendios que siguen activos y reclaman que el Gobierno de Arag\u00f3n se siente con ellos \u201cya\u201d. Ang\u00e9lica Mazo, portavoz de UGT, ha cuestionado que el Ejecutivo haya mantenido reuniones estos d\u00edas con otros colectivos de emergencias mientras, seg\u00fan denuncia, no ha hecho lo mismo con los bomberos forestales de Sarga. \u201cSi hay una mesa para unos, si tienen tiempo para reunirse con unos, tienen que tener tiempo para reunirse con nosotros\u201d, ha reclamado.\n    <\/p>\n<p>    <a href=\"https:\/\/www.eldiario.es\/aragon\/sociedad\/pirineo-digno-convoca-manifestacion-jaca-reclamar-responsabilidades-politicas-incendio-riglos_1_13449904.html\" data-mrf-recirculation=\"saber-mas-abajo\" data-dl-event=\"saber-mas-abajo\" rel=\"nofollow noopener\" target=\"_blank\"><\/p>\n<p class=\"know-more__title\">Pirineo Digno convoca una manifestaci\u00f3n en Jaca para reclamar responsabilidades pol\u00edticas por el incendio de Riglos\n<\/p>\n<p>            <img decoding=\"async\" class=\"lazy\" loading=\"lazy\" data-src=\"https:\/\/static.eldiario.es\/clip\/34a8dfde-520d-4ae4-a532-feacfef72db9_16-9-aspect-ratio_default_0_x537y304.jpg\" src=\"data:image\/svg+xml,%3Csvg xmlns=\" http:=\"\" viewbox=\"0 0 880 495\" alt=\"Pirineo Digno convoca una manifestaci\u00f3n en Jaca para reclamar responsabilidades pol\u00edticas por el incendio de Riglos\"\/><\/p>\n<p>                        <\/a><\/p>\n<p class=\"article-text\">\n        El comit\u00e9 mantiene por ahora la huelga indefinida y reclama que el Gobierno de Arag\u00f3n pase de los anuncios a las propuestas concretas. \u201cLos bomberos y bomberas forestales no necesitamos m\u00e1s anuncios, promesas ni declaraciones de buenas intenciones\u201d, recoge su comunicado. \u201cNecesitamos compromisos reales, fechas, propuestas concretas y soluciones concretas\u201d.\n    <\/p>\n","protected":false},"excerpt":{"rendered":"\u201cAgotados\u201d y con el recuerdo de los dos compa\u00f1eros que han perdido la vida esta semana ejerciendo su&hellip;\n","protected":false},"author":2,"featured_media":722863,"comment_status":"","ping_status":"","sticky":false,"template":"","format":"standard","meta":{"footnotes":""},"categories":[5],"tags":[517,4499,17,18,13616,13612,13613,25,24,13,14,13617,11,1265,19,20,13615,9,10,15,16,13614,952,492,23,12731,12,21,22,491],"class_list":["post-722862","post","type-post","status-publish","format-standard","has-post-thumbnail","category-titulares","tag-actualidad","tag-aragon","tag-breaking-news","tag-breakingnews","tag-celia-soria","tag-eldiario","tag-elprismatico","tag-es","tag-espana","tag-featured-news","tag-featurednews","tag-fernando-garcia-mongay","tag-headlines","tag-huesca","tag-latest-news","tag-latestnews","tag-marimar-cabrera","tag-news","tag-noticias","tag-noticias-destacadas","tag-noticiasdestacadas","tag-oscar-f-civieta","tag-politica","tag-sociedad","tag-spain","tag-teruel","tag-titulares","tag-ultimas-noticias","tag-ultimasnoticias","tag-zaragoza"],"share_on_mastodon":{"url":"","error":"Validation failed: Text character limit of 500 exceeded"},"_links":{"self":[{"href":"https:\/\/www.europesays.com\/es\/wp-json\/wp\/v2\/posts\/722862","targetHints":{"allow":["GET"]}}],"collection":[{"href":"https:\/\/www.europesays.com\/es\/wp-json\/wp\/v2\/posts"}],"about":[{"href":"https:\/\/www.europesays.com\/es\/wp-json\/wp\/v2\/types\/post"}],"author":[{"embeddable":true,"href":"https:\/\/www.europesays.com\/es\/wp-json\/wp\/v2\/users\/2"}],"replies":[{"embeddable":true,"href":"https:\/\/www.europesays.com\/es\/wp-json\/wp\/v2\/comments?post=722862"}],"version-history":[{"count":0,"href":"https:\/\/www.europesays.com\/es\/wp-json\/wp\/v2\/posts\/722862\/revisions"}],"wp:featuredmedia":[{"embeddable":true,"href":"https:\/\/www.europesays.com\/es\/wp-json\/wp\/v2\/media\/722863"}],"wp:attachment":[{"href":"https:\/\/www.europesays.com\/es\/wp-json\/wp\/v2\/media?parent=722862"}],"wp:term":[{"taxonomy":"category","embeddable":true,"href":"https:\/\/www.europesays.com\/es\/wp-json\/wp\/v2\/categories?post=722862"},{"taxonomy":"post_tag","embeddable":true,"href":"https:\/\/www.europesays.com\/es\/wp-json\/wp\/v2\/tags?post=722862"}],"curies":[{"name":"wp","href":"https:\/\/api.w.org\/{rel}","templated":true}]}}