{"id":722972,"date":"2026-08-21T06:13:11","date_gmt":"2026-08-21T06:13:11","guid":{"rendered":"https:\/\/www.europesays.com\/es\/722972\/"},"modified":"2026-08-21T06:13:11","modified_gmt":"2026-08-21T06:13:11","slug":"horario-y-donde-ver-gratis-el-partido-amistoso-espana-nigeria-con-mariona-ortiz-y-nerea-hermosa","status":"publish","type":"post","link":"https:\/\/www.europesays.com\/es\/722972\/","title":{"rendered":"Horario y d\u00f3nde ver gratis el partido amistoso Espa\u00f1a-Nigeria con Mariona Ortiz y Nerea Hermosa"},"content":{"rendered":"<p class=\"c-paragraph\">Segundo amistoso para la selecci\u00f3n espa\u00f1ola de baloncesto femenino. <b>Despu\u00e9s de superar el pasado s\u00e1bado a Alemania (60-65), <\/b>en la localidad germana de Ludwigsburg, el conjunto que dirige Miguel M\u00e9ndez jugar\u00e1 este viernes contra Nigeria, la actual campeona de \u00c1frica. En el combinado nacional se encuentran <a href=\"https:\/\/www.heraldo.es\/noticias\/deportes\/baloncesto\/2026\/08\/03\/mariona-ortiz-nerea-hermosa-casademont-zaragoza-se-concentran-con-seleccion-espanola-2042060.html\" title=\"Mariona Ortiz y Nerea Hermosa, del Casademont Zaragoza, se concentran con la selecci\u00f3n espa\u00f1ola\" rel=\"nofollow noopener\" target=\"_blank\">dos jugadoras del Casademont Zaragoza, Mariona Ortiz y Nerea Hermosa.\u00a0<\/a><\/p>\n<p class=\"c-paragraph\">En el choque frente a las alemanas,<b> Iyana Mart\u00edn (19 puntos) e Irati Etxarri (10) fueron las m\u00e1ximas anotadoras<\/b> del combinado espa\u00f1ol. Adem\u00e1s, se estren\u00f3 con la selecci\u00f3n absoluta Marta Garc\u00eda. No participaron Mar\u00eda Ara\u00fajo, Elena Buenavida, Carolina Guerrero y Mariona Ortiz.<\/p>\n<p class=\"c-paragraph\">El partido que enfrenta a Espa\u00f1a con Nigeria, segundo encuentro de preparaci\u00f3n para el Mundial, se jugar\u00e1 <b>este viernes, 21 de agosto, a partir de las 21.00<\/b> -hora peninsular- en el pabell\u00f3n Santiago Mart\u00edn de Santa Cruz de Tenerife. El choque ser\u00e1 retransmitivo en directo por televisi\u00f3n a trav\u00e9s de Teledeporte.\u00a0\u00a0<\/p>\n<p>Las armas del rival<\/p>\n<p class=\"c-paragraph\">Nigeria, <b>vigente campeona del AfroBasket 2025, <\/b>destaca por su gran f\u00edsico y es una selecci\u00f3n que siempre compite. Sus mejores armas son la base Ezinne Kalu y las jugadoras interiores Murjanatu Musa y Victoria Macaulau.<\/p>\n<p class=\"c-paragraph\">El combinado nacional est\u00e1 <b>concentrado en Tenerife con 14 jugadoras. <\/b>Se trata de Alba Torrens, Elena Buenavida, Maite Cazorla, Mariona Ortiz, Mar\u00eda Ara\u00fajo, Paula Ginzo, Iyana Mart\u00edn, Helena Pueyo, Andrea Vilar\u00f3, Lola Pendande, Irati Etxarri, Aina Ayuso, Nerea Hermosa y Marta Garc\u00eda.\u00a0<\/p>\n<p class=\"c-paragraph\">Por su parte<b>, una vez que finalice la temporada en la WNBA <\/b>se incorpor\u00e1n al equipo las cinco jugadoras que est\u00e1n compitiendo all\u00ed: Mar\u00eda Conde, Raquel Carrera, Alicia Fl\u00f3rez, Megan Gustafson y Awa Fam.<\/p>\n<p class=\"c-paragraph\">Despu\u00e9s de medirse este viernes con Nigeria, Espa\u00f1a jugar\u00e1 otros tres encuentros de preparaci\u00f3n. <b>Se medir\u00e1 con B\u00e9lgica este domingo, <\/b>tambi\u00e9n en Tenerife, mientras que cerrar\u00e1 su ronda de partidos amistosos con un triangular en la capital aragonesa: ante Mali, el 29 de agosto, y frente a la selecci\u00f3n de China, un d\u00eda m\u00e1s tarde, en el pabell\u00f3n Pr\u00edncipe Felipe.\u00a0<\/p>\n","protected":false},"excerpt":{"rendered":"Segundo amistoso para la selecci\u00f3n espa\u00f1ola de baloncesto femenino. Despu\u00e9s de superar el pasado s\u00e1bado a Alemania (60-65),&hellip;\n","protected":false},"author":2,"featured_media":722973,"comment_status":"","ping_status":"","sticky":false,"template":"","format":"standard","meta":{"footnotes":""},"categories":[269],"tags":[3331,299,298,168,3169,25,24,319,1045,23,167,809],"class_list":["post-722972","post","type-post","status-publish","format-standard","has-post-thumbnail","category-baloncesto","tag-amistoso","tag-baloncesto","tag-basketball","tag-deportes","tag-donde","tag-es","tag-espana","tag-horario","tag-partido","tag-spain","tag-sports","tag-ver"],"share_on_mastodon":{"url":"","error":""},"_links":{"self":[{"href":"https:\/\/www.europesays.com\/es\/wp-json\/wp\/v2\/posts\/722972","targetHints":{"allow":["GET"]}}],"collection":[{"href":"https:\/\/www.europesays.com\/es\/wp-json\/wp\/v2\/posts"}],"about":[{"href":"https:\/\/www.europesays.com\/es\/wp-json\/wp\/v2\/types\/post"}],"author":[{"embeddable":true,"href":"https:\/\/www.europesays.com\/es\/wp-json\/wp\/v2\/users\/2"}],"replies":[{"embeddable":true,"href":"https:\/\/www.europesays.com\/es\/wp-json\/wp\/v2\/comments?post=722972"}],"version-history":[{"count":0,"href":"https:\/\/www.europesays.com\/es\/wp-json\/wp\/v2\/posts\/722972\/revisions"}],"wp:featuredmedia":[{"embeddable":true,"href":"https:\/\/www.europesays.com\/es\/wp-json\/wp\/v2\/media\/722973"}],"wp:attachment":[{"href":"https:\/\/www.europesays.com\/es\/wp-json\/wp\/v2\/media?parent=722972"}],"wp:term":[{"taxonomy":"category","embeddable":true,"href":"https:\/\/www.europesays.com\/es\/wp-json\/wp\/v2\/categories?post=722972"},{"taxonomy":"post_tag","embeddable":true,"href":"https:\/\/www.europesays.com\/es\/wp-json\/wp\/v2\/tags?post=722972"}],"curies":[{"name":"wp","href":"https:\/\/api.w.org\/{rel}","templated":true}]}}