{"id":722996,"date":"2026-08-21T06:28:17","date_gmt":"2026-08-21T06:28:17","guid":{"rendered":"https:\/\/www.europesays.com\/es\/722996\/"},"modified":"2026-08-21T06:28:17","modified_gmt":"2026-08-21T06:28:17","slug":"el-gobierno-sondeo-al-rey-sobre-la-oportunidad-de-hacer-una-llamada-a-mohamed-vi-por-la-crisis-de-ceuta-espana","status":"publish","type":"post","link":"https:\/\/www.europesays.com\/es\/722996\/","title":{"rendered":"El Gobierno sonde\u00f3 al Rey sobre la oportunidad de hacer una llamada a Mohamed VI por la crisis de Ceuta | Espa\u00f1a"},"content":{"rendered":"<p class=\"\">El Gobierno sonde\u00f3 a trav\u00e9s de un ministro a Felipe VI sobre la oportunidad de que hiciera una llamada al rey de Marruecos, Mohamed VI, para hablar sobre la crisis de Ceuta, seg\u00fan confirman a EL PA\u00cdS fuentes del Ejecutivo y de la Casa Real. La llamada no se ha producido \u201cde momento\u201d, seg\u00fan indican las mismas fuentes. En la Casa Real est\u00e1n a la espera de ver c\u00f3mo evolucionan los acontecimientos que se iniciaron con la entrada masiva de los pasados d\u00edas 30 y 31 de julio, pendientes de la actuaci\u00f3n por parte del Gobierno, y valoran la oportunidad de la llamada o incluso de la visita a la ciudad aut\u00f3noma \u201ccuando sea \u00fatil y razonable\u201d y lo pida el presidente Pedro S\u00e1nchez, algo que no ha sucedido.<\/p>\n<p class=\"\">El rey Felipe VI sigue la crisis migratoria, social y pol\u00edtica de Ceuta al d\u00eda. De forma inusual y para reflejar esa preocupaci\u00f3n, recibi\u00f3 en su residencia de verano en Palma al presidente de la ciudad aut\u00f3noma, Juan Jes\u00fas Vivas, y ha llamado para contrastar pareceres sobre la grave situaci\u00f3n al jefe del Ejecutivo, Pedro S\u00e1nchez, al presidente de Melilla, Juan Jos\u00e9 Imbroda, y al l\u00edder del PP, Alberto N\u00fa\u00f1ez Feij\u00f3o. Al que no ha llamado a\u00fan es al rey de Marruecos, Mohamed VI.<\/p>\n<p class=\"\">El presidente S\u00e1nchez no le ha pedido directamente esa comunicaci\u00f3n, pero un ministro de su Gabinete s\u00ed traslad\u00f3 a los responsables de la Casa Real la idea de que esa llamada a Mohamed VI, \u201cmotu proprio\u201d, podr\u00eda \u201cayudar\u201d y resultar conveniente <a href=\"https:\/\/elpais.com\/espana\/2026-08-20\/marruecos-exime-de-visado-a-paises-africanos-mientras-cuestiona-el-efecto-llamada-de-la-regularizacion-en-espana.html\" target=\"_self\" rel=\"nofollow noopener\" title=\"https:\/\/elpais.com\/espana\/2026-08-20\/marruecos-exime-de-visado-a-paises-africanos-mientras-cuestiona-el-efecto-llamada-de-la-regularizacion-en-espana.html\">\u201cpara darle las gracias\u201d por la actuaci\u00f3n de Marruecos en los d\u00edas siguientes a la avalancha <\/a>de inmigrantes que irrumpieron en Ceuta el 30 de julio y para valorar que el pa\u00eds vecino los recogiera de vuelta, seg\u00fan ratifican distintas fuentes conocedoras de esa intervenci\u00f3n.<\/p>\n<p class=\"\">El Gobierno de Espa\u00f1a ha evitado en todo lo posible entrar en confrontaci\u00f3n con Marruecos para responsabilizarle de los graves incidentes ocurridos a finales de julio o de la inacci\u00f3n de sus fuerzas policiales y ha apuntado hacia <a href=\"https:\/\/elpais.com\/espana\/2026-08-02\/la-frontera-esta-abierta-y-se-puede-pasar-sin-papeles.html\" target=\"_blank\" rel=\"noreferrer nofollow noopener\" title=\"https:\/\/elpais.com\/espana\/2026-08-02\/la-frontera-esta-abierta-y-se-puede-pasar-sin-papeles.html\">un efecto llamada impulsado y promovido por redes sociales y mafias sin identificar<\/a>. El PP de Alberto N\u00fa\u00f1ez Feij\u00f3o reaccion\u00f3 primero de una manera tibia contra Marruecos, para centrar sus ataques hacia la mala gesti\u00f3n de la crisis y una nula previsi\u00f3n o carencia de informaci\u00f3n e inteligencia por parte del Ejecutivo de S\u00e1nchez, pero con los d\u00edas su estrategia se ha endurecido tambi\u00e9n hacia el pa\u00eds vecino, al que el l\u00edder popular lleg\u00f3 a acusar de practicar \u201cun chantaje\u201d con ese tipo de actuaciones.<\/p>\n<p><img alt=\"\" decoding=\"auto\" class=\"_re lazyload a_m-h\" height=\"244\"  width=\"414\"  src=\"https:\/\/www.europesays.com\/es\/wp-content\/uploads\/2026\/08\/T6T2ETT76BCP7BTR5SQBF4JVPU.jpg\" loading=\"lazy\" fetchpriority=\"low\"\/>Hassan II de Marruecos, Juan Carlos I, la reina Sof\u00eda, el pr\u00edncipe alauita Mulay Rachif y la princesa Hasna, antes de una cena en el Palacio de El Pardo en septiembre de 1989.JOSE CUADRADO (EFE)<\/p>\n<p class=\"\">Finalmente, la conexi\u00f3n directa de Felipe VI con Mohamed VI no se produjo porque la Casa Real consider\u00f3 que podr\u00eda malinterpretarse p\u00fablicamente ahora, en un contexto en el que la crisis a\u00fan est\u00e1 lejos de superarse. Los monarcas no mantienen ni la relaci\u00f3n particular ni los v\u00ednculos personales que s\u00ed ten\u00edan el rey Juan Carlos y Hasan II, que se consideraban mutuamente hermanos y hablaban frecuentemente ante las peri\u00f3dicas crisis entre ambos pa\u00edses. Tanto Felipe VI como Mohamed VI son menos expansivos y m\u00e1s reservados que sus progenitores, seg\u00fan fuentes diplom\u00e1ticas que han estado presentes en sus encuentros m\u00e1s directos. \u201cLa relaci\u00f3n no es mala, pero es diferente\u201d, exponen esas fuentes. El inter\u00e9s de ambos por los respectivos pa\u00edses es crucial y, de hecho, en la Casa Real espa\u00f1ola se valora que Mohamed VI pidiera en su d\u00eda asesoramiento a la embajada de Espa\u00f1a en Rabat para encontrar una profesora de espa\u00f1ol para su hijo, el heredero al trono, Mulay Has\u00e1n.<\/p>\n<p class=\"\">En la Casa Real no descartan que Felipe VI pueda, en pr\u00f3ximos d\u00edas o semanas, realizar esa llamada a Mohamed VI o visitar Ceuta, pero cuando sea \u201c\u00fatil y razonable\u201d y se decida en consonancia con lo que proceda y se considere conveniente por parte del Gobierno, que es el que determina la oportunidad de ese tipo de desplazamientos. Tesis en la que coinciden con el Gobierno, que ha desplazado a la zona ocho ministros en estas semanas y cuya portavoz lleva asentada en la ciudad varias jornadas. Otras fuentes gubernamentales apuntaron que en alg\u00fan momento de esta crisis se traslad\u00f3 desde la Casa Real la opci\u00f3n de una visita expr\u00e9s del rey Felipe VI a Ceuta, <a href=\"https:\/\/elpais.com\/espana\/2026-07-31\/sanchez-denuncia-una-violacion-de-la-integridad-territorial-de-espana-tras-la-llegada-de-miles-de-inmigrantes-irregulares-a-ceuta.html\" target=\"_self\" rel=\"nofollow noopener\" title=\"https:\/\/elpais.com\/espana\/2026-07-31\/sanchez-denuncia-una-violacion-de-la-integridad-territorial-de-espana-tras-la-llegada-de-miles-de-inmigrantes-irregulares-a-ceuta.html\">como la que hizo el presidente S\u00e1nchez el 31 de julio,<\/a> al d\u00eda siguiente de la entrada masiva de inmigrantes en la ciudad, pero se descart\u00f3 la idea. En la Casa Real desmienten esa hip\u00f3tesis. S\u00e1nchez ha celebrado desde entonces y desde su residencia de verano en La Mareta (Lanzarote) varias reuniones telem\u00e1ticas de coordinaci\u00f3n con sus ministros, pero no ha regresado a\u00fan a la ciudad.<\/p>\n<p class=\"\">El presidente de la ciudad aut\u00f3noma de Ceuta, Juan Jes\u00fas <a href=\"https:\/\/elpais.com\/espana\/2026-08-06\/juan-jesus-vivas-ante-el-parlamento-europeo-la-seguridad-de-ceuta-esta-en-manos-de-un-tercero-marruecos-que-no-reconoce-nuestra-soberania.html\" target=\"_self\" rel=\"nofollow noopener\" title=\"https:\/\/elpais.com\/espana\/2026-08-06\/juan-jesus-vivas-ante-el-parlamento-europeo-la-seguridad-de-ceuta-esta-en-manos-de-un-tercero-marruecos-que-no-reconoce-nuestra-soberania.html\">Vivas, fue el primero que indic\u00f3 que el Rey tiene pensado acudir a esa poblaci\u00f3n tras mantener el encuentro bilateral con el monarca el pasado 6 de agosto <\/a>en Palma: \u201cEl Rey est\u00e1 comprometido con su visita a Ceuta, es un compromiso que ha adquirido y lo har\u00e1, porque el Rey cumple con su palabra; lo que no le puedo decir es cu\u00e1ndo\u201d. Vivas ya precis\u00f3 aquella jornada que el viaje se producir\u00e1 cumpliendo la funci\u00f3n constitucional del monarca, en alusi\u00f3n a que se organizar\u00e1 de acuerdo a lo que programe el Gobierno.<\/p>\n<p class=\"\">En el Ejecutivo actual son muy conscientes de la especial sensibilidad que podr\u00eda despertar en Marruecos esa posible presencia de Felipe VI en Ceuta, como ya ocurri\u00f3 con la \u00fanica que realiz\u00f3 el 5 de noviembre de 2007 el rey em\u00e9rito, Juan Carlos I, con la entonces reina Sof\u00eda. Aquella dur\u00f3 apenas cinco horas, pero marc\u00f3 un hito hist\u00f3rico porque fue la primera de un jefe del Estado espa\u00f1ol en 74 a\u00f1os. La anterior hab\u00eda sido la del presidente de la Segunda Rep\u00fablica, Niceto Alcal\u00e1-Zamora, el 4 de noviembre de 1933. Los reyes Alfonso XIII y Victoria Eugenia hab\u00edan estado en Ceuta en 1927.<\/p>\n<p class=\"\">Juan Carlos I pronunci\u00f3 durante su estancia un discurso en el sal\u00f3n del trono del Ayuntamiento de Ceuta sin mencionar en ninguna ocasi\u00f3n a Marruecos, cuyas autoridades protestaron porque reivindicaban la soberan\u00eda de la ciudad y que la misma hab\u00eda sido expoliada. Juan Carlos I se\u00f1al\u00f3 entonces: \u201cTen\u00eda un compromiso pendiente con Ceuta, con los ceut\u00edes y con sus autoridades, pero tambi\u00e9n con nosotros mismos como Reyes que se deben, ante todo, a todos los espa\u00f1oles\u201d.<\/p>\n","protected":false},"excerpt":{"rendered":"El Gobierno sonde\u00f3 a trav\u00e9s de un ministro a Felipe VI sobre la oportunidad de que hiciera una&hellip;\n","protected":false},"author":2,"featured_media":722997,"comment_status":"","ping_status":"","sticky":false,"template":"","format":"standard","meta":{"footnotes":""},"categories":[8],"tags":[17,18,6042,4486,2262,894,25,24,13,14,11439,2069,582,11,590,895,15398,19,20,4485,52452,34673,6041,9,10,15,16,958,2959,956,1699,23,12,21,22],"class_list":["post-722996","post","type-post","status-publish","format-standard","has-post-thumbnail","category-espana","tag-breaking-news","tag-breakingnews","tag-casa-real","tag-ceuta","tag-crisis-humanitaria","tag-crisis-migratoria","tag-es","tag-espana","tag-featured-news","tag-featurednews","tag-felipe-vi","tag-fronteras","tag-gobierno","tag-headlines","tag-inmigracion","tag-inmigracion-irregular","tag-inmigracion-irregular-espana","tag-latest-news","tag-latestnews","tag-marruecos","tag-mohamed-v-de-marruecos","tag-mohamed-vi-de-marruecos","tag-monarquia","tag-news","tag-noticias","tag-noticias-destacadas","tag-noticiasdestacadas","tag-oposicion-politica","tag-pedro-sanchez","tag-pp","tag-psoe","tag-spain","tag-titulares","tag-ultimas-noticias","tag-ultimasnoticias"],"share_on_mastodon":{"url":"","error":"Validation failed: Text character limit of 500 exceeded"},"_links":{"self":[{"href":"https:\/\/www.europesays.com\/es\/wp-json\/wp\/v2\/posts\/722996","targetHints":{"allow":["GET"]}}],"collection":[{"href":"https:\/\/www.europesays.com\/es\/wp-json\/wp\/v2\/posts"}],"about":[{"href":"https:\/\/www.europesays.com\/es\/wp-json\/wp\/v2\/types\/post"}],"author":[{"embeddable":true,"href":"https:\/\/www.europesays.com\/es\/wp-json\/wp\/v2\/users\/2"}],"replies":[{"embeddable":true,"href":"https:\/\/www.europesays.com\/es\/wp-json\/wp\/v2\/comments?post=722996"}],"version-history":[{"count":0,"href":"https:\/\/www.europesays.com\/es\/wp-json\/wp\/v2\/posts\/722996\/revisions"}],"wp:featuredmedia":[{"embeddable":true,"href":"https:\/\/www.europesays.com\/es\/wp-json\/wp\/v2\/media\/722997"}],"wp:attachment":[{"href":"https:\/\/www.europesays.com\/es\/wp-json\/wp\/v2\/media?parent=722996"}],"wp:term":[{"taxonomy":"category","embeddable":true,"href":"https:\/\/www.europesays.com\/es\/wp-json\/wp\/v2\/categories?post=722996"},{"taxonomy":"post_tag","embeddable":true,"href":"https:\/\/www.europesays.com\/es\/wp-json\/wp\/v2\/tags?post=722996"}],"curies":[{"name":"wp","href":"https:\/\/api.w.org\/{rel}","templated":true}]}}