{"id":723034,"date":"2026-08-21T07:01:15","date_gmt":"2026-08-21T07:01:15","guid":{"rendered":"https:\/\/www.europesays.com\/es\/723034\/"},"modified":"2026-08-21T07:01:15","modified_gmt":"2026-08-21T07:01:15","slug":"santi-matilla-deja-de-ser-el-encargado-de-material-del-baskonia","status":"publish","type":"post","link":"https:\/\/www.europesays.com\/es\/723034\/","title":{"rendered":"Santi Matilla deja de ser el encargado de material del Baskonia"},"content":{"rendered":"<p style=\"\">El Kosner Baskonia define estos d\u00edas el cuerpo t\u00e9cnico de Paolo Galbiati para afrontar otra exigente temporada. Seg\u00fan ha podido saber este peri\u00f3dico, el club  &#8230; ha comunicado a Santi Matilla que dejar\u00e1 de ejercer sus funciones habituales como encargado de material. El trabajador, reconocido entre la afici\u00f3n y los jugadores despu\u00e9s de 18 a\u00f1os de dedicaci\u00f3n, seguir\u00e1 dentro del club. <\/p>\n<p class=\"v-d-p\" style=\"\">Matilla empez\u00f3 a trabajar como responsable de material en la temporada 2008-2009, con el regreso de Dusko Ivanovic. Leon\u00e9s de nacimiento, sustituy\u00f3 a Rub\u00e9n Mart\u00ednez del Pino. Desde entonces, ha sido un fijo dentro del banquillo del Buesa Arena, siempre \u00e1vido en su labor para que tanto a los jugadores como a los t\u00e9cnicos no echaran en falta nada. <\/p>\n<p class=\"v-d-p\" style=\"\">Con la salida del a\u00f1o pasado del asistente vitoriano David Gil, el utillero era el segundo miembro con m\u00e1s a\u00f1os de experiencia en el staff tras el fisioterapeuta vizca\u00edno Oskar Bilbao. El otro cambio en el cuerpo t\u00e9cnico es la marcha del ayudante Jack Burgess, que ha fichado por el Movistar Estudiantes. Su cargo ser\u00e1 reemplazado en los pr\u00f3ximos d\u00edas.<\/p>\n","protected":false},"excerpt":{"rendered":"El Kosner Baskonia define estos d\u00edas el cuerpo t\u00e9cnico de Paolo Galbiati para afrontar otra exigente temporada. Seg\u00fan&hellip;\n","protected":false},"author":2,"featured_media":723035,"comment_status":"","ping_status":"","sticky":false,"template":"","format":"standard","meta":{"footnotes":""},"categories":[269],"tags":[988,299,298,51,168,987,20980,25,24,15468,129112,15777,23,167],"class_list":["post-723034","post","type-post","status-publish","format-standard","has-post-thumbnail","category-baloncesto","tag-anos","tag-baloncesto","tag-basketball","tag-deja","tag-deportes","tag-despues","tag-encargado","tag-es","tag-espana","tag-material","tag-matilla","tag-santi","tag-spain","tag-sports"],"share_on_mastodon":{"url":"https:\/\/pubeurope.com\/@es\/117132216926492958","error":""},"_links":{"self":[{"href":"https:\/\/www.europesays.com\/es\/wp-json\/wp\/v2\/posts\/723034","targetHints":{"allow":["GET"]}}],"collection":[{"href":"https:\/\/www.europesays.com\/es\/wp-json\/wp\/v2\/posts"}],"about":[{"href":"https:\/\/www.europesays.com\/es\/wp-json\/wp\/v2\/types\/post"}],"author":[{"embeddable":true,"href":"https:\/\/www.europesays.com\/es\/wp-json\/wp\/v2\/users\/2"}],"replies":[{"embeddable":true,"href":"https:\/\/www.europesays.com\/es\/wp-json\/wp\/v2\/comments?post=723034"}],"version-history":[{"count":0,"href":"https:\/\/www.europesays.com\/es\/wp-json\/wp\/v2\/posts\/723034\/revisions"}],"wp:featuredmedia":[{"embeddable":true,"href":"https:\/\/www.europesays.com\/es\/wp-json\/wp\/v2\/media\/723035"}],"wp:attachment":[{"href":"https:\/\/www.europesays.com\/es\/wp-json\/wp\/v2\/media?parent=723034"}],"wp:term":[{"taxonomy":"category","embeddable":true,"href":"https:\/\/www.europesays.com\/es\/wp-json\/wp\/v2\/categories?post=723034"},{"taxonomy":"post_tag","embeddable":true,"href":"https:\/\/www.europesays.com\/es\/wp-json\/wp\/v2\/tags?post=723034"}],"curies":[{"name":"wp","href":"https:\/\/api.w.org\/{rel}","templated":true}]}}