{"id":723134,"date":"2026-08-21T08:26:13","date_gmt":"2026-08-21T08:26:13","guid":{"rendered":"https:\/\/www.europesays.com\/es\/723134\/"},"modified":"2026-08-21T08:26:13","modified_gmt":"2026-08-21T08:26:13","slug":"este-piso-de-paris-desata-nuestra-pasion-por-los-azulejos-y-sus-interioristas-nos-ensenan-como-escogerlos","status":"publish","type":"post","link":"https:\/\/www.europesays.com\/es\/723134\/","title":{"rendered":"Este piso de Par\u00eds desata nuestra pasi\u00f3n por los azulejos (y sus interioristas nos ense\u00f1an c\u00f3mo escogerlos)"},"content":{"rendered":"<p><strong>Espacios luminosos y mobiliario divertido<\/strong><\/p>\n<p>Por supuesto, no faltaron los retos. El proyecto tambi\u00e9n tuvo que resolver algunas limitaciones, especialmente la escasa entrada de luz natural y las <a href=\"https:\/\/www.revistaad.es\/tags\/pisos-pequenos\" rel=\"nofollow noopener\" target=\"_blank\"><strong>reducidas dimensiones<\/strong><\/a> del apartamento. \u201cNo quer\u00edamos compensarlo con una iluminaci\u00f3n excesiva, as\u00ed que decidimos potenciar su atm\u00f3sfera m\u00e1s \u00edntima mediante <strong>el color, los reflejos y una distribuci\u00f3n continua.<\/strong> Al eliminar los tabiques que no eran estructurales, conseguimos un \u00fanico espacio muy di\u00e1fano, reforzando la sensaci\u00f3n de amplitud\u201d, explican Ad\u00e8le Nourry y Hugo Vince.<\/p>\n<p><strong>El mobiliario, dise\u00f1ado a medida, combina a la perfecci\u00f3n con la arquitectura.<\/strong> La madera, en tonos c\u00e1lidos, aporta calidez frente a las superficies lacadas y los acabados de color. Y los elementos empotrados, como bancos y muebles de almacenamiento, combinan funcionalidad y est\u00e9tica, manteniendo el espacio siempre <a href=\"https:\/\/www.revistaad.es\/diseno\/articulos\/conseguiras-salon-este-siempre-ordenado\/23947\" rel=\"nofollow noopener\" target=\"_blank\"><strong>ordenado.<\/strong><\/a> El resultado es un interior lleno de personalidad, donde los <strong>alicatados de colores desempe\u00f1an un papel principal.<\/strong> Precisamente por eso, hemos pedido a los fundadores de L&#8217;Atelier HA algunos <strong>consejos sobre c\u00f3mo elegir los azulejos perfectos para cada hogar.<\/strong><\/p>\n<p><img decoding=\"async\" alt=\"Cocina con azulejos de colores abierta al sal\u00f3n\" loading=\"lazy\" class=\"ResponsiveImageContainer-dkeESL cQPiWi responsive-image__image\"   src=\"https:\/\/www.europesays.com\/es\/wp-content\/uploads\/2026\/08\/AtelierHA_07Yannick%20Labrousse.jpeg\"\/><\/p>\n<p>A la izquierda, la cocina, dise\u00f1ada a medida con azulejos de colores de Cesi. A la derecha, la zona de estar, con una l\u00e1mpara de pie Vinyle lacada, de 1970, de Galerie Vauvart; una cortina de tejido Andora, de Nobilis; un sof\u00e1 Sandra, de Annie Hieronimus; una mesita redonda tambi\u00e9n lacada y con dos compartimentos, de 1970; y un sill\u00f3n de Giampiero Vitelli, ambos de Galerie Vauvart.<\/p>\n<p>\u00a9Yannick Labrousse<\/p>\n<p><strong>01. Apuesta por materiales funcionales<\/strong><\/p>\n<p>\u201cCuando se utilizan azulejos para la <a href=\"https:\/\/www.revistaad.es\/articulos\/encimeras-de-cocina-diferentes-elegantes\" rel=\"nofollow noopener\" target=\"_blank\"><strong>encimera<\/strong><\/a> de la cocina, <strong>la resistencia y la facilidad de mantenimiento se convierten en factores esenciales.<\/strong> A diferencia de una superficie continua, las encimeras alicatadas presentan inevitablemente juntas, lo que puede hacer que la limpieza resulte m\u00e1s laboriosa. Por eso <strong>recomendamos encarecidamente utilizar una masilla epoxi,<\/strong> que es mucho m\u00e1s resistente a las manchas, a la humedad y al desgaste diario que la masilla tradicional. Adem\u00e1s, garantiza una mayor durabilidad, algo especialmente importante en un elemento de uso cotidiano\u201d.<\/p>\n<p><img decoding=\"async\" alt=\"cocina revestida con azulejos de colores y muebles de almacenaje lacados en granate\" loading=\"lazy\" class=\"ResponsiveImageContainer-dkeESL cQPiWi responsive-image__image\"   src=\"https:\/\/www.europesays.com\/es\/wp-content\/uploads\/2026\/08\/AtelierHA_05Yannick%20Labrousse.jpg\"\/><\/p>\n<p>Detalle de los acabados de la cocina a medida, en madera lacada brillante color cereza y azulejos a rayas de Cesi.<\/p>\n<p>\u00a9Yannick Labrousse<\/p>\n","protected":false},"excerpt":{"rendered":"Espacios luminosos y mobiliario divertido Por supuesto, no faltaron los retos. El proyecto tambi\u00e9n tuvo que resolver algunas&hellip;\n","protected":false},"author":2,"featured_media":723135,"comment_status":"","ping_status":"","sticky":false,"template":"","format":"standard","meta":{"footnotes":""},"categories":[81],"tags":[119,123,124,25,24,4759,117,121,122,23,118,120],"class_list":["post-723134","post","type-post","status-publish","format-standard","has-post-thumbnail","category-ciencia-y-tecnologia","tag-ciencia","tag-ciencia-y-tecnologia","tag-cienciaytecnologia","tag-es","tag-espana","tag-paris","tag-science","tag-science-and-technology","tag-scienceandtechnology","tag-spain","tag-technology","tag-tecnologia"],"share_on_mastodon":{"url":"https:\/\/pubeurope.com\/@es\/117132551388980642","error":""},"_links":{"self":[{"href":"https:\/\/www.europesays.com\/es\/wp-json\/wp\/v2\/posts\/723134","targetHints":{"allow":["GET"]}}],"collection":[{"href":"https:\/\/www.europesays.com\/es\/wp-json\/wp\/v2\/posts"}],"about":[{"href":"https:\/\/www.europesays.com\/es\/wp-json\/wp\/v2\/types\/post"}],"author":[{"embeddable":true,"href":"https:\/\/www.europesays.com\/es\/wp-json\/wp\/v2\/users\/2"}],"replies":[{"embeddable":true,"href":"https:\/\/www.europesays.com\/es\/wp-json\/wp\/v2\/comments?post=723134"}],"version-history":[{"count":0,"href":"https:\/\/www.europesays.com\/es\/wp-json\/wp\/v2\/posts\/723134\/revisions"}],"wp:featuredmedia":[{"embeddable":true,"href":"https:\/\/www.europesays.com\/es\/wp-json\/wp\/v2\/media\/723135"}],"wp:attachment":[{"href":"https:\/\/www.europesays.com\/es\/wp-json\/wp\/v2\/media?parent=723134"}],"wp:term":[{"taxonomy":"category","embeddable":true,"href":"https:\/\/www.europesays.com\/es\/wp-json\/wp\/v2\/categories?post=723134"},{"taxonomy":"post_tag","embeddable":true,"href":"https:\/\/www.europesays.com\/es\/wp-json\/wp\/v2\/tags?post=723134"}],"curies":[{"name":"wp","href":"https:\/\/api.w.org\/{rel}","templated":true}]}}