{"id":723238,"date":"2026-08-21T09:39:18","date_gmt":"2026-08-21T09:39:18","guid":{"rendered":"https:\/\/www.europesays.com\/es\/723238\/"},"modified":"2026-08-21T09:39:18","modified_gmt":"2026-08-21T09:39:18","slug":"suecia-envia-a-sus-primeros-presos-a-cumplir-su-pena-en-estonia","status":"publish","type":"post","link":"https:\/\/www.europesays.com\/es\/723238\/","title":{"rendered":"Suecia env\u00eda a sus primeros presos a cumplir su pena en Estonia"},"content":{"rendered":"<p>Los primeros presos suecos llegaron el martes a una c\u00e1rcel de Estonia en virtud de un acuerdo destinado a aliviar la presi\u00f3n sobre las c\u00e1rceles superpobladas de Suecia, seg\u00fan inform\u00f3 el servicio penitenciario de Estonia.<\/p>\n<p>Los cuatro reclusos cumplir\u00e1n sus condenas en virtud de un acuerdo de 2025 entre los dos pa\u00edses que permite a Suecia alquilar celdas penitenciarias para hasta 600 delincuentes.<\/p>\n<p>Llegaron en un vuelo ch\u00e1rter que aterriz\u00f3 en la base a\u00e9rea de Amari antes de ser trasladados bajo escolta armada a una prisi\u00f3n en la ciudad oriental de Tartu, seg\u00fan inform\u00f3 el servicio penitenciario en un comunicado. \u00abEl traslado y el encarcelamiento se desarrollaron seg\u00fan lo previsto y sin incidentes\u00bb, dec\u00eda el comunicado.<\/p>\n<p>Todos los reclusos trasladados est\u00e1n sujetos a un proceso de selecci\u00f3n previo por parte de ambos pa\u00edses, y las autoridades estonias aprueban cada caso individualmente.<\/p>\n<p>En virtud del acuerdo, los miembros de grupos del crimen organizado, los terroristas convictos, los reclusos radicalizados, las mujeres y los menores de edad quedan excluidos del traslado.<\/p>\n<p>Las autoridades estonias indicaron que se espera la llegada de hasta 100 prisioneros suecos a la c\u00e1rcel de Tartu a finales de septiembre y hasta 200 a finales de a\u00f1o.<\/p>\n<p>Suecia ha experimentado un aumento considerable de la delincuencia violenta en los \u00faltimos a\u00f1os, incluyendo tiroteos y atentados con bomba vinculados a las disputas entre bandas criminales rivales.<\/p>\n","protected":false},"excerpt":{"rendered":"Los primeros presos suecos llegaron el martes a una c\u00e1rcel de Estonia en virtud de un acuerdo destinado&hellip;\n","protected":false},"author":2,"featured_media":723239,"comment_status":"","ping_status":"","sticky":false,"template":"","format":"standard","meta":{"footnotes":""},"categories":[42],"tags":[17,18,33813,14552,13,14,11,61,62,63,64,19,20,9,10,15,16,7218,12,21,22,65,66,67],"class_list":["post-723238","post","type-post","status-publish","format-standard","has-post-thumbnail","category-internacional","tag-breaking-news","tag-breakingnews","tag-criminalidad","tag-estonia","tag-featured-news","tag-featurednews","tag-headlines","tag-internacional","tag-international","tag-international-news","tag-internationalnews","tag-latest-news","tag-latestnews","tag-news","tag-noticias","tag-noticias-destacadas","tag-noticiasdestacadas","tag-suecia","tag-titulares","tag-ultimas-noticias","tag-ultimasnoticias","tag-world","tag-world-news","tag-worldnews"],"share_on_mastodon":{"url":"https:\/\/pubeurope.com\/@es\/117132837853461596","error":""},"_links":{"self":[{"href":"https:\/\/www.europesays.com\/es\/wp-json\/wp\/v2\/posts\/723238","targetHints":{"allow":["GET"]}}],"collection":[{"href":"https:\/\/www.europesays.com\/es\/wp-json\/wp\/v2\/posts"}],"about":[{"href":"https:\/\/www.europesays.com\/es\/wp-json\/wp\/v2\/types\/post"}],"author":[{"embeddable":true,"href":"https:\/\/www.europesays.com\/es\/wp-json\/wp\/v2\/users\/2"}],"replies":[{"embeddable":true,"href":"https:\/\/www.europesays.com\/es\/wp-json\/wp\/v2\/comments?post=723238"}],"version-history":[{"count":0,"href":"https:\/\/www.europesays.com\/es\/wp-json\/wp\/v2\/posts\/723238\/revisions"}],"wp:featuredmedia":[{"embeddable":true,"href":"https:\/\/www.europesays.com\/es\/wp-json\/wp\/v2\/media\/723239"}],"wp:attachment":[{"href":"https:\/\/www.europesays.com\/es\/wp-json\/wp\/v2\/media?parent=723238"}],"wp:term":[{"taxonomy":"category","embeddable":true,"href":"https:\/\/www.europesays.com\/es\/wp-json\/wp\/v2\/categories?post=723238"},{"taxonomy":"post_tag","embeddable":true,"href":"https:\/\/www.europesays.com\/es\/wp-json\/wp\/v2\/tags?post=723238"}],"curies":[{"name":"wp","href":"https:\/\/api.w.org\/{rel}","templated":true}]}}