{"id":72325,"date":"2025-08-26T00:35:10","date_gmt":"2025-08-26T00:35:10","guid":{"rendered":"https:\/\/www.europesays.com\/es\/72325\/"},"modified":"2025-08-26T00:35:10","modified_gmt":"2025-08-26T00:35:10","slug":"la-bonoloto-deja-casi-dos-millones-de-euros-en-malaga-capital","status":"publish","type":"post","link":"https:\/\/www.europesays.com\/es\/72325\/","title":{"rendered":"La BonoLoto deja casi dos millones de euros en M\u00e1laga capital"},"content":{"rendered":"<p><a class=\"v-mdl-ath__fig-a\" href=\"https:\/\/www.diariosur.es\/autor\/isabel-mendez-461.html\" title=\"Isabel M\u00e9ndez\" rel=\"nofollow noopener\" target=\"_blank\"><br \/>\n<img decoding=\"async\" class=\"v-mdl-ath__img\" src=\"https:\/\/www.europesays.com\/es\/wp-content\/uploads\/2025\/08\/autor-461-foto-1.jpeg\" alt=\"Isabel M\u00e9ndez\"\/><br \/>\n<\/a><\/p>\n<p class=\"v-mdl-ath__p v-mdl-ath__p--6\">\nLunes, 25 de agosto 2025, 22:03<\/p>\n<p class=\"v-p\">La BonoLoto ha dejado huella, a lo grande, este lunes en M\u00e1laga capital, ya que es donde se ha validado el \u00fanico boleto acertante de  &#8230; Primera Categor\u00eda de este 25 de agosto. Su afortunado due\u00f1o, o due\u00f1os, recibir\u00e1 ni m\u00e1s ni menos que casi dos millones de euros: 1.959.460,84, para ser exactos.<\/p>\n<p class=\"v-p\">Se ha validado en la la administraci\u00f3n de Loter\u00edas n\u00famero 35, conocida como La Piedad, y ubicada en la calle Duque De Rivas, 2, en el barrio del Molinillo, donde se han consignado ya <a href=\"https:\/\/www.diariosur.es\/loteria\/primitiva-premio-malaga-sabado-sorteo-20250726223843-nt.html\" data-voc-vtm-id=\"in-text-traffic\" title=\"otros premios importantes \" data-mrf-link=\"www.diariosur.es\" rel=\"nofollow noopener\" target=\"_blank\">otros premios importantes <\/a>de distintos sorteos con anterioridad.<\/p>\n<p class=\"v-p\">Tambi\u00e9n hay s\u00f3lo un acertante de Segunda Categor\u00eda (5 aciertos + Complementario), que ha sido consignado en Aranda de Duero (Burgos) y que recibir\u00e1 156.992,40 euros.<\/p>\n<p class=\"v-p\">La combinaci\u00f3n agraciada de este lunes est\u00e1 formada por los n\u00fameros 04 26 38 31 49 30. Complementario el 01 y reintegro el 7. La recaudaci\u00f3n del sorteo ascendi\u00f3 a 2.432.920,00 euros.<\/p>\n<p class=\"v-crt__t\"> L\u00edmite de sesiones alcanzadas<\/p>\n<p class=\"v-crt__p\">El acceso al contenido Premium est\u00e1 abierto por cortes\u00eda del establecimiento donde te encuentras, pero ahora mismo hay demasiados usuarios conectados a las vez.<\/p>\n<p class=\"v-crt__p\">Por favor, int\u00e9ntalo pasados unos minutos.<\/p>\n<p>\nVolver a intentar\n<\/p>\n<p class=\"v-crt__t\">Sesi\u00f3n cerrada<\/p>\n<p class=\"v-crt__p\">Al iniciar sesi\u00f3n desde un dispositivo distinto, por seguridad, se cerr\u00f3 la \u00faltima sesi\u00f3n en este.<\/p>\n<p class=\"v-crt__p\">Para continuar disfrutando de su suscripci\u00f3n digital, inicie sesi\u00f3n en este dispositivo.<\/p>\n<p>\nEste contenido es exclusivo para suscriptores\n<\/p>\n<p class=\"text\">\u00bfTienes una suscripci\u00f3n? <a href=\"https:\/\/secure.diariosur.es\/identidad\/inicio#vca=suscribete&amp;vso=diariosur&amp;vmc=on&amp;vli=cdn-ce-link-login\" class=\"login\" data-voc-vtm-id=\"comienzoSuscripcionON\" data-voc-vtm-info=\"cdn-ce-link-login\" rel=\"nofollow noopener\" target=\"_blank\">Inicia sesi\u00f3n<\/a><\/p>\n<p>Comenta<\/p>\n<p>Reporta un error<\/p>\n","protected":false},"excerpt":{"rendered":"Lunes, 25 de agosto 2025, 22:03 La BonoLoto ha dejado huella, a lo grande, este lunes en M\u00e1laga&hellip;\n","protected":false},"author":2,"featured_media":72326,"comment_status":"","ping_status":"","sticky":false,"template":"","format":"standard","meta":{"footnotes":""},"categories":[80],"tags":[580,82,51,1563,95,94,25,24,1557,3855,4724,23],"class_list":{"0":"post-72325","1":"post","2":"type-post","3":"status-publish","4":"format-standard","5":"has-post-thumbnail","7":"category-economia","8":"tag-bonoloto","9":"tag-business","10":"tag-deja","11":"tag-dos","12":"tag-economia","13":"tag-economy","14":"tag-es","15":"tag-espana","16":"tag-euros","17":"tag-malaga","18":"tag-millones","19":"tag-spain"},"share_on_mastodon":{"url":"","error":""},"_links":{"self":[{"href":"https:\/\/www.europesays.com\/es\/wp-json\/wp\/v2\/posts\/72325","targetHints":{"allow":["GET"]}}],"collection":[{"href":"https:\/\/www.europesays.com\/es\/wp-json\/wp\/v2\/posts"}],"about":[{"href":"https:\/\/www.europesays.com\/es\/wp-json\/wp\/v2\/types\/post"}],"author":[{"embeddable":true,"href":"https:\/\/www.europesays.com\/es\/wp-json\/wp\/v2\/users\/2"}],"replies":[{"embeddable":true,"href":"https:\/\/www.europesays.com\/es\/wp-json\/wp\/v2\/comments?post=72325"}],"version-history":[{"count":0,"href":"https:\/\/www.europesays.com\/es\/wp-json\/wp\/v2\/posts\/72325\/revisions"}],"wp:featuredmedia":[{"embeddable":true,"href":"https:\/\/www.europesays.com\/es\/wp-json\/wp\/v2\/media\/72326"}],"wp:attachment":[{"href":"https:\/\/www.europesays.com\/es\/wp-json\/wp\/v2\/media?parent=72325"}],"wp:term":[{"taxonomy":"category","embeddable":true,"href":"https:\/\/www.europesays.com\/es\/wp-json\/wp\/v2\/categories?post=72325"},{"taxonomy":"post_tag","embeddable":true,"href":"https:\/\/www.europesays.com\/es\/wp-json\/wp\/v2\/tags?post=72325"}],"curies":[{"name":"wp","href":"https:\/\/api.w.org\/{rel}","templated":true}]}}