{"id":72327,"date":"2025-08-26T00:36:11","date_gmt":"2025-08-26T00:36:11","guid":{"rendered":"https:\/\/www.europesays.com\/es\/72327\/"},"modified":"2025-08-26T00:36:11","modified_gmt":"2025-08-26T00:36:11","slug":"bayrou-se-sometera-a-una-mocion-de-confianza-el-8-de-septiembre-por-la-polemica-de-su-plan-de-ahorro-en-los-presupuestos-franceses-internacional","status":"publish","type":"post","link":"https:\/\/www.europesays.com\/es\/72327\/","title":{"rendered":"Bayrou se someter\u00e1 a una moci\u00f3n de confianza el 8 de septiembre por la pol\u00e9mica de su plan de ahorro en los presupuestos franceses | Internacional"},"content":{"rendered":"<p class=\"loc\">Madrid<\/p>\n<p>El primer ministro franc\u00e9s, Fran\u00e7ois Bayrou, se someter\u00e1 el pr\u00f3ximo 8 septiembre al aval del Parlamento por su impopular plan de ahorro de 44.000 millones de euros en los presupuestos de 2026 con un voto de confianza antes de la primera gran protesta convocada para el d\u00eda 10.<\/p>\n<p>M\u00e1s informaci\u00f3n<\/p>\n<p>Si el primer ministro no superara el voto de confianza en la Asamblea Nacional -un escenario posible, pues los centristas y conservadores que le apoyan no tienen mayor\u00eda absoluta-, tendr\u00eda que dimitir y se producir\u00eda una nueva crisis de Gobierno.<\/p>\n<p>Bayrou, que compareci\u00f3 este lunes en una conferencia de prensa, ha insistido en que hace falta una \u00abclarificaci\u00f3n\u00bb sobre la situaci\u00f3n presupuestaria y la forma de corregirla y el lugar para hacerlo es \u00abel Parlamento\u00bb y no \u00aben los des\u00f3rdenes en las calles\u00bb. <\/p>\n<p>Consciente de su falta de mayor\u00eda clara, el jefe de Gobierno ha justificado esa moci\u00f3n de confianza que abre las puertas a una ca\u00edda del Ejecutivo y a la inestabilidad que puede venir a continuaci\u00f3n con el argumento de que ser\u00eda m\u00e1s arriesgado no hacer nada. \u00abSi tienes mayor\u00eda, el Gobierno sale confirmado. Si no la tiene, el Gobierno cae\u00bb, ha resumido. <\/p>\n<p>La ultraderechista Marine Le Pen ya ha anunciado este lunes que votar\u00e1 en contra de la moci\u00f3n de confianza del primer ministro franc\u00e9s, al igual que lo ha hecho Bardella, el l\u00edder de su partido. <\/p>\n<p>Podr\u00eda abrir una crisis de Gobierno<\/p>\n<p>Bayrou, que lleva en el cargo apenas nueve meses, insisti\u00f3 en que \u00abel riesgo\u00bb de una nueva crisis pol\u00edtica -tras la vivida en 2024 con la convocatoria de elecciones anticipadas- \u00abes la condici\u00f3n para que los franceses tomen consciencia\u00bb de la gravedad de la situaci\u00f3n.<\/p>\n<p>Se mostr\u00f3 disponible a recibir a \u00abtodos los grupos parlamentarios\u00bb, pero advirti\u00f3 que \u00abno abandonar\u00e1\u00bb el plan de ajuste propuesto en julio, que incluye una congelaci\u00f3n de ciertas prestaciones, recortes en programas sociales y, tal vez la medida m\u00e1s controvertida, la supresi\u00f3n de dos d\u00edas festivos.<\/p>\n<p>El objetivo es iniciar un camino para la reducci\u00f3n del d\u00e9ficit p\u00fablico, que se ha desbocado en los \u00faltimos ejercicios y alcanz\u00f3 el 5,8% del producto interior bruto (PIB) en 2024.<\/p>\n<p>Del 5,4% previsto para este 2025, el Gobierno conf\u00eda en que con las medidas planteadas disminuya al 4,6% del PIB en 2026, en una senda que permitir\u00eda llegar a 2029 con un d\u00e9ficit del 2,8%, por debajo del 3%, que es el tope establecido en el Pacto de Estabilidad y Crecimiento de la Uni\u00f3n Europea. <\/p>\n","protected":false},"excerpt":{"rendered":"Madrid El primer ministro franc\u00e9s, Fran\u00e7ois Bayrou, se someter\u00e1 el pr\u00f3ximo 8 septiembre al aval del Parlamento por&hellip;\n","protected":false},"author":2,"featured_media":72328,"comment_status":"","ping_status":"","sticky":false,"template":"","format":"standard","meta":{"footnotes":""},"categories":[42],"tags":[17,18,28539,13,14,4437,11,61,62,63,64,19,20,9,10,15,16,28540,12,21,22,65,66,67],"class_list":{"0":"post-72327","1":"post","2":"type-post","3":"status-publish","4":"format-standard","5":"has-post-thumbnail","7":"category-internacional","8":"tag-breaking-news","9":"tag-breakingnews","10":"tag-budget","11":"tag-featured-news","12":"tag-featurednews","13":"tag-government","14":"tag-headlines","15":"tag-internacional","16":"tag-international","17":"tag-international-news","18":"tag-internationalnews","19":"tag-latest-news","20":"tag-latestnews","21":"tag-news","22":"tag-noticias","23":"tag-noticias-destacadas","24":"tag-noticiasdestacadas","25":"tag-prime-minister","26":"tag-titulares","27":"tag-ultimas-noticias","28":"tag-ultimasnoticias","29":"tag-world","30":"tag-world-news","31":"tag-worldnews"},"share_on_mastodon":{"url":"","error":""},"_links":{"self":[{"href":"https:\/\/www.europesays.com\/es\/wp-json\/wp\/v2\/posts\/72327","targetHints":{"allow":["GET"]}}],"collection":[{"href":"https:\/\/www.europesays.com\/es\/wp-json\/wp\/v2\/posts"}],"about":[{"href":"https:\/\/www.europesays.com\/es\/wp-json\/wp\/v2\/types\/post"}],"author":[{"embeddable":true,"href":"https:\/\/www.europesays.com\/es\/wp-json\/wp\/v2\/users\/2"}],"replies":[{"embeddable":true,"href":"https:\/\/www.europesays.com\/es\/wp-json\/wp\/v2\/comments?post=72327"}],"version-history":[{"count":0,"href":"https:\/\/www.europesays.com\/es\/wp-json\/wp\/v2\/posts\/72327\/revisions"}],"wp:featuredmedia":[{"embeddable":true,"href":"https:\/\/www.europesays.com\/es\/wp-json\/wp\/v2\/media\/72328"}],"wp:attachment":[{"href":"https:\/\/www.europesays.com\/es\/wp-json\/wp\/v2\/media?parent=72327"}],"wp:term":[{"taxonomy":"category","embeddable":true,"href":"https:\/\/www.europesays.com\/es\/wp-json\/wp\/v2\/categories?post=72327"},{"taxonomy":"post_tag","embeddable":true,"href":"https:\/\/www.europesays.com\/es\/wp-json\/wp\/v2\/tags?post=72327"}],"curies":[{"name":"wp","href":"https:\/\/api.w.org\/{rel}","templated":true}]}}