{"id":72331,"date":"2025-08-26T00:39:20","date_gmt":"2025-08-26T00:39:20","guid":{"rendered":"https:\/\/www.europesays.com\/es\/72331\/"},"modified":"2025-08-26T00:39:20","modified_gmt":"2025-08-26T00:39:20","slug":"el-bidasoa-cae-con-honor-ante-el-limoges","status":"publish","type":"post","link":"https:\/\/www.europesays.com\/es\/72331\/","title":{"rendered":"El Bidasoa cae con honor ante el Limoges"},"content":{"rendered":"<p>El Irudek Bidasoa Irun no fue capaz de vencer al Limoges franc\u00e9s en la final del Torneo Internacional de Egia. El conjunto de Alex Mozas  &#8230; apret\u00f3 en todo momento, pero no pudo revalidar el t\u00edtulo por quinto a\u00f1o consecutivo. Antes del pitido que daba comienzo a la final de la trig\u00e9sima edici\u00f3n del torneo donostiarra, los aleda\u00f1os del polideportivo estaban pintados de color amarillo, ya sea por ni\u00f1os jugando con el bal\u00f3n o cuadrillas buscando alguna bebida en la barra para combatir el calor del pabell\u00f3n. <\/p>\n<p class=\"v-p\">El encuentro empez\u00f3 con mucho ritmo por parte de los dos equipos, lo que demostraba que no era un partido m\u00e1s de pretemporada. En los primeros minutos se vivi\u00f3 un constante ida y vuelta en el que brillaron los porteros, aunque los ocho goles en los primeros cinco minutos hiciesen parecer lo contrario. El ritmo baj\u00f3 y los franceses se pusieron por delante en el marcador.<\/p>\n<p class=\"v-p\">El equipo fronterizo supo reponerse y lograr el empate al cuarto de hora de partido. Sin embargo, la mala fortuna y las individualidades de Yusuf y Monteiro cambiaron el partido y dieron ventaja a los visitantes (17-21).<\/p>\n<p class=\"v-scr__t\">Bidasoa<\/p>\n<p class=\"v-scr__p v-scr__p--3\">Skrzynidrz, Jevtic (1), Xabier (3), Mujika (6), Nevado (6), Nieto (6), Garc\u00eda (6) \u2013siete titular\u2013, Tua (4), Jevtic (1), Gastaminza, Salinas (2), Mielczarski, Valles (1) y D\u00edaz (3).<\/p>\n<p class=\"v-scr__n-c v-scr__n-c--1 \">\n 38\n<\/p>\n<p class=\"v-scr__n-c v-scr__n-c--2\">\n&#8211;\n<\/p>\n<p class=\"v-scr__n-c v-scr__n-c--3 \">\n 39\n<\/p>\n<p class=\"v-scr__t\">Limoges<\/p>\n<p class=\"v-scr__p v-scr__p--3\">Slavic, Garc\u00eda (4), Varela (6),Turchenko (5), Azkue (4), Parisini (3), Ogando (4)\u2013siete inicial\u2013, Yusuf (5), Guillaume (2), Clarac (1), Kevardec (1), Hrstic (2), Lignieres (1) y Ivah.<\/p>\n<ul class=\"v-u\">\n<li class=\"v-u__l\">\n<p class=\"v-p\">\nParciales<br \/>\n4-4, 6-7, 10-10, 11-14, 14-18, 17-21 (descanso); 20-23, 24-26, 27-27, 31-31, 34-35 y 38-39 (final).\n<\/p>\n<\/li>\n<li class=\"v-u__l\">\n<p class=\"v-p\">\n\u00c1rbitro<br \/>\nJes\u00fas Escudero y Jorge Escudero fueron los t\u00e9cnicos del encuentro.\n<\/p>\n<\/li>\n<li class=\"v-u__l\">\n<p class=\"v-p\">\nIncidencias<br \/>\nBuena entrada en el Polideportivo de Egia, con varios cientos de aficionados en las gradas.\n<\/p>\n<\/li>\n<\/ul>\n<p class=\"v-p\">Los galos fueron los primeros en anotar en la reanudaci\u00f3n, sin embargo los amarillos no ten\u00edan intenci\u00f3n de bajar los brazos. Los de \u00c1lex Mozas volvieron con otra mentalidad tras el paso por los vestuarios y se enfocaron en mejorar en defensa. Con esa t\u00e1ctica se pusieron por delante al cuarto de hora de la segunda mitad. Los minutos finales se convirtieron en un toma y daca entre los dos. A falta de 30 segundos el Limoges logr\u00f3 anotar el gol que pondr\u00eda el 38-39 final en el marcador. A pesar de la derrota fue un buen test antes del gran partido del s\u00e1bado en Artaleku ante el ABC Braga en la ida de la ronda clasificatoria para la European League.<\/p>\n<p>Bera Bera gana a Guard\u00e9s<\/p>\n<p class=\"v-p\">El Super Amara se proclam\u00f3 ayer vencedor de la Summer BAG disputada en Villacelama (Le\u00f3n) al superar a Guard\u00e9s por 28-26. Las donostiarras ganaban al descanso por 16-10 pero luego se complicaron la vida. Karsten, con cinco tantos, fue la m\u00e1xima goleadora y Wiggins firm\u00f3 siete paradas.<\/p>\n","protected":false},"excerpt":{"rendered":"El Irudek Bidasoa Irun no fue capaz de vencer al Limoges franc\u00e9s en la final del Torneo Internacional&hellip;\n","protected":false},"author":2,"featured_media":72332,"comment_status":"","ping_status":"","sticky":false,"template":"","format":"standard","meta":{"footnotes":""},"categories":[278],"tags":[1575,376,2645,10722,168,25,24,375,9228,26308,23,167],"class_list":{"0":"post-72331","1":"post","2":"type-post","3":"status-publish","4":"format-standard","5":"has-post-thumbnail","7":"category-balonmano","8":"tag-ante","9":"tag-balonmano","10":"tag-bidasoa","11":"tag-cae","12":"tag-deportes","13":"tag-es","14":"tag-espana","15":"tag-handball","16":"tag-honor","17":"tag-limoges","18":"tag-spain","19":"tag-sports"},"share_on_mastodon":{"url":"","error":""},"_links":{"self":[{"href":"https:\/\/www.europesays.com\/es\/wp-json\/wp\/v2\/posts\/72331","targetHints":{"allow":["GET"]}}],"collection":[{"href":"https:\/\/www.europesays.com\/es\/wp-json\/wp\/v2\/posts"}],"about":[{"href":"https:\/\/www.europesays.com\/es\/wp-json\/wp\/v2\/types\/post"}],"author":[{"embeddable":true,"href":"https:\/\/www.europesays.com\/es\/wp-json\/wp\/v2\/users\/2"}],"replies":[{"embeddable":true,"href":"https:\/\/www.europesays.com\/es\/wp-json\/wp\/v2\/comments?post=72331"}],"version-history":[{"count":0,"href":"https:\/\/www.europesays.com\/es\/wp-json\/wp\/v2\/posts\/72331\/revisions"}],"wp:featuredmedia":[{"embeddable":true,"href":"https:\/\/www.europesays.com\/es\/wp-json\/wp\/v2\/media\/72332"}],"wp:attachment":[{"href":"https:\/\/www.europesays.com\/es\/wp-json\/wp\/v2\/media?parent=72331"}],"wp:term":[{"taxonomy":"category","embeddable":true,"href":"https:\/\/www.europesays.com\/es\/wp-json\/wp\/v2\/categories?post=72331"},{"taxonomy":"post_tag","embeddable":true,"href":"https:\/\/www.europesays.com\/es\/wp-json\/wp\/v2\/tags?post=72331"}],"curies":[{"name":"wp","href":"https:\/\/api.w.org\/{rel}","templated":true}]}}