{"id":723474,"date":"2026-08-21T12:36:20","date_gmt":"2026-08-21T12:36:20","guid":{"rendered":"https:\/\/www.europesays.com\/es\/723474\/"},"modified":"2026-08-21T12:36:20","modified_gmt":"2026-08-21T12:36:20","slug":"las-fotos-mas-divertidas-de-la-luna-de-miel-en-ibiza-de-la-cantante-mel-c-con-chris-dingwall","status":"publish","type":"post","link":"https:\/\/www.europesays.com\/es\/723474\/","title":{"rendered":"Las fotos m\u00e1s divertidas de la luna de miel en Ibiza de la cantante Mel C con Chris Dingwall"},"content":{"rendered":"<p data-journey-content=\"true\" data-node-id=\"3\" class=\"css-1ood0zq emevuu60\"><strong data-node-id=\"3.0\">Mel C y su reci\u00e9n estrenado marido Chris Dingwall han disfrutado de su luna de miel en Ibiza.<\/strong> Fue el pasado 18 de julio cuando la cantante \u2013la exSpice Girl deportista\u2013 y el modelo australiano celebraron su boda por todo lo alto en el norte de Inglaterra. La novia escogi\u00f3 un sencillo y elegante vestido blanco dise\u00f1ado por Victoria Beckham, que precisamente fue la gran ausente del enlace porque se encontraba en Estados Unidos para el Mundial de F\u00fatbol. \u00abVictoria estaba encantada de poder hacer esto por m\u00ed y tenerla a ella y a mi hija Scarlet cerca de m\u00ed en cada paso del proceso de creaci\u00f3n del vestido y durante las pruebas fue muy especial\u00bb, confes\u00f3 Melanie en la entrevista con la revista British Vogue que mostr\u00f3 las im\u00e1genes de su &#8216;s\u00ed, quiero&#8217;. Aunque Victoria fue la gran ausente del enlace, las otras componentes del grupo, Geri Halliwell, Mel B y Emma Bunton, s\u00ed acompa\u00f1aron a Mel C durante la ceremonia. La cantante tuvo una doble boda, ya que se cas\u00f3 por lo civil en Australia el 7 de julio y unos d\u00edas despu\u00e9s, el s\u00e1bado 18, en el Country House Cumbria en Castle Carrock.<\/p>\n<p><img draggable=\"true\" alt=\"mel c con su marido chris dingwall en ibiza de luna de miel\" title=\"Mel C con su marido Chris Dingwall en Ibiza de luna de miel\" loading=\"lazy\" width=\"3000\" height=\"3414\" decoding=\"async\" data-nimg=\"1\" style=\"color:transparent;width:100%;height:auto;\"   src=\"https:\/\/www.europesays.com\/es\/wp-content\/uploads\/2026\/08\/4d18de37-daf9-4519-a4fa-0b71f3bbc34b.jpg\" class=\"css-0 e1ddfba50\"\/><\/p>\n<p>Agencias<\/p>\n<p data-journey-content=\"true\" data-node-id=\"10\" class=\"css-1ood0zq emevuu60\">Para disfrutar de su luna de miel, Mel C y Chris Dingwall eligieron las aguas de Ibiza, un lugar donde tienen asegurado el sol y la buena gastronom\u00eda. Los reci\u00e9n casados no estuvieron solos, sino que se llevaron a unos \u00edntimos amigos y a la hija de Mel C, Scarlett, de 17 a\u00f1os, fruto de su relaci\u00f3n con el promotor inmobiliario Thomas Starr. La historia de amor entre la cantante y el modelo comenz\u00f3 hace tres a\u00f1os, cuando se conocieron gracias a una aplicaci\u00f3n de citas para famosos. Un a\u00f1o despu\u00e9s de su primera cita, oficializaron su relaci\u00f3n y la cantante acaba de incumplir la promesa que hizo a\u00f1os atr\u00e1s, que no pensaba casarse nunca. <\/p>\n<p>Mel C sobre c\u00f3mo conoci\u00f3 a su marido Chris Dingwall: \u00abLa chispa surgi\u00f3 de inmediato\u00bb<\/p>\n<p data-journey-content=\"true\" data-node-id=\"15\" class=\"css-1ood0zq emevuu60\"><strong data-node-id=\"15.0\">\u00abLa chispa surgi\u00f3 de inmediato. Chris tiene una energ\u00eda muy tranquilizadora y ha sido una presencia maravillosa en mi vida y en la de Scarlet,<\/strong> que tiene 17 a\u00f1os. Ella y yo estamos muy unidas, somos un equipo y habr\u00eda sido dif\u00edcil para cualquiera entrar en nuestro mundo, pero \u00e9l encaj\u00f3 a la perfecci\u00f3n\u00bb, cont\u00f3 Melanie antes de su boda con el australiano. La complicidad de la que habla la cantante se ha podido comprobar durante su luna de miel en Ibiza, donde han protagonizado acrobacias marinas y juegos en alta mar.<\/p>\n<p><img draggable=\"true\" alt=\"mel c con su marido chris dingwall en ibiza de luna de miel\" title=\"Mel C con su marido Chris Dingwall en Ibiza de luna de miel\" loading=\"lazy\" width=\"3000\" height=\"3318\" decoding=\"async\" data-nimg=\"1\" style=\"color:transparent;width:100%;height:auto;\"   src=\"https:\/\/www.europesays.com\/es\/wp-content\/uploads\/2026\/08\/34b38ac5-08e4-43c3-8e0f-a6eab14c8c2d.jpg\" class=\"css-0 e1ddfba50\"\/><\/p>\n<p>Agencias<\/p>\n","protected":false},"excerpt":{"rendered":"Mel C y su reci\u00e9n estrenado marido Chris Dingwall han disfrutado de su luna de miel en Ibiza.&hellip;\n","protected":false},"author":2,"featured_media":723475,"comment_status":"","ping_status":"","sticky":false,"template":"","format":"standard","meta":{"footnotes":""},"categories":[174],"tags":[255,253,146,147,25,24,256,12719,23],"class_list":["post-723474","post","type-post","status-publish","format-standard","has-post-thumbnail","category-famosos","tag-celebrities","tag-discover","tag-entertainment","tag-entretenimiento","tag-es","tag-espana","tag-famosos","tag-print","tag-spain"],"share_on_mastodon":{"url":"https:\/\/pubeurope.com\/@es\/117133533984648558","error":""},"_links":{"self":[{"href":"https:\/\/www.europesays.com\/es\/wp-json\/wp\/v2\/posts\/723474","targetHints":{"allow":["GET"]}}],"collection":[{"href":"https:\/\/www.europesays.com\/es\/wp-json\/wp\/v2\/posts"}],"about":[{"href":"https:\/\/www.europesays.com\/es\/wp-json\/wp\/v2\/types\/post"}],"author":[{"embeddable":true,"href":"https:\/\/www.europesays.com\/es\/wp-json\/wp\/v2\/users\/2"}],"replies":[{"embeddable":true,"href":"https:\/\/www.europesays.com\/es\/wp-json\/wp\/v2\/comments?post=723474"}],"version-history":[{"count":0,"href":"https:\/\/www.europesays.com\/es\/wp-json\/wp\/v2\/posts\/723474\/revisions"}],"wp:featuredmedia":[{"embeddable":true,"href":"https:\/\/www.europesays.com\/es\/wp-json\/wp\/v2\/media\/723475"}],"wp:attachment":[{"href":"https:\/\/www.europesays.com\/es\/wp-json\/wp\/v2\/media?parent=723474"}],"wp:term":[{"taxonomy":"category","embeddable":true,"href":"https:\/\/www.europesays.com\/es\/wp-json\/wp\/v2\/categories?post=723474"},{"taxonomy":"post_tag","embeddable":true,"href":"https:\/\/www.europesays.com\/es\/wp-json\/wp\/v2\/tags?post=723474"}],"curies":[{"name":"wp","href":"https:\/\/api.w.org\/{rel}","templated":true}]}}