{"id":723645,"date":"2026-08-21T14:37:18","date_gmt":"2026-08-21T14:37:18","guid":{"rendered":"https:\/\/www.europesays.com\/es\/723645\/"},"modified":"2026-08-21T14:37:18","modified_gmt":"2026-08-21T14:37:18","slug":"los-premios-mtv-vmas-2026-eliminan-la-categoria-de-rock-por-primera-vez-en-casi-40-anos","status":"publish","type":"post","link":"https:\/\/www.europesays.com\/es\/723645\/","title":{"rendered":"Los premios MTV VMAs 2026 eliminan la categor\u00eda de rock por primera vez en casi 40 a\u00f1os"},"content":{"rendered":"\n<p id=\"p-1787316751233-38325\">Los <strong>MTV Video Music Awards (VMAs) <\/strong>eliminaron la categor\u00eda dedicada al rock despu\u00e9s de 37 a\u00f1os.<\/p>\n<p id=\"p-1787316805422-2396\">Esta categor\u00eda no est\u00e1 incluida en la pr\u00f3xima edici\u00f3n de los premios de 2026, cuyas nominaciones se anunciaron el mi\u00e9rcoles 19 de agosto. La misma fue sustituida por una denominada \u00abMejor Alternativa\u00bb, que este a\u00f1o incluye menciones a <strong>Geese, Tame Impala, Olivia Rodrigo, Sombr, Noah Kahan<\/strong> y otros.<\/p>\n<p id=\"p-1787316805422-46694\"> La m\u00fasica rock fue reconocida por primera vez en los MTV Video Music Awards en 1989, cuando se introdujo la categor\u00eda de <strong>\u00abMejor video de heavy metal\u00bb<\/strong>. Posteriormente, evolucion\u00f3 a <strong>\u00abMejor video de metal\/hard rock\u00bb<\/strong> y <strong>\u00abMejor video de hard rock\u00bb <\/strong>antes de convertirse oficialmente en <strong>\u00abMejor video de rock\u00bb <\/strong>en 1997, y evolucionar a simplemente <strong>\u00abMejor rock\u00bb <\/strong>en los \u00faltimos a\u00f1os.<\/p>\n<p id=\"p-1787316904500-88976\">Este cambio se produce apenas un a\u00f1o despu\u00e9s de que los MTV Video Music Awards rindieran homenaje al fallecido <strong>Ozzy Osbourne<\/strong> con un tributo musical a cargo de <strong>Yungblud <\/strong>y <strong>Steven Tyler <\/strong>y <strong>Joe Perry<\/strong> de <strong>Aerosmith<\/strong>.<\/p>\n<p id=\"p-1787316929161-72593\">La ceremonia de este a\u00f1o tendr\u00e1 lugar en el Peacock Theater de Los \u00c1ngeles, California, el domingo 27 de septiembre. Se transmitir\u00e1 en directo simult\u00e1neamente por CBS, MTV y Paramount+.<\/p>\n<p>  Principales nominados a los MTV VMAs 2026 <\/p>\n<p id=\"p-1787316929161-30337\"><strong>Madonna<\/strong> encabeza la lista con 11 nominaciones, incluyendo la de Video del A\u00f1o por el videoclip repleto de estrellas <strong>Confessions II \u2013 The Film <\/strong>que acompa\u00f1\u00f3 a su aclamado \u00faltimo \u00e1lbum de estudio .<\/p>\n<p id=\"p-1787316929161-51346\">Madonna tambi\u00e9n opta al premio a Artista del A\u00f1o, as\u00ed como al de Canci\u00f3n del A\u00f1o por su sencillo \u00abBring Your Love\u00bb, de su \u00e1lbum \u00abConfessions II\u00bb, junto a <strong> Sabrina Carpenter<\/strong>. El tema conjunto tambi\u00e9n est\u00e1 nominado a Mejor Colaboraci\u00f3n.<\/p>\n<p id=\"p-1787316929161-33765\">Confessions II \u2013 The Film completa las nominaciones de la estrella al figurar en las siguientes categor\u00edas: Mejor baile, Mejor direcci\u00f3n, Mejor direcci\u00f3n art\u00edstica, Mejor fotograf\u00eda, Mejor edici\u00f3n, Mejor coreograf\u00eda y Mejores efectos visuales.<\/p>\n<p id=\"p-1787316929161-21472\"><strong>Taylor Swift <\/strong>le sigue con nueve nominaciones, incluyendo Artista del A\u00f1o y Video del A\u00f1o por \u00abThe Fate Of Ophelia\u00bb. El sencillo est\u00e1 nominado a numerosos premios, mientras que el video de \u00abOpalite\u00bb compite por Mejor Direcci\u00f3n.<\/p>\n<p id=\"p-1787317041317-34929\">Otros artistas nominados a Artista del A\u00f1o son<strong> Ariana Grande<\/strong>, <strong>Bruno Mars<\/strong> y <strong>Sabrina Carpenter<\/strong>. La categor\u00eda Canci\u00f3n del A\u00f1o tambi\u00e9n incluye a <strong>BTS<\/strong> (\u00abSwim\u00bb), <strong>Olivia Dean<\/strong> (\u00abMan I Need\u00bb), <strong>Raye<\/strong> (\u00abWhere Is My Husband!\u00bb) y m\u00e1s.<\/p>\n<p id=\"p-1787317041318-60552\">Por otra parte, <strong>Harry Styles<\/strong> sumo una nominaci\u00f3n en la lista de Mejores Canciones de Baile por su sencillo \u00abAperture\u00bb. <strong>Charli XCX <\/strong>opta a dos premios: Mejor Canci\u00f3n Pop y Mejor Direcci\u00f3n Art\u00edstica, con \u00abSS26\u00bb.<\/p>\n","protected":false},"excerpt":{"rendered":"Los MTV Video Music Awards (VMAs) eliminaron la categor\u00eda dedicada al rock despu\u00e9s de 37 a\u00f1os. Esta categor\u00eda&hellip;\n","protected":false},"author":2,"featured_media":723646,"comment_status":"","ping_status":"","sticky":false,"template":"","format":"standard","meta":{"footnotes":""},"categories":[170],"tags":[146,147,25,24,184,185,1273,23,2338],"class_list":["post-723645","post","type-post","status-publish","format-standard","has-post-thumbnail","category-musica","tag-entertainment","tag-entretenimiento","tag-es","tag-espana","tag-music","tag-musica","tag-rock","tag-spain","tag-video"],"share_on_mastodon":{"url":"https:\/\/pubeurope.com\/@es\/117134010128802284","error":""},"_links":{"self":[{"href":"https:\/\/www.europesays.com\/es\/wp-json\/wp\/v2\/posts\/723645","targetHints":{"allow":["GET"]}}],"collection":[{"href":"https:\/\/www.europesays.com\/es\/wp-json\/wp\/v2\/posts"}],"about":[{"href":"https:\/\/www.europesays.com\/es\/wp-json\/wp\/v2\/types\/post"}],"author":[{"embeddable":true,"href":"https:\/\/www.europesays.com\/es\/wp-json\/wp\/v2\/users\/2"}],"replies":[{"embeddable":true,"href":"https:\/\/www.europesays.com\/es\/wp-json\/wp\/v2\/comments?post=723645"}],"version-history":[{"count":0,"href":"https:\/\/www.europesays.com\/es\/wp-json\/wp\/v2\/posts\/723645\/revisions"}],"wp:featuredmedia":[{"embeddable":true,"href":"https:\/\/www.europesays.com\/es\/wp-json\/wp\/v2\/media\/723646"}],"wp:attachment":[{"href":"https:\/\/www.europesays.com\/es\/wp-json\/wp\/v2\/media?parent=723645"}],"wp:term":[{"taxonomy":"category","embeddable":true,"href":"https:\/\/www.europesays.com\/es\/wp-json\/wp\/v2\/categories?post=723645"},{"taxonomy":"post_tag","embeddable":true,"href":"https:\/\/www.europesays.com\/es\/wp-json\/wp\/v2\/tags?post=723645"}],"curies":[{"name":"wp","href":"https:\/\/api.w.org\/{rel}","templated":true}]}}