{"id":724010,"date":"2026-08-21T19:02:20","date_gmt":"2026-08-21T19:02:20","guid":{"rendered":"https:\/\/www.europesays.com\/es\/724010\/"},"modified":"2026-08-21T19:02:20","modified_gmt":"2026-08-21T19:02:20","slug":"al-menos-14-muertos-y-decenas-de-heridos-en-un-ataque-ruso-en-kryvyi-rih-la-ciudad-natal-de-zelenski-internacional","status":"publish","type":"post","link":"https:\/\/www.europesays.com\/es\/724010\/","title":{"rendered":"Al menos 14 muertos y decenas de heridos en un ataque ruso en Kryvyi Rih, la ciudad natal de Zelenski | Internacional"},"content":{"rendered":"<p class=\"\">Al menos 14 personas han muerto y m\u00e1s de 120 han resultado heridas en un ataque ruso con drones contra un centro comercial de Kryvyi Rih, la ciudad natal del presidente ucranio, <a href=\"https:\/\/elpais.com\/internacional\/2026-07-21\/zelenski-releva-al-jefe-del-ejercito-en-ucrania-tras-seis-dias-de-protestas.html\" target=\"_self\" rel=\"nofollow noopener\" title=\"https:\/\/elpais.com\/internacional\/2026-07-21\/zelenski-releva-al-jefe-del-ejercito-en-ucrania-tras-seis-dias-de-protestas.html\">Volod\u00edmir Zelenski<\/a>. As\u00ed lo han confirmado las autoridades locales, que temen que el n\u00famero de v\u00edctimas se incremente tras el bombardeo con drones. <\/p>\n<p class=\"\">Ha sido un <a href=\"https:\/\/elpais.com\/internacional\/2025-08-25\/el-doble-impacto-la-tactica-militar-con-la-que-israel-ha-agravado-los-efectos-del-ataque-en-el-hospital-nasser-de-gaza.html\" target=\"_self\" rel=\"nofollow noopener\" title=\"https:\/\/elpais.com\/internacional\/2025-08-25\/el-doble-impacto-la-tactica-militar-con-la-que-israel-ha-agravado-los-efectos-del-ataque-en-el-hospital-nasser-de-gaza.html\">ataque de doble golpe<\/a>. Un primer dron ha impactado en el centro comercial y media hora despu\u00e9s, cuando al lugar ya hab\u00edan acudido m\u00e1s personas y equipos de rescate, un segundo dron ha golpeado la zona, en un intento deliberado de causar m\u00e1s v\u00edctimas. \u201cAtaques como este no son m\u00e1s que atentados terroristas\u201d, ha lamentado Zelenski en la aplicaci\u00f3n de mensajer\u00eda Telegram, que ha calificado la agresi\u00f3n como \u201cabsolutamente c\u00ednica y despreciable\u201d.<\/p>\n<p><img alt=\"\" decoding=\"auto\" class=\"_re lazyload a_m-h\" height=\"276\"  width=\"414\"  src=\"https:\/\/www.europesays.com\/es\/wp-content\/uploads\/2026\/08\/E2SRTSP2P5KHXB5EYIRADA4J6M.jpg\" loading=\"lazy\" fetchpriority=\"low\"\/>Un equipo de bomberos intenta apagar el fuego tras el ataque ruso a un centro comercial en Kryvyi Rih, este viernes.STATE EMERGENCY SERVICE OF UKRAI (via REUTERS)<\/p>\n<p class=\"\">Hay una veintena de ni\u00f1os entre los heridos, ha informado el gobernador regional Oleksandr Hanzha. \u201cHay 29 personas en estado grave, incluyendo a cinco ni\u00f1os\u201d, ha detallado Hanzha en un comunicado. Kryvyi Rih se sit\u00faa en el centro de Ucrania y ten\u00eda unos 600.000 habitantes antes de la invasi\u00f3n a gran escala que lanz\u00f3 Mosc\u00fa en 2022. <\/p>\n<p class=\"\">El ataque se ha producido apenas un d\u00eda despu\u00e9s de que Rusia lanzara una ofensiva con misiles contra la regi\u00f3n de Kiev, la capital del pa\u00eds invadido, <a href=\"https:\/\/elpais.com\/internacional\/2026-08-20\/varios-muertos-y-decenas-de-heridos-en-un-ataque-ruso-contra-kiev.html\" target=\"_self\" rel=\"nofollow noopener\" title=\"https:\/\/elpais.com\/internacional\/2026-08-20\/varios-muertos-y-decenas-de-heridos-en-un-ataque-ruso-contra-kiev.html\">que caus\u00f3 al menos 17 muertos y decenas de heridos<\/a>. El Kremlin ha intensificado en los \u00faltimos d\u00edas sus bombardeos ante la escasez de misiles interceptores en Ucrania, lo que ha mermado sus capacidades de defenderse. \u201cDefinitivamente responderemos\u201d, ha advertido Zelenski.<\/p>\n<p class=\"\">Otro ataque ruso ha matado a cuatro personas en la regi\u00f3n de Mykolaiv, en el sur de Ucrania, seg\u00fan ha informado la cadena de radiodifusi\u00f3n p\u00fablica del pa\u00eds. Las v\u00edctimas han sido tres ni\u00f1os y una mujer. <\/p>\n","protected":false},"excerpt":{"rendered":"Al menos 14 personas han muerto y m\u00e1s de 120 han resultado heridas en un ataque ruso con&hellip;\n","protected":false},"author":2,"featured_media":724011,"comment_status":"","ping_status":"","sticky":false,"template":"","format":"standard","meta":{"footnotes":""},"categories":[42],"tags":[8738,17,18,70,71,72,700,13,14,69,7082,11,61,62,63,64,19,20,9,10,15,16,1613,1614,12,7081,21,22,1617,65,66,67],"class_list":["post-724010","post","type-post","status-publish","format-standard","has-post-thumbnail","category-internacional","tag-ataques-militares","tag-breaking-news","tag-breakingnews","tag-conflictos","tag-conflictos-armados","tag-conflictos-internacionales","tag-europa","tag-featured-news","tag-featurednews","tag-guerra","tag-guerra-de-rusia-en-ucrania","tag-headlines","tag-internacional","tag-international","tag-international-news","tag-internationalnews","tag-latest-news","tag-latestnews","tag-news","tag-noticias","tag-noticias-destacadas","tag-noticiasdestacadas","tag-otan","tag-rusia","tag-titulares","tag-ucrania","tag-ultimas-noticias","tag-ultimasnoticias","tag-union-europea","tag-world","tag-world-news","tag-worldnews"],"share_on_mastodon":{"url":"","error":"Validation failed: Text character limit of 500 exceeded"},"_links":{"self":[{"href":"https:\/\/www.europesays.com\/es\/wp-json\/wp\/v2\/posts\/724010","targetHints":{"allow":["GET"]}}],"collection":[{"href":"https:\/\/www.europesays.com\/es\/wp-json\/wp\/v2\/posts"}],"about":[{"href":"https:\/\/www.europesays.com\/es\/wp-json\/wp\/v2\/types\/post"}],"author":[{"embeddable":true,"href":"https:\/\/www.europesays.com\/es\/wp-json\/wp\/v2\/users\/2"}],"replies":[{"embeddable":true,"href":"https:\/\/www.europesays.com\/es\/wp-json\/wp\/v2\/comments?post=724010"}],"version-history":[{"count":0,"href":"https:\/\/www.europesays.com\/es\/wp-json\/wp\/v2\/posts\/724010\/revisions"}],"wp:featuredmedia":[{"embeddable":true,"href":"https:\/\/www.europesays.com\/es\/wp-json\/wp\/v2\/media\/724011"}],"wp:attachment":[{"href":"https:\/\/www.europesays.com\/es\/wp-json\/wp\/v2\/media?parent=724010"}],"wp:term":[{"taxonomy":"category","embeddable":true,"href":"https:\/\/www.europesays.com\/es\/wp-json\/wp\/v2\/categories?post=724010"},{"taxonomy":"post_tag","embeddable":true,"href":"https:\/\/www.europesays.com\/es\/wp-json\/wp\/v2\/tags?post=724010"}],"curies":[{"name":"wp","href":"https:\/\/api.w.org\/{rel}","templated":true}]}}